{"id":329,"date":"2025-01-30T12:07:12","date_gmt":"2025-01-30T12:07:12","guid":{"rendered":"https:\/\/www.enorsai.com\/noticias\/uncategorized\/democracias-limitadas-el-poder-economico-frente-al-estado-nacion\/"},"modified":"2025-01-31T06:00:19","modified_gmt":"2025-01-31T06:00:19","slug":"democracias-limitadas-el-poder-economico-frente-al-estado-nacion","status":"publish","type":"post","link":"https:\/\/www.enorsai.com\/noticias\/politica\/democracias-limitadas-el-poder-economico-frente-al-estado-nacion\/","title":{"rendered":"Democracias limitadas: El poder econ\u00f3mico frente al estado-naci\u00f3n"},"content":{"rendered":"\n<p>Por: Lic. Alejandro Marc\u00f3 del Pont<\/p>\n<p class=\"has-text-align-right\"><em>Un mundo en funci\u00f3n de intereses privados<\/em><\/p>\n<p class=\"has-text-align-justify\">El concepto de \u00abcapitalismo extremo\u00bb, promovido por sectores radicales del mercado, plantea un modelo donde los territorios desregulados y la reducci\u00f3n del papel del Estado se presentan como panaceas para la innovaci\u00f3n y el crecimiento econ\u00f3mico. Sin embargo, detr\u00e1s de estas propuestas se esconden din\u00e1micas que refuerzan la concentraci\u00f3n de poder econ\u00f3mico y debilitan las bases democr\u00e1ticas.<\/p>\n<p class=\"has-text-align-justify\">En <em>Crack-Up Capitalism<\/em>, el historiador Quinn Slobodian analiza c\u00f3mo el capitalismo global se entrelaza con ideales antidemocr\u00e1ticos promovidos por las \u00e9lites del mercado. Estas \u00e9lites, como las que respaldan al presidente Donald Trump, no buscan la eliminaci\u00f3n de la democracia en su totalidad, sino su neutralizaci\u00f3n en \u00e1reas clave donde la voluntad popular podr\u00eda interferir con los intereses del capital.<\/p>\n<p class=\"has-text-align-justify\">Para los liberales extremos, el verdadero problema de la democracia no es su existencia, sino su capacidad para redistribuir recursos e imponer regulaciones que afecten el libre funcionamiento del mercado. Esta visi\u00f3n plantea una separaci\u00f3n entre las decisiones econ\u00f3micas y los procesos democr\u00e1ticos, creando un entorno donde las instituciones estatales quedan al servicio del mercado.<\/p>\n<p class=\"has-text-align-justify\">Por ejemplo, en lugar de eliminar la democracia, los radicales del mercado prefieren dise\u00f1ar democracias limitadas, en las que las decisiones clave est\u00e9n fuera del alcance popular. En este modelo, el aparato estatal se utiliza para garantizar la propiedad privada, proteger las corporaciones con subsidios y debilitar acuerdos internacionales que limiten la actividad empresarial, como tratados clim\u00e1ticos o normas de competencia global.<\/p>\n<p class=\"has-text-align-justify\">Los mecanismos de debilitamiento del Estado en la fragmentaci\u00f3n del estado es una estrategia central en este modelo. Esto incluye:<\/p>\n<ol start=\"1\" class=\"wp-block-list\">\n<li><strong>Desmantelamiento de la soberan\u00eda estatal:<\/strong> los pol\u00edticos transfieren poder a actores privados o internacionales mediante tratados de libre comercio y mecanismos de arbitraje que permiten a las corporaciones demandar a los Estados.<\/li>\n<li><strong>Reducci\u00f3n de regulaciones:<\/strong> en nombre de la eficiencia, se eliminan protecciones laborales de consumo y ambientales.<\/li>\n<li><strong>Privatizaci\u00f3n de infraestructura clave:<\/strong> servicios b\u00e1sicos se transfieren al control privado, argumentando que mejorar\u00e1 la eficiencia.<\/li>\n<\/ol>\n<p class=\"has-text-align-justify\">El debilitamiento y la desconexi\u00f3n de las instituciones democr\u00e1ticas de las decisiones econ\u00f3micas generan varias consecuencias preocupantes:<\/p>\n<ul class=\"wp-block-list\">\n<li><strong>Aumento de las desigualdades:<\/strong> el poder econ\u00f3mico y pol\u00edtico se concentra en una \u00e9lite reducida, mientras las mayor\u00edas quedan marginadas.<\/li>\n<li><strong>Crisis de gobernabilidad:<\/strong> la fragmentaci\u00f3n estatal limita la capacidad de los gobiernos para responder a desaf\u00edos como la desigualdad o la inestabilidad social.<\/li>\n<li><strong>Depresi\u00f3n democr\u00e1tica:<\/strong> las instituciones democr\u00e1ticas pierden legitimidad al no ofrecer soluciones efectivas a los problemas de la poblaci\u00f3n, alimentando el desencanto ciudadano.<\/li>\n<\/ul>\n<p class=\"has-text-align-justify\">Para poder implementar pol\u00edticas pro-mercado son necesarias dos cosas. Tomar el Estado y desprestigiar la democracia. En nombre de la eficiencia y la austeridad, la escasez de fondos p\u00fablicos se orientar\u00e1 a que el gobierno elimine o reduzca regulaciones que protegen a los trabajadores, al medio ambiente o a los consumidores, para satisfacer las exigencias de las \u00e9lites econ\u00f3micas.<\/p>\n<p class=\"has-text-align-justify\">Se propondr\u00e1n reformas fiscales que promueven recortes de impuestos para las grandes corporaciones y los m\u00e1s ricos, debilitando la capacidad estatal para financiar bienes p\u00fablicos. Transferir infraestructura clave como carreteras, puertos o servicios b\u00e1sicos al control privado, argumentando mejoras a la eficiencia y la escasez de dinero p\u00fablico.<\/p>\n<p class=\"has-text-align-justify\">La fragmentaci\u00f3n del Estado es una estrategia que depende centralmente de la colaboraci\u00f3n de los pol\u00edticos, quienes, consciente o inconscientemente, debilitan las estructuras estatales y democr\u00e1ticas en favor del poder del mercado.<\/p>\n<p class=\"has-text-align-justify\">En su papel de gestores ante las \u00e9lites econ\u00f3micas, los pol\u00edticos act\u00faan como intermediarios que facilitan la implementaci\u00f3n de las demandas de las \u00e9lites radicales del mercado, muchas veces bajo el argumento de atraer inversiones, generar empleo, \u00abmodernizar\u00bb la econom\u00eda o volver m\u00e1s eficiente al Estado. Muchos pol\u00edticos han internalizado los principios neoliberales y ven las pol\u00edticas de desregulaci\u00f3n, privatizaci\u00f3n y fragmentaci\u00f3n del Estado como una carretera hacia el progreso. Camino que en \u00faltimo medio siglo, nunca ha dado resultados.<\/p>\n<p class=\"has-text-align-justify\">El redise\u00f1o del mundo en funci\u00f3n de intereses privados tiene como objetivo final no solo maximizar las ganancias, sino redise\u00f1ar el poder global de manera que los intereses privados dominen sobre los p\u00fablicos. El enfoque del neoliberalismo en fragmentar el poder econ\u00f3mico y redise\u00f1ar el mundo para los intereses de las \u00e9lites constituye una de sus manifestaciones m\u00e1s sofisticadas y peligrosas. La fragmentaci\u00f3n territorial y la desconexi\u00f3n entre la econom\u00eda y la democracia no son, como vimos, fen\u00f3menos accidentales, sino el resultado deliberado de un proyecto que busca maximizar el control de las \u00e9lites sobre los recursos y las decisiones globales.<\/p>\n<p class=\"has-text-align-justify\">La relaci\u00f3n entre el capitalismo extremo y la democracia plantea preguntas urgentes sobre el futuro del Estado-naci\u00f3n y las instituciones democr\u00e1ticas. Si las \u00e9lites econ\u00f3micas contin\u00faan debilitando la capacidad estatal y despojando a las mayor\u00edas de mecanismos efectivos de participaci\u00f3n, \u00bfQu\u00e9 tipo de sociedad estaremos construyendo?<\/p>\n\n","protected":false},"excerpt":{"rendered":"<p>Por: Lic. Alejandro Marc\u00f3 del Pont Un mundo en funci\u00f3n de intereses privados El concepto de \u00abcapitalismo extremo\u00bb, promovido por sectores radicales del mercado, plantea un modelo donde los territorios desregulados y la reducci\u00f3n del papel del Estado se presentan como panaceas para la innovaci\u00f3n y el crecimiento econ\u00f3mico. Sin embargo, detr\u00e1s de estas propuestas&#8230;<\/p>\n","protected":false},"author":1,"featured_media":330,"comment_status":"open","ping_status":"open","sticky":false,"template":"","format":"standard","meta":{"_monsterinsights_skip_tracking":false,"_monsterinsights_sitenote_active":false,"_monsterinsights_sitenote_note":"","_monsterinsights_sitenote_category":0,"footnotes":"","jetpack_publicize_message":"","jetpack_publicize_feature_enabled":true,"jetpack_social_post_already_shared":true,"jetpack_social_options":{"image_generator_settings":{"template":"highway","default_image_id":0,"font":"","enabled":false},"version":2}},"categories":[2],"tags":[],"class_list":["post-329","post","type-post","status-publish","format-standard","has-post-thumbnail","hentry","category-politica"],"jetpack_publicize_connections":[],"_links":{"self":[{"href":"https:\/\/www.enorsai.com\/noticias\/wp-json\/wp\/v2\/posts\/329","targetHints":{"allow":["GET"]}}],"collection":[{"href":"https:\/\/www.enorsai.com\/noticias\/wp-json\/wp\/v2\/posts"}],"about":[{"href":"https:\/\/www.enorsai.com\/noticias\/wp-json\/wp\/v2\/types\/post"}],"author":[{"embeddable":true,"href":"https:\/\/www.enorsai.com\/noticias\/wp-json\/wp\/v2\/users\/1"}],"replies":[{"embeddable":true,"href":"https:\/\/www.enorsai.com\/noticias\/wp-json\/wp\/v2\/comments?post=329"}],"version-history":[{"count":3,"href":"https:\/\/www.enorsai.com\/noticias\/wp-json\/wp\/v2\/posts\/329\/revisions"}],"predecessor-version":[{"id":352,"href":"https:\/\/www.enorsai.com\/noticias\/wp-json\/wp\/v2\/posts\/329\/revisions\/352"}],"wp:featuredmedia":[{"embeddable":true,"href":"https:\/\/www.enorsai.com\/noticias\/wp-json\/wp\/v2\/media\/330"}],"wp:attachment":[{"href":"https:\/\/www.enorsai.com\/noticias\/wp-json\/wp\/v2\/media?parent=329"}],"wp:term":[{"taxonomy":"category","embeddable":true,"href":"https:\/\/www.enorsai.com\/noticias\/wp-json\/wp\/v2\/categories?post=329"},{"taxonomy":"post_tag","embeddable":true,"href":"https:\/\/www.enorsai.com\/noticias\/wp-json\/wp\/v2\/tags?post=329"}],"curies":[{"name":"wp","href":"https:\/\/api.w.org\/{rel}","templated":true}]}}