{"id":3272,"date":"2025-04-10T08:22:53","date_gmt":"2025-04-10T11:22:53","guid":{"rendered":"https:\/\/www.enorsai.com\/noticias\/?p=3272"},"modified":"2025-04-10T08:22:53","modified_gmt":"2025-04-10T11:22:53","slug":"axel-kicillof-definio-al-gobierno-de-javier-milei-parece-un-corso-a-contramano","status":"publish","type":"post","link":"https:\/\/www.enorsai.com\/noticias\/politica\/axel-kicillof-definio-al-gobierno-de-javier-milei-parece-un-corso-a-contramano\/","title":{"rendered":"Axel Kicillof defini\u00f3 al gobierno de Javier Milei: \u201cParece un corso a contramano\u201d"},"content":{"rendered":"\n<p><strong><em>El gobernador bonaerense advirti\u00f3 que mientras todos los pa\u00edses intentan defender la producci\u00f3n propia, el Gobierno nacional \u201csigue bajando aranceles\u201d a las importaciones. \u201cLa industria va camino a la quiebra\u201d dijo.<\/em><\/strong><\/p>\n\n\n\n<p>El gobernador Axel Kicillof cerr\u00f3 este martes el Congreso Nacional de la UOM en Mar del Plata con un fuerte discurso contra las pol\u00edticas de apertura de importaciones de Javier Milei que ponen a la industria nacional \u201ccamino a la quiebra\u201d.<\/p>\n\n\n\n<p>Acompa\u00f1ado por el gremialista Abel Furl\u00e1n, el mandatario bonaerense se expres\u00f3 contra el \u201cendeudamiento, la desindustrializaci\u00f3n y las pol\u00edticas de hambre\u201d.<\/p>\n\n\n\n<p>\u201cMilei parece un corso a contramano, porque estamos en un momento en donde el mundo, ya no s\u00f3lo Trump, sino presidentes de todos los pa\u00edses, est\u00e1n viendo c\u00f3mo defienden la producci\u00f3n propia, c\u00f3mo hacen para que no se le vayan las industrias\u201d explic\u00f3.<\/p>\n\n\n\n<p>Y contrast\u00f3 la actitud de los l\u00edderes mundiales con la posici\u00f3n de Javier Milei: \u201cVemos al gobierno bajando aranceles de electrodom\u00e9sticos, neum\u00e1ticos, bajando, bajando, bajando, y todo el mundo lo est\u00e1 subiendo\u201d compar\u00f3 Kicillof.<\/p>\n\n\n\n<p>\u201cNo s\u00e9 qu\u00e9 tiene en la cabeza, est\u00e1 ciego el tipo, nos est\u00e1 dejando sin fuente de trabajo, nos est\u00e1 dejando sin salario. Es por decisi\u00f3n y es tambi\u00e9n por sectores con los que coordina y a los que representa que se ven favorecidos\u201d explic\u00f3.<\/p>\n\n\n\n<p>\u201cDefender a la Provincia es defender un modelo de pa\u00eds con industria\u201d<\/p>\n\n\n\n<p>En ese marco y tras su exposici\u00f3n, Axel Kicillof realiz\u00f3 un posteo en sus redes en el que llam\u00f3 a \u201cdefender a los trabajadores, los jubilados, la salud, la educaci\u00f3n p\u00fablica y los derechos\u201d dijo.<\/p>\n\n\n\n<p>\u201cTenemos la tarea de organizar y convocar a todos los sectores a profundizar ese rumbo porque defender a la Provincia es defender un modelo de pa\u00eds con industria, soberan\u00eda y desarrollo\u201d agreg\u00f3.<\/p>\n\n\n\n<p>Y afirm\u00f3 que la \u201cunidad del movimiento obrero es la columna vertebral de ese camino para enfrentar a nuestro \u00fanico adversario que es Milei y mostrar que hay una alternativa\u201d remarc\u00f3.<\/p>\n\n\n\n<p>Por Redacci\u00f3n infocielo<\/p>\n","protected":false},"excerpt":{"rendered":"<p>El gobernador bonaerense advirti\u00f3 que mientras todos los pa\u00edses intentan defender la producci\u00f3n propia, el Gobierno nacional \u201csigue bajando aranceles\u201d a las importaciones. \u201cLa industria va camino a la quiebra\u201d dijo. El gobernador Axel Kicillof cerr\u00f3 este martes el Congreso Nacional de la UOM en Mar del Plata con un fuerte discurso contra las pol\u00edticas&#8230;<\/p>\n","protected":false},"author":5,"featured_media":3273,"comment_status":"open","ping_status":"open","sticky":false,"template":"","format":"standard","meta":{"_monsterinsights_skip_tracking":false,"_monsterinsights_sitenote_active":false,"_monsterinsights_sitenote_note":"","_monsterinsights_sitenote_category":0,"footnotes":"","jetpack_publicize_message":"","jetpack_publicize_feature_enabled":true,"jetpack_social_post_already_shared":true,"jetpack_social_options":{"image_generator_settings":{"template":"highway","default_image_id":0,"font":"","enabled":false},"version":2}},"categories":[2],"tags":[43,15,45],"class_list":["post-3272","post","type-post","status-publish","format-standard","has-post-thumbnail","hentry","category-politica","tag-crisis","tag-economia","tag-milei"],"jetpack_publicize_connections":[],"_links":{"self":[{"href":"https:\/\/www.enorsai.com\/noticias\/wp-json\/wp\/v2\/posts\/3272","targetHints":{"allow":["GET"]}}],"collection":[{"href":"https:\/\/www.enorsai.com\/noticias\/wp-json\/wp\/v2\/posts"}],"about":[{"href":"https:\/\/www.enorsai.com\/noticias\/wp-json\/wp\/v2\/types\/post"}],"author":[{"embeddable":true,"href":"https:\/\/www.enorsai.com\/noticias\/wp-json\/wp\/v2\/users\/5"}],"replies":[{"embeddable":true,"href":"https:\/\/www.enorsai.com\/noticias\/wp-json\/wp\/v2\/comments?post=3272"}],"version-history":[{"count":1,"href":"https:\/\/www.enorsai.com\/noticias\/wp-json\/wp\/v2\/posts\/3272\/revisions"}],"predecessor-version":[{"id":3274,"href":"https:\/\/www.enorsai.com\/noticias\/wp-json\/wp\/v2\/posts\/3272\/revisions\/3274"}],"wp:featuredmedia":[{"embeddable":true,"href":"https:\/\/www.enorsai.com\/noticias\/wp-json\/wp\/v2\/media\/3273"}],"wp:attachment":[{"href":"https:\/\/www.enorsai.com\/noticias\/wp-json\/wp\/v2\/media?parent=3272"}],"wp:term":[{"taxonomy":"category","embeddable":true,"href":"https:\/\/www.enorsai.com\/noticias\/wp-json\/wp\/v2\/categories?post=3272"},{"taxonomy":"post_tag","embeddable":true,"href":"https:\/\/www.enorsai.com\/noticias\/wp-json\/wp\/v2\/tags?post=3272"}],"curies":[{"name":"wp","href":"https:\/\/api.w.org\/{rel}","templated":true}]}}