{"id":3214,"date":"2025-04-08T08:08:49","date_gmt":"2025-04-08T11:08:49","guid":{"rendered":"https:\/\/www.enorsai.com\/noticias\/?p=3214"},"modified":"2025-04-08T08:08:49","modified_gmt":"2025-04-08T11:08:49","slug":"el-verdadero-ped-de-buzo-la-imagen-negativa-de-milei-no-para-de-crecer","status":"publish","type":"post","link":"https:\/\/www.enorsai.com\/noticias\/politica\/el-verdadero-ped-de-buzo-la-imagen-negativa-de-milei-no-para-de-crecer\/","title":{"rendered":"El verdadero ped* de buzo: la imagen negativa de Milei no para de crecer"},"content":{"rendered":"\n<p><strong><em>El escenario de polarizaci\u00f3n parece ceder ante una nueva configuraci\u00f3n de fragmentaci\u00f3n del sistema de representaci\u00f3n. El 21% de los encuestados afirma no ser ni oficialista ni opositor, lo que refleja un crecimiento del desencanto y la distancia emocional con la pol\u00edtica tradicional, incluso entre quienes votaron con entusiasmo por una opci\u00f3n disruptiva.<\/em><\/strong><\/p>\n\n\n\n<p>Seg\u00fan un informe de #OpinaArgentina, se confirm\u00f3 algo que ya se ven\u00eda observando en los \u00faltimos dos meses: la imagen de Javier Milei sigue cayendo, mientras figuras del arco opositor, especialmente la de la ex presidenta de la Naci\u00f3n y presidenta del Partido Justicialista, Cristina Fern\u00e1ndez de Kirchner, comienzan a recuperar terreno en la opini\u00f3n p\u00fablica. En abril, la aprobaci\u00f3n del presidente cay\u00f3 al 46%, acumulando una p\u00e9rdida de 8 puntos porcentuales desde febrero, lo que enciende alertas en la Casa Rosada, no solo por la tendencia negativa, sino por su consolidaci\u00f3n.<\/p>\n\n\n\n<p>Cabe se\u00f1alar que el malestar social se intensifica. Un 48% de los encuestados considera que el pa\u00eds est\u00e1 \u201cpeor\u201d que hace un a\u00f1o, mientras que solo un 14% cree que ha mejorado. Este sentimiento pesimista tambi\u00e9n se proyecta hacia el futuro: el mismo porcentaje cree que Argentina estar\u00e1 peor dentro de un a\u00f1o. Esta percepci\u00f3n generalizada de deterioro erosiona la narrativa optimista con la que el gobierno hab\u00eda intentado sostenerse tras sus primeras reformas.<\/p>\n\n\n\n<figure class=\"wp-block-image size-full\"><img loading=\"lazy\" decoding=\"async\" width=\"750\" height=\"744\" src=\"https:\/\/www.enorsai.com\/noticias\/wp-content\/uploads\/2025\/04\/20250408-encuesta.jpg\" alt=\"\" class=\"wp-image-3215\" srcset=\"https:\/\/www.enorsai.com\/noticias\/wp-content\/uploads\/2025\/04\/20250408-encuesta.jpg 750w, https:\/\/www.enorsai.com\/noticias\/wp-content\/uploads\/2025\/04\/20250408-encuesta-300x298.jpg 300w, https:\/\/www.enorsai.com\/noticias\/wp-content\/uploads\/2025\/04\/20250408-encuesta-150x150.jpg 150w\" sizes=\"auto, (max-width: 750px) 100vw, 750px\" \/><\/figure>\n\n\n\n<p>La ca\u00edda de Milei no ocurre en el vac\u00edo. La encuesta tambi\u00e9n muestra un repunte relativo en las opiniones hacia dirigentes opositores. Aunque no se mide expl\u00edcitamente el crecimiento de Cristina Fern\u00e1ndez, el informe sugiere que su figura, junto con otras vinculadas al peronismo, mejora en t\u00e9rminos relativos frente al declive oficialista. Esta recomposici\u00f3n simb\u00f3lica, a\u00fan incipiente, es le\u00edda por analistas como un s\u00edntoma del regreso del \u201cvoto memoria\u201d que opera frente al ajuste.<\/p>\n\n\n\n<p>Uno de los datos m\u00e1s preocupantes para el oficialismo es la p\u00e9rdida de identidad pol\u00edtica entre sus propios votantes. Solo el 37% de los encuestados se reconoce como oficialista, el porcentaje m\u00e1s bajo desde que se inici\u00f3 la serie. Este descenso es particularmente fuerte entre mujeres y sectores populares, donde la ret\u00f3rica de la libertad parece perder tracci\u00f3n frente al deterioro material.<\/p>\n\n\n\n<p>En el \u00c1rea Metropolitana de Buenos Aires (AMBA), regi\u00f3n clave en cualquier elecci\u00f3n nacional, el rechazo a Milei asciende al 59%. Esta cifra rompe el techo del voto duro del presidente y sugiere un riesgo de deslegitimaci\u00f3n pol\u00edtica en el territorio m\u00e1s densamente poblado del pa\u00eds. En contraste, la oposici\u00f3n comienza a articular cr\u00edticas que resuenan m\u00e1s fuerte en el conurbano bonaerense.<\/p>\n\n\n\n<p>El acuerdo con el Fondo Monetario Internacional (FMI) es otro punto de fricci\u00f3n que impacta en el humor social. El 48% tiene una imagen negativa del organismo, y m\u00e1s de la mitad de los encuestados se muestra en desacuerdo con el acuerdo que firm\u00f3 el gobierno. Incluso entre votantes de La Libertad Avanza (LLA) y Juntos por el Cambio, el respaldo al FMI no es un\u00e1nime, lo que revela una grieta dentro del electorado liberal.<\/p>\n\n\n\n<p>REACCI\u00d3N EN LA ROSADA<\/p>\n\n\n\n<p>En este contexto, los estrategas del gobierno eval\u00faan si la ca\u00edda de la imagen presidencial es una curva estacional producto del ajuste, o si se trata de una tendencia estructural. Las encuestas venideras ser\u00e1n clave para dilucidar si Milei logra sostener su n\u00facleo duro o si enfrenta una descomposici\u00f3n de su legitimidad antes de alcanzar logros concretos.<\/p>\n\n\n\n<p>Por Pol\u00edtica Argentina<\/p>\n","protected":false},"excerpt":{"rendered":"<p>El escenario de polarizaci\u00f3n parece ceder ante una nueva configuraci\u00f3n de fragmentaci\u00f3n del sistema de representaci\u00f3n. El 21% de los encuestados afirma no ser ni oficialista ni opositor, lo que refleja un crecimiento del desencanto y la distancia emocional con la pol\u00edtica tradicional, incluso entre quienes votaron con entusiasmo por una opci\u00f3n disruptiva. Seg\u00fan un&#8230;<\/p>\n","protected":false},"author":5,"featured_media":2252,"comment_status":"open","ping_status":"open","sticky":false,"template":"","format":"standard","meta":{"_monsterinsights_skip_tracking":false,"_monsterinsights_sitenote_active":false,"_monsterinsights_sitenote_note":"","_monsterinsights_sitenote_category":0,"footnotes":"","jetpack_publicize_message":"","jetpack_publicize_feature_enabled":true,"jetpack_social_post_already_shared":true,"jetpack_social_options":{"image_generator_settings":{"template":"highway","default_image_id":0,"font":"","enabled":false},"version":2}},"categories":[2],"tags":[93,43,45],"class_list":["post-3214","post","type-post","status-publish","format-standard","has-post-thumbnail","hentry","category-politica","tag-argentina","tag-crisis","tag-milei"],"jetpack_publicize_connections":[],"_links":{"self":[{"href":"https:\/\/www.enorsai.com\/noticias\/wp-json\/wp\/v2\/posts\/3214","targetHints":{"allow":["GET"]}}],"collection":[{"href":"https:\/\/www.enorsai.com\/noticias\/wp-json\/wp\/v2\/posts"}],"about":[{"href":"https:\/\/www.enorsai.com\/noticias\/wp-json\/wp\/v2\/types\/post"}],"author":[{"embeddable":true,"href":"https:\/\/www.enorsai.com\/noticias\/wp-json\/wp\/v2\/users\/5"}],"replies":[{"embeddable":true,"href":"https:\/\/www.enorsai.com\/noticias\/wp-json\/wp\/v2\/comments?post=3214"}],"version-history":[{"count":1,"href":"https:\/\/www.enorsai.com\/noticias\/wp-json\/wp\/v2\/posts\/3214\/revisions"}],"predecessor-version":[{"id":3216,"href":"https:\/\/www.enorsai.com\/noticias\/wp-json\/wp\/v2\/posts\/3214\/revisions\/3216"}],"wp:featuredmedia":[{"embeddable":true,"href":"https:\/\/www.enorsai.com\/noticias\/wp-json\/wp\/v2\/media\/2252"}],"wp:attachment":[{"href":"https:\/\/www.enorsai.com\/noticias\/wp-json\/wp\/v2\/media?parent=3214"}],"wp:term":[{"taxonomy":"category","embeddable":true,"href":"https:\/\/www.enorsai.com\/noticias\/wp-json\/wp\/v2\/categories?post=3214"},{"taxonomy":"post_tag","embeddable":true,"href":"https:\/\/www.enorsai.com\/noticias\/wp-json\/wp\/v2\/tags?post=3214"}],"curies":[{"name":"wp","href":"https:\/\/api.w.org\/{rel}","templated":true}]}}