{"id":3211,"date":"2025-04-08T07:45:52","date_gmt":"2025-04-08T10:45:52","guid":{"rendered":"https:\/\/www.enorsai.com\/noticias\/?p=3211"},"modified":"2025-04-08T07:45:52","modified_gmt":"2025-04-08T10:45:52","slug":"genocidio-planificado-la-denuncia-del-garrahan-que-golpea-de-lleno-al-gobierno-de-milei","status":"publish","type":"post","link":"https:\/\/www.enorsai.com\/noticias\/uncategorized\/genocidio-planificado-la-denuncia-del-garrahan-que-golpea-de-lleno-al-gobierno-de-milei\/","title":{"rendered":"\u00abGenocidio planificado\u00bb: la denuncia del Garrahan que golpea de lleno al gobierno de Milei"},"content":{"rendered":"\n<h2 class=\"wp-block-heading\">Jornada de lucha en el D\u00eda Mundial de la Salud: concentraci\u00f3n frente al Ministerio y anuncio de paro en el Hospital Garrahan<\/h2>\n\n\n\n<p><strong>En un acto cargado de indignaci\u00f3n y compromiso, trabajadores y trabajadoras del Hospital Garrahan denunciaron al gobierno de Javier Milei por llevar adelante un \u00abgenocidio planificado\u00bb. Frente al Ministerio de Salud, reclamaron que la salud p\u00fablica no sea un privilegio, sino un derecho humano garantizado por el Estado.<\/strong><\/p>\n\n\n\n<p>El D\u00eda Mundial de la Salud encontr\u00f3 a la Argentina sumergida en una crisis sanitaria profundizada por el ajuste brutal del gobierno de Javier Milei. En este contexto, la Asociaci\u00f3n de Profesionales y T\u00e9cnicos del Hospital Garrahan (APyT), junto con otras organizaciones sociales, sindicales y del Frente en Defensa de la Salud y la Vida, realizaron una concentraci\u00f3n frente al Ministerio de Salud de la Naci\u00f3n bajo una consigna que suena a grito de resistencia: \u00abQue la salud sea un derecho y no un privilegio\u00bb.<\/p>\n\n\n\n<p>En un encendido discurso, la licenciada Norma Lezana, secretaria general de la APyT, no dud\u00f3 en calificar al actual plan de gobierno como un \u201cgenocidio planificado\u201d. Apunt\u00f3 directamente contra Milei y su ministro de Salud, Mario Lugones, a quien despreci\u00f3 abiertamente: \u00absi se le puede llamar ministro\u00bb.<\/p>\n\n\n\n<p>\u201cHoy queremos decir que la salud es un derecho, est\u00e1 dentro de los derechos internacionales, por lo cual el Estado tiene que garantizar el acceso a la salud de toda la poblaci\u00f3n\u201d, expres\u00f3 Lezana ante la multitud. \u201cY el gobierno de Milei con Lugones est\u00e1 haciendo exactamente lo contrario: violan sistem\u00e1ticamente los derechos humanos de toda nuestra poblaci\u00f3n\u201d, denunci\u00f3.<\/p>\n\n\n\n<p>La concentraci\u00f3n de este 7 de abril fue, para Lezana y sus compa\u00f1eros, apenas un primer paso de una escalada de acciones que se profundizar\u00e1n en los pr\u00f3ximos d\u00edas. Anunciaron un paro en el Hospital Garrahan que comenzar\u00e1 el 9 de abril a las 12 del mediod\u00eda, con un abrazo simb\u00f3lico al hospital, y continuar\u00e1 durante todo el 10 de abril, en adhesi\u00f3n al paro general convocado por las centrales obreras.<\/p>\n\n\n\n<p>El mensaje de Lezana no dej\u00f3 lugar a ambig\u00fcedades. Hizo un llamado urgente a la unidad de todos los sectores sociales: \u201cSabemos que la respuesta es unidad en todas las diferencias en la calle, como fue el 24 de marzo pasado\u201d, record\u00f3, en referencia a la multitudinaria movilizaci\u00f3n por el D\u00eda de la Memoria. Y traz\u00f3 un paralelismo contundente con la situaci\u00f3n en Estados Unidos, donde la resistencia popular logr\u00f3 frenar parte del plan de ajuste impulsado por Donald Trump: \u201cA este Gobierno de ultraderecha no se le gana en las urnas, se le gana en las calles\u201d.<\/p>\n\n\n\n<p>La gravedad de las denuncias fue en aumento a medida que avanzaba su discurso. \u201cNos gobiernan personas que no est\u00e1n en sus cabales\u201d, advirti\u00f3 Lezana, y convoc\u00f3 a repensar el futuro: \u201c\u00bfCu\u00e1ndo ser\u00e1 la hora en que los que sabemos c\u00f3mo funcionan los hospitales, los que sabemos c\u00f3mo funcionan los medios de producci\u00f3n, seamos quienes estemos en el Gobierno?\u201d.<\/p>\n\n\n\n<p>El acto frente al Ministerio de Salud fue una postal dolorosa de un sistema de salud p\u00fablica que se derrumba mientras el oficialismo se aferra a su dogmatismo libertario. \u201cEstamos hoy ac\u00e1 plantando una bandera de lucha, una vez m\u00e1s, en defensa de la salud p\u00fablica y la vida, sabiendo que el plan de Milei, el ultraderechista Milei, es un plan global que ataca todo el sistema p\u00fablico de salud\u201d, insisti\u00f3 Lezana.<\/p>\n\n\n\n<p>La situaci\u00f3n no se limita al Garrahan. Lezana enumer\u00f3 una serie de hospitales atacados por las pol\u00edticas de ajuste: el Hospital Posadas, el Hospital Bonaparte, y otros centros de referencia en salud mental y pediatr\u00eda que padecen el desfinanciamiento \u201cpor goteo\u201d.<\/p>\n\n\n\n<p>Mientras el desmantelamiento avanza y la precarizaci\u00f3n de la salud p\u00fablica se vuelve pol\u00edtica de Estado, ni el presidente Milei ni el ministro Lugones emitieron palabra ante las denuncias. El silencio oficial resulta ensordecedor y confirma, para quienes resisten, que la ofensiva contra los derechos b\u00e1sicos no conoce l\u00edmites.<\/p>\n\n\n\n<p>El conflicto en el Garrahan se da en el marco de una creciente ola de reclamos sociales. A la movilizaci\u00f3n del 7 de abril se sumar\u00e1 el paro general del 10 de abril, al que la APyT adhiere decididamente. No ser\u00e1 una jornada aislada: ya anunciaron que el 9 de abril realizar\u00e1n un abrazo simb\u00f3lico al Garrahan, para luego marchar junto a jubilados y jubiladas al Congreso, en apoyo a su lucha por medicamentos y una vida digna, lucha que viene siendo ferozmente reprimida por las fuerzas de seguridad bajo el mando de Patricia Bullrich, Javier Milei y Jorge Macri.<\/p>\n\n\n\n<p>La resistencia crece en las calles, all\u00ed donde la memoria hist\u00f3rica ense\u00f1a que los derechos no se negocian, se conquistan. Frente a un gobierno decidido a arrasar con todo, las y los trabajadores de la salud plantan cara. Porque no hay democracia posible sin derecho a la salud. Y porque, como grit\u00f3 Lezana, no es exagerado decirlo: lo que est\u00e1 en marcha es un genocidio planificado.<\/p>\n\n\n\n<figure class=\"wp-block-embed is-type-video is-provider-youtube wp-block-embed-youtube wp-embed-aspect-16-9 wp-has-aspect-ratio\"><div class=\"wp-block-embed__wrapper\">\n<iframe loading=\"lazy\" title=\"AHORA 7-04 \u203c\ufe0fGENOCIDIO DE MILEI Y LUGONES EN ARGENTINA, SEG\u00daN EL GARRAHAN, HOY 7 DE ABRIL\u203c\ufe0f\" width=\"640\" height=\"360\" src=\"https:\/\/www.youtube.com\/embed\/O4ezG9pn068?feature=oembed\" frameborder=\"0\" allow=\"accelerometer; autoplay; clipboard-write; encrypted-media; gyroscope; picture-in-picture; web-share\" referrerpolicy=\"strict-origin-when-cross-origin\" allowfullscreen><\/iframe>\n<\/div><\/figure>\n\n\n\n<hr class=\"wp-block-separator has-alpha-channel-opacity\"\/>\n\n\n\n<h3 class=\"wp-block-heading\"><\/h3>\n","protected":false},"excerpt":{"rendered":"<p>Jornada de lucha en el D\u00eda Mundial de la Salud: concentraci\u00f3n frente al Ministerio y anuncio de paro en el Hospital Garrahan En un acto cargado de indignaci\u00f3n y compromiso, trabajadores y trabajadoras del Hospital Garrahan denunciaron al gobierno de Javier Milei por llevar adelante un \u00abgenocidio planificado\u00bb. Frente al Ministerio de Salud, reclamaron que&#8230;<\/p>\n","protected":false},"author":4,"featured_media":3212,"comment_status":"open","ping_status":"open","sticky":false,"template":"","format":"standard","meta":{"_monsterinsights_skip_tracking":false,"_monsterinsights_sitenote_active":false,"_monsterinsights_sitenote_note":"","_monsterinsights_sitenote_category":0,"footnotes":"","jetpack_publicize_message":"","jetpack_publicize_feature_enabled":true,"jetpack_social_post_already_shared":true,"jetpack_social_options":{"image_generator_settings":{"template":"highway","default_image_id":0,"font":"","enabled":false},"version":2}},"categories":[1],"tags":[1243,1244,1240,1242,1241],"class_list":["post-3211","post","type-post","status-publish","format-standard","has-post-thumbnail","hentry","category-uncategorized","tag-ajuste-salud-publica-argentina","tag-dia-mundial-de-la-salud-2025","tag-genocidio-planificado-milei","tag-paro-hospital-garrahan-abril-2025","tag-protesta-garrahan-ministerio-de-salud"],"jetpack_publicize_connections":[],"_links":{"self":[{"href":"https:\/\/www.enorsai.com\/noticias\/wp-json\/wp\/v2\/posts\/3211","targetHints":{"allow":["GET"]}}],"collection":[{"href":"https:\/\/www.enorsai.com\/noticias\/wp-json\/wp\/v2\/posts"}],"about":[{"href":"https:\/\/www.enorsai.com\/noticias\/wp-json\/wp\/v2\/types\/post"}],"author":[{"embeddable":true,"href":"https:\/\/www.enorsai.com\/noticias\/wp-json\/wp\/v2\/users\/4"}],"replies":[{"embeddable":true,"href":"https:\/\/www.enorsai.com\/noticias\/wp-json\/wp\/v2\/comments?post=3211"}],"version-history":[{"count":1,"href":"https:\/\/www.enorsai.com\/noticias\/wp-json\/wp\/v2\/posts\/3211\/revisions"}],"predecessor-version":[{"id":3213,"href":"https:\/\/www.enorsai.com\/noticias\/wp-json\/wp\/v2\/posts\/3211\/revisions\/3213"}],"wp:featuredmedia":[{"embeddable":true,"href":"https:\/\/www.enorsai.com\/noticias\/wp-json\/wp\/v2\/media\/3212"}],"wp:attachment":[{"href":"https:\/\/www.enorsai.com\/noticias\/wp-json\/wp\/v2\/media?parent=3211"}],"wp:term":[{"taxonomy":"category","embeddable":true,"href":"https:\/\/www.enorsai.com\/noticias\/wp-json\/wp\/v2\/categories?post=3211"},{"taxonomy":"post_tag","embeddable":true,"href":"https:\/\/www.enorsai.com\/noticias\/wp-json\/wp\/v2\/tags?post=3211"}],"curies":[{"name":"wp","href":"https:\/\/api.w.org\/{rel}","templated":true}]}}