{"id":3208,"date":"2025-04-08T07:36:11","date_gmt":"2025-04-08T10:36:11","guid":{"rendered":"https:\/\/www.enorsai.com\/noticias\/?p=3208"},"modified":"2025-04-08T07:36:11","modified_gmt":"2025-04-08T10:36:11","slug":"el-sindicato-de-la-alimentacion-voto-movilizar-y-parar-el-jueves-contra-el-ajuste-de-milei","status":"publish","type":"post","link":"https:\/\/www.enorsai.com\/noticias\/politica\/el-sindicato-de-la-alimentacion-voto-movilizar-y-parar-el-jueves-contra-el-ajuste-de-milei\/","title":{"rendered":"El Sindicato de la Alimentaci\u00f3n vot\u00f3 movilizar y parar el jueves contra el ajuste de Milei"},"content":{"rendered":"\n<p>El plenario de delegados y activistas del Sindicato Trabajadores de Industrias de la Alimentaci\u00f3n (STIA- Filial Bs As), que convoc\u00f3 el Consejo Directivo que preside el secretario general Rodolfo Daer, vot\u00f3 hoy participar \u201cmasivamente\u201d del paro nacional convocado por la CGT para el jueves 10 de abril. La decisi\u00f3n fue votada en una asamblea que incluy\u00f3 a delegados e integrantes de comisiones internas en representaci\u00f3n de m\u00e1s de 5.000 trabajadores de la industria de la alimentaci\u00f3n de Capital Federal y Gran Buenos Aires. Adem\u00e1s, confirmaron su participaci\u00f3n a la movilizaci\u00f3n de jubilados que se realizar\u00e1 el mi\u00e9rcoles frente al Congreso de la Naci\u00f3n.<\/p>\n\n\n\n<p>\u201cEste gobierno fascista es un gobierno represor y estafador que no habla de trabajo, no habla de producci\u00f3n. S\u00f3lo apuesta a la timba financiera que lamentablemente no nos va a dejar una Argentina, porque as\u00ed se va a caer a pedazos. Ni nosotros nos imaginamos la magnitud del problema que va a generar este gobierno\u201d, dijo el dirigente gremial Jorge Penayo, integrante de la Comisi\u00f3n Interna de Mondelez-Pacheco.<\/p>\n\n\n\n<p>Penayo indic\u00f3 que \u201clos empresarios se aprovechan de la situaci\u00f3n porque todos quieren subirse al barco de Milei para poder achicar, ajustar, despedir y no pagar\u201d y convoc\u00f3 a la unidad obrera: \u201cTendremos discusiones entre nosotros, tendremos nuestra diferencia, pero hoy el enemigo, fundamentalmente, son el gobierno y las grandes patronales\u201d.<br>Areng\u00f3: \u00abTenemos que garantizar el paro compa\u00f1eros, sector por sector y en cada uno de los comedores, porque esa es la \u00fanica garant\u00eda que tenemos los trabajadores en este momento\u00bb.<\/p>\n\n\n\n<p>El plenario que se desarroll\u00f3 esta tarde reuni\u00f3 a 321 trabajadores: 43 congresales titulares, 31 congresales suplentes, 61 miembros de comisi\u00f3n interna y 185 invitados, que en conjunto representaban a los m\u00e1s de 5.000 trabajadores del sector en Capital Federal y Gran Buenos Aires<\/p>\n","protected":false},"excerpt":{"rendered":"<p>El plenario de delegados y activistas del Sindicato Trabajadores de Industrias de la Alimentaci\u00f3n (STIA- Filial Bs As), que convoc\u00f3 el Consejo Directivo que preside el secretario general Rodolfo Daer, vot\u00f3 hoy participar \u201cmasivamente\u201d del paro nacional convocado por la CGT para el jueves 10 de abril. La decisi\u00f3n fue votada en una asamblea que&#8230;<\/p>\n","protected":false},"author":4,"featured_media":3209,"comment_status":"open","ping_status":"open","sticky":false,"template":"","format":"standard","meta":{"_monsterinsights_skip_tracking":false,"_monsterinsights_sitenote_active":false,"_monsterinsights_sitenote_note":"","_monsterinsights_sitenote_category":0,"footnotes":"","jetpack_publicize_message":"","jetpack_publicize_feature_enabled":true,"jetpack_social_post_already_shared":true,"jetpack_social_options":{"image_generator_settings":{"template":"highway","default_image_id":0,"font":"","enabled":false},"version":2}},"categories":[3,2],"tags":[58,93,43,15,232,45,546,1239,292,1175],"class_list":["post-3208","post","type-post","status-publish","format-standard","has-post-thumbnail","hentry","category-economia","category-politica","tag-ajuste","tag-argentina","tag-crisis","tag-economia","tag-estafa","tag-milei","tag-paro","tag-sindicato-de-la-alimentacion","tag-trabajadores","tag-trabajo-argentina"],"jetpack_publicize_connections":[],"_links":{"self":[{"href":"https:\/\/www.enorsai.com\/noticias\/wp-json\/wp\/v2\/posts\/3208","targetHints":{"allow":["GET"]}}],"collection":[{"href":"https:\/\/www.enorsai.com\/noticias\/wp-json\/wp\/v2\/posts"}],"about":[{"href":"https:\/\/www.enorsai.com\/noticias\/wp-json\/wp\/v2\/types\/post"}],"author":[{"embeddable":true,"href":"https:\/\/www.enorsai.com\/noticias\/wp-json\/wp\/v2\/users\/4"}],"replies":[{"embeddable":true,"href":"https:\/\/www.enorsai.com\/noticias\/wp-json\/wp\/v2\/comments?post=3208"}],"version-history":[{"count":1,"href":"https:\/\/www.enorsai.com\/noticias\/wp-json\/wp\/v2\/posts\/3208\/revisions"}],"predecessor-version":[{"id":3210,"href":"https:\/\/www.enorsai.com\/noticias\/wp-json\/wp\/v2\/posts\/3208\/revisions\/3210"}],"wp:featuredmedia":[{"embeddable":true,"href":"https:\/\/www.enorsai.com\/noticias\/wp-json\/wp\/v2\/media\/3209"}],"wp:attachment":[{"href":"https:\/\/www.enorsai.com\/noticias\/wp-json\/wp\/v2\/media?parent=3208"}],"wp:term":[{"taxonomy":"category","embeddable":true,"href":"https:\/\/www.enorsai.com\/noticias\/wp-json\/wp\/v2\/categories?post=3208"},{"taxonomy":"post_tag","embeddable":true,"href":"https:\/\/www.enorsai.com\/noticias\/wp-json\/wp\/v2\/tags?post=3208"}],"curies":[{"name":"wp","href":"https:\/\/api.w.org\/{rel}","templated":true}]}}