{"id":3162,"date":"2025-04-07T10:50:33","date_gmt":"2025-04-07T13:50:33","guid":{"rendered":"http:\/\/www.enorsai.com\/noticias\/?p=3162"},"modified":"2025-04-07T10:50:34","modified_gmt":"2025-04-07T13:50:34","slug":"el-lunes-negro-de-las-acciones-argentinas-en-wall-street-un-reflejo-de-la-crisis-economica-bajo-el-gobierno-de-javier-milei","status":"publish","type":"post","link":"https:\/\/www.enorsai.com\/noticias\/economia\/el-lunes-negro-de-las-acciones-argentinas-en-wall-street-un-reflejo-de-la-crisis-economica-bajo-el-gobierno-de-javier-milei\/","title":{"rendered":"El \u00ablunes negro\u00bb de las acciones argentinas en Wall Street: un reflejo de la crisis econ\u00f3mica bajo el gobierno de Javier Milei\u200b"},"content":{"rendered":"\n<p>Las acciones argentinas que cotizan en Wall Street sufren desplomes hist\u00f3ricos, evidenciando la fragilidad econ\u00f3mica y la falta de estrategias efectivas del gobierno de Milei ante un contexto internacional adverso.\u200b<\/p>\n\n\n\n<p>En una jornada marcada por la incertidumbre global, los ADRs argentinos registran ca\u00eddas significativas en el premarket de Nueva York. Mientras tanto, la administraci\u00f3n de Javier Milei parece carecer de respuestas concretas para enfrentar la crisis, exponiendo al pa\u00eds a mayores vulnerabilidades en el mercado internacional.\u200b<a href=\"https:\/\/www.clarin.com\/economia\/previo-apertura-mercado-acciones-argentinas-wall-street-deuda-dolares-suman-derrumbe-global_0_jdx7lDd79i.html?srsltid=AfmBOoqe6rARqiiFjTuObt8DS3QGcqqYH4deK7PxnM86fn8RucTN7VWJ&amp;utm_source=chatgpt.com\" target=\"_blank\" rel=\"noreferrer noopener\">Clarin.com<\/a><\/p>\n\n\n\n<p>La econom\u00eda argentina se encuentra nuevamente en el ojo de la tormenta. Este lunes, las acciones de empresas nacionales que cotizan en Wall Street, conocidas como ADRs, experimentaron desplomes alarmantes en el premarket, reflejando no solo la volatilidad de los mercados internacionales, sino tambi\u00e9n la endeble estructura econ\u00f3mica interna y la falta de direcci\u00f3n del gobierno de Javier Milei.\u200b<\/p>\n\n\n\n<div class=\"wp-block-jetpack-related-posts\"><\/div>\n\n\n\n<p>Central Puerto lider\u00f3 las p\u00e9rdidas con una ca\u00edda del 18%, situ\u00e1ndose en 8,20 d\u00f3lares por acci\u00f3n. Pampa Energ\u00eda no se qued\u00f3 atr\u00e1s, registrando una baja del 12,51% hasta los 60 d\u00f3lares. YPF, la emblem\u00e1tica petrolera estatal, continu\u00f3 su tendencia descendente al retroceder casi un 7%, despu\u00e9s de haber cerrado el viernes en 30 d\u00f3lares. Estas cifras no son meros n\u00fameros; son el reflejo de una econom\u00eda que se desmorona mientras el gobierno observa impasible.\u200b<\/p>\n\n\n\n<p>El sector bancario tambi\u00e9n mostr\u00f3 signos de debilidad. BBVA Argentina vio c\u00f3mo sus acciones ca\u00edan un 5,63%, pasando de 15,80 a 14,91 d\u00f3lares. Banco Macro no fue la excepci\u00f3n, con una disminuci\u00f3n del 4,13%. Estos descensos evidencian la falta de confianza de los inversores en las instituciones financieras del pa\u00eds, una desconfianza alimentada por pol\u00edticas gubernamentales err\u00e1ticas y una ausencia de liderazgo econ\u00f3mico.\u200b<\/p>\n\n\n\n<p>Este desplome de los ADRs argentinos se enmarca en un contexto global de alta volatilidad. Las bolsas asi\u00e1ticas y europeas tambi\u00e9n sufrieron ca\u00eddas significativas, impulsadas por las tensiones comerciales entre Estados Unidos y China. Sin embargo, mientras otras naciones implementan estrategias para mitigar el impacto, Argentina parece navegar a la deriva, sin un plan claro para enfrentar la tormenta econ\u00f3mica.\u200b<\/p>\n\n\n\n<p>El presidente Javier Milei, en su af\u00e1n por desmantelar el Estado y promover una ideolog\u00eda de mercado extremo, ha dejado al pa\u00eds sin herramientas para protegerse en momentos de crisis. La eliminaci\u00f3n de regulaciones y la apertura indiscriminada de la econom\u00eda han expuesto a las empresas nacionales a la voracidad de los mercados internacionales, sin ning\u00fan tipo de salvaguarda.\u200b<\/p>\n\n\n\n<p>La situaci\u00f3n se agrava al considerar la posici\u00f3n de Argentina en las negociaciones con el Fondo Monetario Internacional (FMI). La demora en alcanzar un acuerdo ha puesto al peso argentino bajo una presi\u00f3n insoportable, llevando al Banco Central a vender 730 millones de d\u00f3lares de sus reservas en un intento desesperado por sostener la moneda. Sin embargo, estas medidas paliativas no abordan las causas profundas de la crisis, que radican en la falta de una pol\u00edtica econ\u00f3mica coherente y en la negligencia del gobierno de Milei.\u200b<\/p>\n\n\n\n\n\n<p>Es imperativo cuestionar las decisiones de una administraci\u00f3n que, en lugar de fortalecer la econom\u00eda nacional, parece empe\u00f1ada en desmantelarla. La ausencia de una estrategia clara para enfrentar los desaf\u00edos globales y la dependencia de soluciones externas, como los pr\u00e9stamos del FMI, solo profundizan la crisis y aumentan la vulnerabilidad del pa\u00eds.\u200b<\/p>\n\n\n\n<p>Mientras tanto, la poblaci\u00f3n argentina es la que sufre las consecuencias de estas pol\u00edticas fallidas. La inflaci\u00f3n descontrolada, el aumento de la pobreza y la p\u00e9rdida de poder adquisitivo son realidades que el gobierno de Milei parece ignorar. La desconexi\u00f3n entre las decisiones gubernamentales y las necesidades del pueblo es cada vez m\u00e1s evidente y preocupante.\u200b<\/p>\n\n\n\n<p>En conclusi\u00f3n, el desplome de las acciones argentinas en Wall Street es un s\u00edntoma de una enfermedad m\u00e1s profunda: la incompetencia y negligencia de un gobierno que ha abandonado su responsabilidad de proteger y promover el bienestar econ\u00f3mico de su pueblo. Es hora de que Javier Milei y su administraci\u00f3n rindan cuentas por sus acciones y reconsideren el rumbo antes de que el pa\u00eds caiga en un abismo del cual ser\u00e1 dif\u00edcil salir.\u200b<\/p>\n\n\n\n<p>Fuente:<\/p>\n\n\n\n<ul class=\"wp-block-list\">\n<li><a href=\"https:\/\/www.infobae.com\/economia\/2025\/04\/07\/las-acciones-argentinas-que-cotizan-en-wall-street-se-suman-al-derrumbe-global-antes-de-la-apertura-del-mercado\/\">https:\/\/www.infobae.com\/economia\/2025\/04\/07\/las-acciones-argentinas-que-cotizan-en-wall-street-se-suman-al-derrumbe-global-antes-de-la-apertura-del-mercado\/<\/a><\/li>\n<\/ul>\n","protected":false},"excerpt":{"rendered":"<p>Las acciones argentinas en Wall Street sufrieron fuertes ca\u00eddas en un contexto de crisis global, pero con una econom\u00eda local desprotegida. La falta de un plan econ\u00f3mico s\u00f3lido por parte del gobierno de Javier Milei agudiza la vulnerabilidad financiera del pa\u00eds frente a las turbulencias externas.<\/p>\n","protected":false},"author":1,"featured_media":3164,"comment_status":"open","ping_status":"open","sticky":false,"template":"","format":"standard","meta":{"_monsterinsights_skip_tracking":false,"_monsterinsights_sitenote_active":false,"_monsterinsights_sitenote_note":"","_monsterinsights_sitenote_category":0,"footnotes":"","jetpack_publicize_message":"El \"lunes negro\" de las acciones argentinas en Wall Street: un reflejo de la crisis econ\u00f3mica bajo el gobierno de Javier Milei\u200b","jetpack_publicize_feature_enabled":true,"jetpack_social_post_already_shared":false,"jetpack_social_options":{"image_generator_settings":{"template":"highway","enabled":false},"version":2}},"categories":[3],"tags":[1224,93,43,26,15,28,201,45,101,1223],"class_list":["post-3162","post","type-post","status-publish","format-standard","has-post-thumbnail","hentry","category-economia","tag-acciones","tag-argentina","tag-crisis","tag-deuda","tag-economia","tag-finanzas","tag-mercados","tag-milei","tag-recesion","tag-wallstreet"],"jetpack_publicize_connections":[],"_links":{"self":[{"href":"https:\/\/www.enorsai.com\/noticias\/wp-json\/wp\/v2\/posts\/3162","targetHints":{"allow":["GET"]}}],"collection":[{"href":"https:\/\/www.enorsai.com\/noticias\/wp-json\/wp\/v2\/posts"}],"about":[{"href":"https:\/\/www.enorsai.com\/noticias\/wp-json\/wp\/v2\/types\/post"}],"author":[{"embeddable":true,"href":"https:\/\/www.enorsai.com\/noticias\/wp-json\/wp\/v2\/users\/1"}],"replies":[{"embeddable":true,"href":"https:\/\/www.enorsai.com\/noticias\/wp-json\/wp\/v2\/comments?post=3162"}],"version-history":[{"count":1,"href":"https:\/\/www.enorsai.com\/noticias\/wp-json\/wp\/v2\/posts\/3162\/revisions"}],"predecessor-version":[{"id":3165,"href":"https:\/\/www.enorsai.com\/noticias\/wp-json\/wp\/v2\/posts\/3162\/revisions\/3165"}],"wp:featuredmedia":[{"embeddable":true,"href":"https:\/\/www.enorsai.com\/noticias\/wp-json\/wp\/v2\/media\/3164"}],"wp:attachment":[{"href":"https:\/\/www.enorsai.com\/noticias\/wp-json\/wp\/v2\/media?parent=3162"}],"wp:term":[{"taxonomy":"category","embeddable":true,"href":"https:\/\/www.enorsai.com\/noticias\/wp-json\/wp\/v2\/categories?post=3162"},{"taxonomy":"post_tag","embeddable":true,"href":"https:\/\/www.enorsai.com\/noticias\/wp-json\/wp\/v2\/tags?post=3162"}],"curies":[{"name":"wp","href":"https:\/\/api.w.org\/{rel}","templated":true}]}}