{"id":3153,"date":"2025-04-07T07:51:17","date_gmt":"2025-04-07T10:51:17","guid":{"rendered":"https:\/\/www.enorsai.com\/noticias\/?p=3153"},"modified":"2025-04-07T07:51:17","modified_gmt":"2025-04-07T10:51:17","slug":"masivas-marchas-en-ee-uu-en-contra-de-la-violencia-de-trump-y-elon-musk","status":"publish","type":"post","link":"https:\/\/www.enorsai.com\/noticias\/mundo\/masivas-marchas-en-ee-uu-en-contra-de-la-violencia-de-trump-y-elon-musk\/","title":{"rendered":"Masivas marchas en EE.UU. en contra de la violencia de Trump y Elon Musk"},"content":{"rendered":"\n<p><strong><em>Miles de personas se manifestaron el s\u00e1bado 5 de abril en Washington como parte de unas 1.200 movilizaciones en todo Estados Unidos y en otras partes del mundo, en lo que los organizadores catalogaron como el mayor d\u00eda de protestas contra el presidente Donald Trump y su asesor Elon Musk. Los manifestantes rechazan las reformas radicales y los recortes del Gobierno.<\/em><\/strong><\/p>\n\n\n\n<p>Miles de personas participaron este s\u00e1bado en protestas convocadas en un millar de ciudades y municipios de Estados Unidos, como Washington y Nueva York, en contra de los recortes y otras pol\u00edticas del presidente, Donald Trump, a quien califican de autoritario. Fueron sobre todo en feudos dem\u00f3cratas. La protesta, dirigida especialmente contra Trump y su mano derecha, el magnate Elon Musk, ide\u00f3logo del recorte masivo del Gobierno, fue la primera gran manifestaci\u00f3n desde que el l\u00edder republicano regres\u00f3 a la Casa Blanca el 20 de enero.<\/p>\n\n\n\n<p>Los organizadores de las manifestaciones agrupadas bajo el eslogan \u2018Hands Off!\u2019 (\u00a1Manos fuera!) impulsaron esta jornada de protestas contra el presidente Donald Trump y su multimillonario aliado Elon Musk.<\/p>\n\n\n\n<p>\u201cNo queremos reyes\u201d: miles de personas protestan en EE.UU. en la primera movilizaci\u00f3n masiva contra el gobierno de Trump<\/p>\n\n\n\n<p>Estas protestas dieron a los opositores a Trump la oportunidad de demostrar su descontento en masa en respuesta a la amplia remodelaci\u00f3n de la pol\u00edtica exterior e interior de Estados Unidos por parte del presidente de los Estados Unidos a trav\u00e9s de \u00f3rdenes ejecutivas.<\/p>\n\n\n\n<p>Unos 150 grupos de activistas se inscribieron para participar, seg\u00fan el sitio web del evento. Entre las organizaciones que asistieron est\u00e1n el Sindicato Internacional de Empleados de Servicios, que representa a unos dos millones de empleados: la organizaci\u00f3n ecologista Greenpeace y&nbsp; Human Rights Campaign, el mayor grupo de defensa de las minor\u00edas sexuales en Estados Unidos.<\/p>\n\n\n\n<p>La secretaria de prensa adjunta de la Casa Blanca, Liz Huston, rebati\u00f3 la acusaci\u00f3n de los manifestantes de que Trump pretend\u00eda recortar la Seguridad Social y Medicaid.\u201dLa posici\u00f3n del presidente Trump es clara: siempre proteger\u00e1 la Seguridad Social, Medicare y Medicaid para los beneficiarios elegibles. Mientras tanto, la postura de los dem\u00f3cratas es dar beneficios de Seguridad Social, Medicaid y Medicare a extranjeros ilegales, lo que llevar\u00e1 a la quiebra estos programas y aplastar\u00e1 a los ancianos estadounidenses\u201d, dijo Huston.<\/p>\n\n\n\n<p>R\u00e9plica en Europa<\/p>\n\n\n\n<p>Tambi\u00e9n en varias ciudades del mundo, sobre todo en capitales europeas se celebraron concentraciones contra Trump, aunque con un n\u00famero de participantes bastante limitado. En Par\u00eds, unas 200 personas, principalmente estadounidenses, se reunieron en la Place de la R\u00e9publique para denunciar la pol\u00edtica de Donald Trump con los lemas \u201cResistir al tirano\u201d, \u201cSalvar la democracia\u201d o incluso \u201cFeministas por la libertad y contra el fascismo\u201d.<\/p>\n\n\n\n<p>En Berl\u00edn, los manifestantes blandieron carteles frente a un concesionario Tesla -una empresa dirigida por Elon Musk, cercana al presidente estadounidense- llamando a sus compatriotas estadounidenses que viven en Alemania a protestar para que \u201cel caos termine\u201d en su pa\u00eds de origen.<\/p>\n\n\n\n<p>Tambi\u00e9n se llevaron a cabo manifestaciones en Lisboa y Londres, donde varios cientos de personas se reunieron en Trafalgar Square gritando \u201cManos fuera de Canad\u00e1\u201d, \u201cManos fuera de Groenlandia\u201d y \u201cManos fuera de Ucrania\u201d.<\/p>\n\n\n\n<p>En el pasado hubo otras protestas contra Trump. Al comienzo de su primer mandato, en 2017, cientos de miles de personas se unieron a la Marcha de las Mujeres en Washington para manifestar su oposici\u00f3n y este a\u00f1o se han organizado otras m\u00e1s peque\u00f1as.<\/p>\n\n\n\n<p>\u201cEstoy muy preocupada\u201d<\/p>\n\n\n\n<p>En la ciudad de Washington, las l\u00edneas de metro estuvieron abarrotadas por manifestantes que se dirig\u00edan al punto de concentraci\u00f3n en el Monumento a Washington, report\u00f3 la editora de la BBC, Jenna Moon.<\/p>\n\n\n\n<p>Los asistentes portaban pancartas que no solo criticaban duramente a Trump, sino tambi\u00e9n los recortes aplicados por el Departamento de Eficiencia Gubernamental (DOGE, por sus siglas en ingl\u00e9s), que dirige el magnate sudafricano Elon Musk.<\/p>\n\n\n\n<p>\u201cNo queremos reyes\u201d, \u201cNo al fascismo\u201d y \u201cApoyo a los trabajadores federales\u201d eran algunos de los mensajes que se le\u00eda en los afiches. Uno de ellos dec\u00eda \u201cLa rata en el sombrero\u201d, con una ilustraci\u00f3n de Musk como una rata, con una gorra de Tesla.<\/p>\n\n\n\n<p>Una manifestante dijo a la BBC que sali\u00f3 a protestar porque quiere que la gente \u201cpreste atenci\u00f3n al hecho de que estamos perdiendo nuestros derechos democr\u00e1ticos\u201d.<\/p>\n\n\n\n<p>\u201cEstoy muy preocupada por los recortes que est\u00e1n haciendo en el gobierno federal\u201d, asegur\u00f3. \u201cTengo un hijo con discapacidad y quiero asegurarme de que tenga acceso a la seguridad social y a sus derechos educativos\u201d.<\/p>\n\n\n\n<p>Legisladores dem\u00f3cratas ofrecieron discursos para criticar el papel que los donantes adinerados han desempe\u00f1ado en el gobierno Trump, en particular Musk, quien sigue al frente de los recortes del gasto y la plantilla federal.<\/p>\n\n\n\n<p>Por Motor Econ\u00f3mico<\/p>\n","protected":false},"excerpt":{"rendered":"<p>Miles de personas se manifestaron el s\u00e1bado 5 de abril en Washington como parte de unas 1.200 movilizaciones en todo Estados Unidos y en otras partes del mundo, en lo que los organizadores catalogaron como el mayor d\u00eda de protestas contra el presidente Donald Trump y su asesor Elon Musk. Los manifestantes rechazan las reformas&#8230;<\/p>\n","protected":false},"author":5,"featured_media":3154,"comment_status":"open","ping_status":"open","sticky":false,"template":"","format":"standard","meta":{"_monsterinsights_skip_tracking":false,"_monsterinsights_sitenote_active":false,"_monsterinsights_sitenote_note":"","_monsterinsights_sitenote_category":0,"footnotes":"","jetpack_publicize_message":"","jetpack_publicize_feature_enabled":true,"jetpack_social_post_already_shared":true,"jetpack_social_options":{"image_generator_settings":{"template":"highway","default_image_id":0,"font":"","enabled":false},"version":2}},"categories":[7],"tags":[43,15,1220,318],"class_list":["post-3153","post","type-post","status-publish","format-standard","has-post-thumbnail","hentry","category-mundo","tag-crisis","tag-economia","tag-elon-musk","tag-trump"],"jetpack_publicize_connections":[],"_links":{"self":[{"href":"https:\/\/www.enorsai.com\/noticias\/wp-json\/wp\/v2\/posts\/3153","targetHints":{"allow":["GET"]}}],"collection":[{"href":"https:\/\/www.enorsai.com\/noticias\/wp-json\/wp\/v2\/posts"}],"about":[{"href":"https:\/\/www.enorsai.com\/noticias\/wp-json\/wp\/v2\/types\/post"}],"author":[{"embeddable":true,"href":"https:\/\/www.enorsai.com\/noticias\/wp-json\/wp\/v2\/users\/5"}],"replies":[{"embeddable":true,"href":"https:\/\/www.enorsai.com\/noticias\/wp-json\/wp\/v2\/comments?post=3153"}],"version-history":[{"count":1,"href":"https:\/\/www.enorsai.com\/noticias\/wp-json\/wp\/v2\/posts\/3153\/revisions"}],"predecessor-version":[{"id":3155,"href":"https:\/\/www.enorsai.com\/noticias\/wp-json\/wp\/v2\/posts\/3153\/revisions\/3155"}],"wp:featuredmedia":[{"embeddable":true,"href":"https:\/\/www.enorsai.com\/noticias\/wp-json\/wp\/v2\/media\/3154"}],"wp:attachment":[{"href":"https:\/\/www.enorsai.com\/noticias\/wp-json\/wp\/v2\/media?parent=3153"}],"wp:term":[{"taxonomy":"category","embeddable":true,"href":"https:\/\/www.enorsai.com\/noticias\/wp-json\/wp\/v2\/categories?post=3153"},{"taxonomy":"post_tag","embeddable":true,"href":"https:\/\/www.enorsai.com\/noticias\/wp-json\/wp\/v2\/tags?post=3153"}],"curies":[{"name":"wp","href":"https:\/\/api.w.org\/{rel}","templated":true}]}}