{"id":3146,"date":"2025-04-07T06:11:34","date_gmt":"2025-04-07T09:11:34","guid":{"rendered":"https:\/\/www.enorsai.com\/noticias\/?p=3146"},"modified":"2025-04-07T06:11:34","modified_gmt":"2025-04-07T09:11:34","slug":"la-justicia-ordeno-a-la-policia-de-la-ciudad-garantizar-la-seguridad-en-la-marcha-de-jubilados-y-desplazo-a-las-fuerzas-federales-de-bullrich","status":"publish","type":"post","link":"https:\/\/www.enorsai.com\/noticias\/politica\/la-justicia-ordeno-a-la-policia-de-la-ciudad-garantizar-la-seguridad-en-la-marcha-de-jubilados-y-desplazo-a-las-fuerzas-federales-de-bullrich\/","title":{"rendered":"La justicia orden\u00f3 a la Polic\u00eda de la Ciudad garantizar la seguridad en la marcha de jubilados y desplaz\u00f3 a las fuerzas federales de Bullrich"},"content":{"rendered":"\n<p>La Justicia frena el avance represivo de Bullrich: un l\u00edmite necesario al autoritarismo de Milei y expone el intento del gobierno de Javier Milei de criminalizar la protesta social.<\/p>\n\n\n\n<p>En una decisi\u00f3n que marca un freno al avance represivo del gobierno libertario, el juez Roberto Gallardo dispuso que la Polic\u00eda de la Ciudad se haga cargo del operativo de seguridad en la pr\u00f3xima marcha de jubilados, limitando la intervenci\u00f3n de las fuerzas federales comandadas por Patricia Bullrich. Esta medida responde a denuncias de gremios y organizaciones sociales sobre la violencia ejercida en manifestaciones anteriores y pone en evidencia la estrategia del gobierno de Javier Milei de reprimir y criminalizar la protesta social como herramienta de control pol\u00edtico.<\/p>\n\n\n\n<p>La administraci\u00f3n de Javier Milei ha mostrado desde sus inicios una preocupante inclinaci\u00f3n hacia pol\u00edticas represivas que buscan acallar cualquier forma de disidencia. La reciente decisi\u00f3n del juez porte\u00f1o Roberto Gallardo de ordenar que la Polic\u00eda de la Ciudad, y no las fuerzas federales, se encargue de la seguridad en la pr\u00f3xima marcha de jubilados, representa un necesario contrapeso a esta deriva autoritaria.<\/p>\n\n\n\n<p>La medida judicial surge a ra\u00edz de un pedido de dirigentes gremiales de la CGT y la UTEP, quienes alertaron sobre la brutalidad con la que las fuerzas federales, bajo la \u00f3rbita de la ministra de Seguridad Patricia Bullrich, han actuado en manifestaciones previas. Un ejemplo flagrante de este accionar desmedido fue la marcha del 12 de marzo, donde el fot\u00f3grafo Pablo Grillo result\u00f3 gravemente herido por una granada de gas lacrim\u00f3geno lanzada de forma horizontal por un gendarme. Adem\u00e1s, se registraron 114 detenciones arbitrarias y m\u00faltiples denuncias de violencia innecesaria por parte de las fuerzas federales.<\/p>\n\n\n\n<p>Estas acciones no son hechos aislados, sino que responden a una clara estrategia del gobierno de Milei para deslegitimar y reprimir la protesta social. La implementaci\u00f3n del denominado \u00abprotocolo antipiquetes\u00bb por parte de Bullrich, sin la adhesi\u00f3n de la Ciudad Aut\u00f3noma de Buenos Aires, evidencia una intromisi\u00f3n indebida en la autonom\u00eda porte\u00f1a y una violaci\u00f3n flagrante de los derechos constitucionales de reuni\u00f3n y expresi\u00f3n.<\/p>\n\n\n\n<div class=\"wp-block-jetpack-related-posts has-medium-font-size\"><\/div>\n\n\n\n<p>El juez Gallardo, en su fallo, destac\u00f3 la \u00abpreocupante actitud avasalladora y excesiva\u00bb de las fuerzas federales y subray\u00f3 que su intervenci\u00f3n en manifestaciones anteriores se extendi\u00f3 m\u00e1s all\u00e1 de la protecci\u00f3n de objetivos federales, abarcando \u00e1reas que competen exclusivamente a la jurisdicci\u00f3n local. Esta conducta no solo vulnera la autonom\u00eda de la Ciudad, sino que tambi\u00e9n pone en riesgo la integridad f\u00edsica de los manifestantes y el ejercicio pleno de sus derechos.<\/p>\n\n\n\n<p>La decisi\u00f3n de desplazar a las fuerzas federales del operativo de seguridad de la marcha de jubilados es, por lo tanto, un acto de justicia y un mensaje claro al gobierno nacional: la represi\u00f3n no puede ser la respuesta a las demandas sociales. Sin embargo, es preocupante que sea necesario recurrir a la Justicia para frenar los impulsos autoritarios de un gobierno que deber\u00eda ser el primero en garantizar y respetar los derechos fundamentales de la ciudadan\u00eda.<\/p>\n\n\n\n<p>La actitud del gobierno de Milei y de su ministra Bullrich no solo refleja una visi\u00f3n antidemocr\u00e1tica y represiva, sino tambi\u00e9n una peligrosa incompetencia en la gesti\u00f3n de la seguridad interior. La falta de coordinaci\u00f3n y el desconocimiento de los l\u00edmites jurisdiccionales han generado caos y violencia innecesaria en las calles, afectando no solo a los manifestantes, sino tambi\u00e9n a transe\u00fantes y trabajadores de prensa.<\/p>\n\n\n\n<p>Es imperativo que la sociedad civil, los organismos de derechos humanos y las fuerzas pol\u00edticas democr\u00e1ticas se mantengan alerta y act\u00faen en defensa de los derechos y garant\u00edas que tanto cost\u00f3 conseguir. La represi\u00f3n y la criminalizaci\u00f3n de la protesta no pueden ser toleradas en un Estado que se dice democr\u00e1tico y respetuoso de las libertades individuales.<\/p>\n\n\n\n<p>La medida adoptada por el juez Gallardo es un paso en la direcci\u00f3n correcta, pero no es suficiente. Es necesario un replanteo profundo de las pol\u00edticas de seguridad del gobierno nacional, que actualmente parecen m\u00e1s enfocadas en silenciar las voces disidentes que en proteger a la ciudadan\u00eda. La seguridad no puede ser una excusa para el autoritarismo, y la protesta social no puede ser tratada como un delito.<\/p>\n\n\n\n\n\n<p>En este contexto, la figura de Patricia Bullrich emerge como s\u00edmbolo de una pol\u00edtica de mano dura que ya ha demostrado ser ineficaz y perjudicial en el pasado. Su historial al frente de la cartera de Seguridad est\u00e1 marcado por episodios de violencia institucional y violaciones a los derechos humanos que no pueden repetirse. La sociedad argentina no puede permitirse retroceder en materia de libertades y garant\u00edas.<\/p>\n\n\n\n<p>El gobierno de Javier Milei debe entender que la democracia se construye con di\u00e1logo, respeto y tolerancia, no con represi\u00f3n y autoritarismo. La protesta social es una herramienta leg\u00edtima de las sociedades democr\u00e1ticas para expresar descontento y exigir cambios. Intentar acallarla con violencia solo demuestra la debilidad y el miedo de un gobierno que no est\u00e1 dispuesto a escuchar.<\/p>\n\n\n\n<p>Es hora de que el gobierno nacional rectifique su rumbo y adopte pol\u00edticas de seguridad que respeten los derechos humanos y las libertades fundamentales. La comunidad internacional y los organismos de derechos humanos est\u00e1n observando, y la historia juzgar\u00e1 a quienes, en lugar de proteger a su pueblo, optaron por reprimirlo.<\/p>\n\n\n\n<p>La decisi\u00f3n del juez Gallardo es un recordatorio de que a\u00fan existen instituciones dispuestas a defender la democracia y los derechos de los ciudadanos. Pero la responsabilidad \u00faltima recae en el gobierno de Milei, que debe abandonar su postura autoritaria y asumir el compromiso de gobernar para todos, respetando las leyes y la Constituci\u00f3n.<\/p>\n\n\n\n<p>La represi\u00f3n no es el camino. La historia argentina est\u00e1 plagada de ejemplos que demuestran que la violencia estatal solo conduce a m\u00e1s violencia y sufrimiento. Es momento de aprender de esos errores y construir un pa\u00eds donde la justicia social y los derechos humanos sean la base de la convivencia.<\/p>\n\n\n\n<p>La marcha de los jubilados ser\u00e1 una prueba de fuego para el gobierno de Milei. La sociedad estar\u00e1 observando atentamente si se respeta el fallo judicial y si se garantiza el derecho a la protesta pac\u00edfica. Cualquier intento de represi\u00f3n ser\u00e1 una confirmaci\u00f3n m\u00e1s de la deriva autoritaria de este gobierno y un motivo de preocupaci\u00f3n para todos los que creemos en la democracia y en los derechos humanos.<\/p>\n\n\n\n<p>Es fundamental que los medios de comunicaci\u00f3n, las organizaciones sociales y la ciudadan\u00eda en general se mantengan vigilantes y denuncien cualquier abuso de poder. La democracia se defiende todos los d\u00edas, y no podemos permitir que se erosione por la ambici\u00f3n desmedida de unos pocos.<\/p>\n\n\n\n<p>La decisi\u00f3n del juez Gallardo es un paso adelante en la defensa de los derechos y las libertades en Argentina. Pero la lucha no termina aqu\u00ed. Es necesario seguir trabajando para garantizar que el gobierno de Milei respete la Constituci\u00f3n y los derechos de todos los ciudadanos. La democracia es un bien preciado que debemos proteger con firmeza y determinaci\u00f3n.<\/p>\n\n\n\n<p>La historia nos ha ense\u00f1ado que la represi\u00f3n y el autoritarismo no tienen lugar.<\/p>\n\n\n\n<p>Fuente:<\/p>\n\n\n\n<ul class=\"wp-block-list\">\n<li><a href=\"https:\/\/www.lanacion.com.ar\/politica\/el-juez-gallardo-ordeno-que-la-policia-portena-custodie-la-marcha-de-jubilados-y-corrio-a-las-nid06042025\/\">https:\/\/www.lanacion.com.ar\/politica\/el-juez-gallardo-ordeno-que-la-policia-portena-custodie-la-marcha-de-jubilados-y-corrio-a-las-nid06042025\/<\/a><\/li>\n<\/ul>\n","protected":false},"excerpt":{"rendered":"<p>El juez Gallardo fren\u00f3 la avanzada represiva del gobierno de Javier Milei al ordenar que la Polic\u00eda de la Ciudad y no las fuerzas federales de Bullrich garanticen la seguridad en la marcha de jubilados. La Justicia pone un l\u00edmite a la criminalizaci\u00f3n de la protesta social.<\/p>\n","protected":false},"author":9,"featured_media":3147,"comment_status":"open","ping_status":"open","sticky":false,"template":"","format":"standard","meta":{"_monsterinsights_skip_tracking":false,"_monsterinsights_sitenote_active":false,"_monsterinsights_sitenote_note":"","_monsterinsights_sitenote_category":0,"footnotes":"","jetpack_publicize_message":"La justicia orden\u00f3 a la Polic\u00eda de la Ciudad garantizar la seguridad en la marcha de jubilados y desplaz\u00f3 a las fuerzas federales de Bullrich","jetpack_publicize_feature_enabled":true,"jetpack_social_post_already_shared":false,"jetpack_social_options":{"image_generator_settings":{"template":"highway","enabled":false},"version":2}},"categories":[2],"tags":[262,973,69,509,70,45,371,365,1217,711],"class_list":["post-3146","post","type-post","status-publish","format-standard","has-post-thumbnail","hentry","category-politica","tag-bullrich","tag-cgt","tag-derechos","tag-jubilados","tag-justicia","tag-milei","tag-protesta","tag-represion","tag-utep","tag-violencia"],"jetpack_publicize_connections":[],"_links":{"self":[{"href":"https:\/\/www.enorsai.com\/noticias\/wp-json\/wp\/v2\/posts\/3146","targetHints":{"allow":["GET"]}}],"collection":[{"href":"https:\/\/www.enorsai.com\/noticias\/wp-json\/wp\/v2\/posts"}],"about":[{"href":"https:\/\/www.enorsai.com\/noticias\/wp-json\/wp\/v2\/types\/post"}],"author":[{"embeddable":true,"href":"https:\/\/www.enorsai.com\/noticias\/wp-json\/wp\/v2\/users\/9"}],"replies":[{"embeddable":true,"href":"https:\/\/www.enorsai.com\/noticias\/wp-json\/wp\/v2\/comments?post=3146"}],"version-history":[{"count":1,"href":"https:\/\/www.enorsai.com\/noticias\/wp-json\/wp\/v2\/posts\/3146\/revisions"}],"predecessor-version":[{"id":3148,"href":"https:\/\/www.enorsai.com\/noticias\/wp-json\/wp\/v2\/posts\/3146\/revisions\/3148"}],"wp:featuredmedia":[{"embeddable":true,"href":"https:\/\/www.enorsai.com\/noticias\/wp-json\/wp\/v2\/media\/3147"}],"wp:attachment":[{"href":"https:\/\/www.enorsai.com\/noticias\/wp-json\/wp\/v2\/media?parent=3146"}],"wp:term":[{"taxonomy":"category","embeddable":true,"href":"https:\/\/www.enorsai.com\/noticias\/wp-json\/wp\/v2\/categories?post=3146"},{"taxonomy":"post_tag","embeddable":true,"href":"https:\/\/www.enorsai.com\/noticias\/wp-json\/wp\/v2\/tags?post=3146"}],"curies":[{"name":"wp","href":"https:\/\/api.w.org\/{rel}","templated":true}]}}