{"id":3107,"date":"2025-04-04T15:06:41","date_gmt":"2025-04-04T18:06:41","guid":{"rendered":"https:\/\/www.enorsai.com\/noticias\/?p=3107"},"modified":"2025-04-04T15:06:53","modified_gmt":"2025-04-04T18:06:53","slug":"cristina-a-milei-vas-a-ponerte-el-pais-de-sombrero","status":"publish","type":"post","link":"https:\/\/www.enorsai.com\/noticias\/politica\/cristina-a-milei-vas-a-ponerte-el-pais-de-sombrero\/","title":{"rendered":"Cristina a Milei: &#8216;Vas a ponerte el pa\u00eds de sombrero&#8217;"},"content":{"rendered":"\n<p>En un contexto de creciente tensi\u00f3n econ\u00f3mica, pol\u00edtica y diplom\u00e1tica, la expresidenta Cristina Fern\u00e1ndez de Kirchner reapareci\u00f3 con un texto demoledor dirigido directamente al presidente Javier Milei. <\/p>\n\n\n\n<p>Con tono ir\u00f3nico, punzante y cargado de datos concretos, Cristina desarma uno por uno los \u00faltimos movimientos del mandatario libertario: desde su ins\u00f3lita postura sobre la soberan\u00eda de las Islas Malvinas hasta el alineamiento ciego con Donald Trump, pasando por las consecuencias econ\u00f3micas de un modelo que, seg\u00fan ella, solo sirve para \u00abromper todo\u00bb. <\/p>\n\n\n\n<p>En este mensaje \u2014que mezcla historia, geopol\u00edtica y econom\u00eda\u2014 CFK vuelve a ponerse en el centro del debate nacional y lanza una advertencia feroz: si Milei no cambia el rumbo, va a \u201cponerse el pa\u00eds de sombrero\u201d. A continuaci\u00f3n, el texto completo de Cristina, sin filtros ni anestesia.<\/p>\n\n\n\n<p><\/p>\n\n\n\n<p>El Texto completo <\/p>\n\n\n\n<p>Che Milei\u2026 \u00bfA D\u00d3NDE PENS\u00c1S LLEVAR A LA ARGENTINA?<br \/><br \/>\u00a1Esta semana las hiciste todas juntas, hermano!<br \/><br \/>El 2 de abril a la ma\u00f1ana, en Plaza San Mart\u00edn, adem\u00e1s de vallar la plaza, no dejar pasar a los ex combatientes y violar la Constituci\u00f3n Nacional; HICISTE PELOTA 60 A\u00d1OS DE CONSTRUCCI\u00d3N POL\u00cdTICA INTERNACIONAL DE APOYO A NUESTRA CAUSA POR MALVINAS, basada en el Principio de Integridad Territorial.<br \/><br \/>\u00a1Llamaste \u201cmalvinenses\u201d a los habitantes de nuestras islas! Y, adem\u00e1s\u2026 \u00a1Dijiste que quer\u00e9s que voten con los pies! \u00a1No, hermano! Es exactamente al rev\u00e9s. NO SON \u201cMALVINENSES\u201d; SON POBLACI\u00d3N PLANTADA EN NUESTRAS ISLAS DESDE 1833 PARA USURPARLAS. \u00bfQu\u00e9 parte no entend\u00e9s? Si quer\u00e9s te hago un dibujito. Se nota que lo \u00fanico que sab\u00e9s hacer es romper todo\u2026 Hasta una de las pocas cosas en la que estamos de acuerdo todos los argentinos.<br \/><br \/>Y ese mismo d\u00eda, por la noche, DESPU\u00c9S DEL BOMBAZO DE TRUMP IMPONIENDO ARANCELES DE IMPORTACI\u00d3N A DIESTRA Y SINIESTRA, que deton\u00f3 el comercio global e hizo caer las bolsas de todo el mundo (entre ellas las acciones de las principales empresas argentinas)\u2026 \u00bfA vos lo \u00fanico que se te ocurre es hacer un posteo en ingl\u00e9s con la canci\u00f3n de Queen \u201cFriends Will be Friends\u201d (AMIGOS SON LOS AMIGOS)? \u00bfEN SERIO?<br \/><br \/>Fijate hermano\u2026. \u00a1Nos enchufaron un arancel del 10% para todas las exportaciones argentinas a EEUU! \u00bfY vos nos quer\u00e9s convencer que son amigos nuestros? En todo caso ser\u00e1n amigos tuyos\u2026 Pero fijate bien, porque ni siquiera\u2026 TE METIERON EL MISMO ARANCEL QUE AL RESTO DE AM\u00c9RICA DEL SUR, INCLUIDOS LOS GOBIERNOS QUE VOS LLAMAS \u201cCOMUNISTAS\u201d\u2026 \u00bfTe das cuenta que no entend\u00e9s nada?<br \/><br \/>Pero adem\u00e1s Milei\u2026 CON TU D\u00d3LAR PLANCHADO QUE ENCARECE EN D\u00d3LARES LAS PRODUCCI\u00d3N NACIONAL, M\u00c1S EL ARANCEL DEL 10% QUE NOS PUSO TU \u201cAMIGO\u201d TRUMP\u2026 \u00bfQU\u00c9 CORNO PENS\u00c1S QUE VAMOS A PODER EXPORTAR A EEUU?&#8230; Del 25% del arancel que nos fij\u00f3 para el acero y el aluminio argentinos, mejor ni hablar\u2026 Piadoso manto de silencio.<br \/><br \/>Y mir\u00e1\u2026 \u201ceconomista experto en crecimiento con o sin dinero\u201d\u2026 que en febrero del 2024 te dije cu\u00e1l era el principal problema de la econom\u00eda argentina y todo lo que iba a pasar&#8230; incluido el proteccionismo de tu \u201camigo\u201d Trump.<br \/><br \/>Haceme caso por favor\u2026 Peg\u00e1 un volantazo porque te vas a poner el pa\u00eds de sombrero.<br \/><br \/>P\/D: Mirate en el espejo del payaso de Zelenski en el Sal\u00f3n Oval de la Casa Blanca y c\u00f3mo le fue cuando no les sirvi\u00f3 m\u00e1s. A prop\u00f3sito\u2026 \u00bfSab\u00edas que con lo que dijiste el 2 de abril sobre Malvinas, le est\u00e1s dando la raz\u00f3n a Putin en su conflicto con Ucrania, que defiende el Principio de Autodeterminaci\u00f3n en materia de soberan\u00eda? \u00bfSab\u00edas que un refer\u00e9ndum de los habitantes de Crimea determin\u00f3 su anexi\u00f3n a la Federaci\u00f3n Rusa en 2014? Seguro que no, porque no sab\u00e9s ni entend\u00e9s nada. Te cuento algo\u2026 Pese a la excelente relaci\u00f3n que siempre tuvimos con la Federaci\u00f3n Rusa, en 2014 nuestro pa\u00eds, por instrucci\u00f3n m\u00eda como Presidenta de la Naci\u00f3n, vot\u00f3 en contra de dicha anexi\u00f3n en el Consejo de Seguridad de la ONU, precisamente para mantener la coherencia de nuestro reclamo por la soberan\u00eda argentina de las Islas Malvinas. Al a\u00f1o siguiente fui invitada por la Federaci\u00f3n Rusa en Visita de Estado. \u00bfTe das cuenta que se puede defender los intereses del pa\u00eds y mantener el respeto en las relaciones internacionales?<br \/><br \/>P\/D 2: Saludos cordiales a toda la gilada aut\u00f3ctona que se desga\u00f1it\u00f3 durante d\u00e9cadas pontificando el libre comercio y la libertad de los mercados, en contra del proteccionismo \u201cpopulista\u201d. \u00a1Bienvenidos al mundo real!<br \/><br \/>P\/D 3: Hoy temprano, cuando me levant\u00e9, pens\u00e9 que iba a encontrar en la tele la foto que fuiste a buscar con tu \u201camigo\u201d Trump\u2026 Qu\u00e9 manera de boludear y gastar plata al divino bot\u00f3n. En fin\u2026<\/p>\n","protected":false},"excerpt":{"rendered":"<p>En un contexto de creciente tensi\u00f3n econ\u00f3mica, pol\u00edtica y diplom\u00e1tica, la expresidenta Cristina Fern\u00e1ndez de Kirchner reapareci\u00f3 con un texto demoledor dirigido directamente al presidente Javier Milei. Con tono ir\u00f3nico, punzante y cargado de datos concretos, Cristina desarma uno por uno los \u00faltimos movimientos del mandatario libertario: desde su ins\u00f3lita postura sobre la soberan\u00eda de&#8230;<\/p>\n","protected":false},"author":1,"featured_media":3110,"comment_status":"open","ping_status":"open","sticky":false,"template":"","format":"standard","meta":{"_monsterinsights_skip_tracking":false,"_monsterinsights_sitenote_active":false,"_monsterinsights_sitenote_note":"","_monsterinsights_sitenote_category":0,"footnotes":"","jetpack_publicize_message":"","jetpack_publicize_feature_enabled":true,"jetpack_social_post_already_shared":true,"jetpack_social_options":{"image_generator_settings":{"template":"highway","default_image_id":0,"font":"","enabled":false},"version":2}},"categories":[2],"tags":[88,523,106],"class_list":["post-3107","post","type-post","status-publish","format-standard","has-post-thumbnail","hentry","category-politica","tag-cfk","tag-cristina-fernandez-de-kirchner","tag-javier-milei"],"jetpack_publicize_connections":[],"_links":{"self":[{"href":"https:\/\/www.enorsai.com\/noticias\/wp-json\/wp\/v2\/posts\/3107","targetHints":{"allow":["GET"]}}],"collection":[{"href":"https:\/\/www.enorsai.com\/noticias\/wp-json\/wp\/v2\/posts"}],"about":[{"href":"https:\/\/www.enorsai.com\/noticias\/wp-json\/wp\/v2\/types\/post"}],"author":[{"embeddable":true,"href":"https:\/\/www.enorsai.com\/noticias\/wp-json\/wp\/v2\/users\/1"}],"replies":[{"embeddable":true,"href":"https:\/\/www.enorsai.com\/noticias\/wp-json\/wp\/v2\/comments?post=3107"}],"version-history":[{"count":3,"href":"https:\/\/www.enorsai.com\/noticias\/wp-json\/wp\/v2\/posts\/3107\/revisions"}],"predecessor-version":[{"id":3111,"href":"https:\/\/www.enorsai.com\/noticias\/wp-json\/wp\/v2\/posts\/3107\/revisions\/3111"}],"wp:featuredmedia":[{"embeddable":true,"href":"https:\/\/www.enorsai.com\/noticias\/wp-json\/wp\/v2\/media\/3110"}],"wp:attachment":[{"href":"https:\/\/www.enorsai.com\/noticias\/wp-json\/wp\/v2\/media?parent=3107"}],"wp:term":[{"taxonomy":"category","embeddable":true,"href":"https:\/\/www.enorsai.com\/noticias\/wp-json\/wp\/v2\/categories?post=3107"},{"taxonomy":"post_tag","embeddable":true,"href":"https:\/\/www.enorsai.com\/noticias\/wp-json\/wp\/v2\/tags?post=3107"}],"curies":[{"name":"wp","href":"https:\/\/api.w.org\/{rel}","templated":true}]}}