{"id":3099,"date":"2025-04-04T11:05:21","date_gmt":"2025-04-04T14:05:21","guid":{"rendered":"https:\/\/www.enorsai.com\/noticias\/?p=3099"},"modified":"2025-04-04T11:05:21","modified_gmt":"2025-04-04T14:05:21","slug":"historico-fallo-judicial-frena-el-intento-de-milei-de-designar-jueces-a-dedo-en-la-corte-suprema","status":"publish","type":"post","link":"https:\/\/www.enorsai.com\/noticias\/politica\/historico-fallo-judicial-frena-el-intento-de-milei-de-designar-jueces-a-dedo-en-la-corte-suprema\/","title":{"rendered":"Hist\u00f3rico fallo judicial frena el intento de Milei de designar jueces a dedo en la Corte Suprema"},"content":{"rendered":"\n<p><em>La Justicia suspendi\u00f3 las designaciones de Manuel Jos\u00e9 Garc\u00eda-Mansilla y Ariel Lijo, ambas impuestas por decreto presidencial. El fallo es un golpe al intento del Gobierno de avanzar sobre la independencia del Poder Judicial.<\/em><\/p>\n\n\n\n<p>En un rev\u00e9s hist\u00f3rico para el gobierno de Javier Milei, el Juzgado Federal N\u00b0 2 de La Plata, a cargo del juez Alejo Ramos Padilla, orden\u00f3 la suspensi\u00f3n inmediata del ejercicio de Manuel Jos\u00e9 Garc\u00eda-Mansilla como juez \u00aben comisi\u00f3n\u00bb de la Corte Suprema de Justicia de la Naci\u00f3n y prohibi\u00f3 el juramento de Ariel Lijo, tambi\u00e9n designado por decreto presidencial. El fallo, dictado este jueves 3 de abril, marca un freno legal y pol\u00edtico a la estrategia del oficialismo de colonizar el m\u00e1ximo tribunal sin el aval del Senado.<\/p>\n\n\n\n<p>La acci\u00f3n de amparo colectivo que dio lugar a esta resoluci\u00f3n fue presentada por la ingeniera Mar\u00eda Eva Koutsovitis, presidenta del partido Unidad Popular (UP) en la Ciudad de Buenos Aires y candidata a legisladora porte\u00f1a por la alianza \u00abConfluencia por la Igualdad y la Soberan\u00eda\u00bb. La demanda tambi\u00e9n fue impulsada por los abogados Jonatan Baldiviezo, del Observatorio del Derecho a la Ciudad, y Fernando Cabaleiro, de Naturaleza de Derechos.<\/p>\n\n\n\n<p>El juez Ramos Padilla bas\u00f3 su fallo en la \u00abverosimilitud del derecho invocado\u00bb y argument\u00f3 que el decreto 137\/2025 de Milei viola el procedimiento constitucional de nombramiento de jueces de la Corte, que requiere el acuerdo del Senado seg\u00fan el art\u00edculo 99, inciso 4 de la Constituci\u00f3n Nacional. Adem\u00e1s, advirti\u00f3 que la designaci\u00f3n \u00aben comisi\u00f3n\u00bb de magistrados sin ese requisito podr\u00eda comprometer la independencia judicial y debilitar la divisi\u00f3n de poderes.<\/p>\n\n\n\n<p>\u00abEsta sentencia frena un avasallamiento a la Constituci\u00f3n y reafirma que el Poder Judicial no se negocia por decreto\u00bb, celebr\u00f3 Koutsovitis en di\u00e1logo con HACEMOSPRENSA.COM. \u00abEl gobierno intent\u00f3 instalar un modelo de concentraci\u00f3n de poder, y logramos demostrar que la legalidad y la democracia siguen vigentes\u00bb, agreg\u00f3.<\/p>\n\n\n\n<p>Por su parte, el abogado Baldiviezo alert\u00f3 sobre los riesgos institucionales de la maniobra presidencial: \u00abCon este decreto, Milei pretend\u00eda consolidar un esquema de sometimiento del Poder Judicial. Esto es inadmisible en un Estado de Derecho\u00bb.<\/p>\n\n\n\n<p>El Ejecutivo hab\u00eda intentado justificar las designaciones bajo el art\u00edculo 99, inciso 19 de la Constituci\u00f3n, que habilita nombramientos en comisi\u00f3n para situaciones excepcionales. Sin embargo, la Justicia cuestion\u00f3 esta interpretaci\u00f3n y estableci\u00f3 un plazo de tres meses para resolver la cuesti\u00f3n de fondo.<\/p>\n\n\n\n<p>El fallo impacta de lleno en el escenario pol\u00edtico, en un a\u00f1o electoral clave en el que parte de la oposici\u00f3n busca poner l\u00edmites a las pol\u00edticas de Milei. Koutsovitis, quien ya formaliz\u00f3 su candidatura para los comicios legislativos de mayo, emerge como una figura relevante en la resistencia contra los avances autoritarios del Gobierno.<\/p>\n\n\n\n<p>Con esta decisi\u00f3n judicial, el intento de Milei de colocar jueces a dedo en la Corte Suprema queda, al menos por ahora, truncado. Pero el conflicto no ha terminado: el oficialismo podr\u00eda apelar la medida, lo que abrir\u00eda un nuevo cap\u00edtulo en la pulseada por el control del Poder Judicial.<\/p>\n","protected":false},"excerpt":{"rendered":"<p>La Justicia suspendi\u00f3 las designaciones de Manuel Jos\u00e9 Garc\u00eda-Mansilla y Ariel Lijo, ambas impuestas por decreto presidencial. El fallo es un golpe al intento del Gobierno de avanzar sobre la independencia del Poder Judicial. En un rev\u00e9s hist\u00f3rico para el gobierno de Javier Milei, el Juzgado Federal N\u00b0 2 de La Plata, a cargo del&#8230;<\/p>\n","protected":false},"author":4,"featured_media":3100,"comment_status":"open","ping_status":"open","sticky":false,"template":"","format":"standard","meta":{"_monsterinsights_skip_tracking":false,"_monsterinsights_sitenote_active":false,"_monsterinsights_sitenote_note":"","_monsterinsights_sitenote_category":0,"footnotes":"","jetpack_publicize_message":"La Justicia le puso un freno a Milei: no pasar\u00e1n los jueces a dedo","jetpack_publicize_feature_enabled":true,"jetpack_social_post_already_shared":false,"jetpack_social_options":{"image_generator_settings":{"template":"highway","enabled":false},"version":2}},"categories":[2],"tags":[745,1201,1199,1200,106],"class_list":["post-3099","post","type-post","status-publish","format-standard","has-post-thumbnail","hentry","category-politica","tag-corte-suprema","tag-decreto-inconstitucional","tag-fallo-judicial","tag-independencia-judicial","tag-javier-milei"],"jetpack_publicize_connections":[],"_links":{"self":[{"href":"https:\/\/www.enorsai.com\/noticias\/wp-json\/wp\/v2\/posts\/3099","targetHints":{"allow":["GET"]}}],"collection":[{"href":"https:\/\/www.enorsai.com\/noticias\/wp-json\/wp\/v2\/posts"}],"about":[{"href":"https:\/\/www.enorsai.com\/noticias\/wp-json\/wp\/v2\/types\/post"}],"author":[{"embeddable":true,"href":"https:\/\/www.enorsai.com\/noticias\/wp-json\/wp\/v2\/users\/4"}],"replies":[{"embeddable":true,"href":"https:\/\/www.enorsai.com\/noticias\/wp-json\/wp\/v2\/comments?post=3099"}],"version-history":[{"count":1,"href":"https:\/\/www.enorsai.com\/noticias\/wp-json\/wp\/v2\/posts\/3099\/revisions"}],"predecessor-version":[{"id":3101,"href":"https:\/\/www.enorsai.com\/noticias\/wp-json\/wp\/v2\/posts\/3099\/revisions\/3101"}],"wp:featuredmedia":[{"embeddable":true,"href":"https:\/\/www.enorsai.com\/noticias\/wp-json\/wp\/v2\/media\/3100"}],"wp:attachment":[{"href":"https:\/\/www.enorsai.com\/noticias\/wp-json\/wp\/v2\/media?parent=3099"}],"wp:term":[{"taxonomy":"category","embeddable":true,"href":"https:\/\/www.enorsai.com\/noticias\/wp-json\/wp\/v2\/categories?post=3099"},{"taxonomy":"post_tag","embeddable":true,"href":"https:\/\/www.enorsai.com\/noticias\/wp-json\/wp\/v2\/tags?post=3099"}],"curies":[{"name":"wp","href":"https:\/\/api.w.org\/{rel}","templated":true}]}}