{"id":3066,"date":"2025-04-03T09:55:47","date_gmt":"2025-04-03T12:55:47","guid":{"rendered":"https:\/\/www.enorsai.com\/noticias\/?p=3066"},"modified":"2025-04-03T09:55:47","modified_gmt":"2025-04-03T12:55:47","slug":"el-autismo-en-la-mira-del-ajuste-el-drama-de-miles-de-familias-ante-la-indiferencia-del-estado","status":"publish","type":"post","link":"https:\/\/www.enorsai.com\/noticias\/uncategorized\/el-autismo-en-la-mira-del-ajuste-el-drama-de-miles-de-familias-ante-la-indiferencia-del-estado\/","title":{"rendered":"El autismo en la mira del ajuste: el drama de miles de familias ante la indiferencia del Estado"},"content":{"rendered":"\n<p>Mientras el gobierno de Javier Milei avanza con su plan de ajuste brutal, dejando a los sectores m\u00e1s vulnerables al borde del abismo, organizaciones y especialistas se reunieron para debatir los desaf\u00edos que enfrentan las personas con Trastorno del Espectro Autista (TEA) y sus familias. En el marco de la Semana de Concientizaci\u00f3n sobre el Autismo, Emmanuel Santalla mantuvo un encuentro clave con Karina Castagnola, de Autismo Argentina, representantes de TEA Avellaneda y referentes de la salud, la educaci\u00f3n y la justicia.<\/p>\n\n\n\n<p>En la reuni\u00f3n, la preocupaci\u00f3n central fue el feroz recorte que el gobierno nacional est\u00e1 aplicando sobre las pensiones: ya dio de baja 40.000 beneficios y planea eliminar otros 120.000. Un golpe letal para miles de personas con discapacidad que dependen de estos ingresos para sobrevivir. La insensibilidad del Ejecutivo no se detiene ah\u00ed: la Provincia de Buenos Aires sigue sin adherir a la Ley Nacional 24.901, que establece un marco legal para garantizar prestaciones b\u00e1sicas para personas con discapacidad. La desprotecci\u00f3n es total.<\/p>\n\n\n\n<h3 class=\"wp-block-heading\"><strong>Recortes, abandono y derechos vulnerados<\/strong><\/h3>\n\n\n\n<p>Los especialistas y activistas coincidieron en que es urgente avanzar hacia un Estado que garantice pol\u00edticas inclusivas en lugar de barrer derechos fundamentales bajo la alfombra del ajuste. Uno de los reclamos m\u00e1s urgentes es la aprobaci\u00f3n definitiva del Proyecto de Ley de Capacitaci\u00f3n Docente Obligatoria en Autismo y Neurodiversidades, que ya tiene media sanci\u00f3n en el Senado bonaerense y espera su tratamiento en la C\u00e1mara de Diputados. La capacitaci\u00f3n de docentes es clave para garantizar una inclusi\u00f3n real en las aulas y evitar que miles de ni\u00f1os, ni\u00f1as y adolescentes con TEA queden fuera del sistema educativo.<\/p>\n\n\n\n<figure class=\"wp-block-embed is-type-wp-embed is-provider-incrustado wp-block-embed-incrustado\"><div class=\"wp-block-embed__wrapper\">\n<blockquote class=\"wp-embedded-content\" data-secret=\"hRqgMHpEAI\"><a href=\"https:\/\/www.enorsai.com\/noticias\/sociedad\/desamparo-y-ajuste-el-reclamo-urgente-del-foro-de-discapacidad-ante-el-abandono-del-gobierno\/\">Desamparo y ajuste: el reclamo urgente del Foro de Discapacidad ante el abandono del Gobierno<\/a><\/blockquote><iframe loading=\"lazy\" class=\"wp-embedded-content\" sandbox=\"allow-scripts\" security=\"restricted\" style=\"position: absolute; visibility: hidden;\" title=\"\u00abDesamparo y ajuste: el reclamo urgente del Foro de Discapacidad ante el abandono del Gobierno\u00bb \u2014 \" src=\"https:\/\/www.enorsai.com\/noticias\/sociedad\/desamparo-y-ajuste-el-reclamo-urgente-del-foro-de-discapacidad-ante-el-abandono-del-gobierno\/embed\/#?secret=KOyuskZPKi#?secret=hRqgMHpEAI\" data-secret=\"hRqgMHpEAI\" width=\"600\" height=\"338\" frameborder=\"0\" marginwidth=\"0\" marginheight=\"0\" scrolling=\"no\"><\/iframe>\n<\/div><\/figure>\n\n\n\n<p>Emmanuel Santalla fue contundente: \u00abNo podemos permitir que se sigan vulnerando derechos. Es imprescindible impulsar medidas concretas que visibilicen esta problem\u00e1tica y generen soluciones reales\u00bb. Desde su espacio, se comprometi\u00f3 a continuar apoyando la lucha de las familias y promoviendo iniciativas que construyan una sociedad m\u00e1s justa e inclusiva.<\/p>\n\n\n\n<p><strong>Mientras el ajuste de Milei sigue profundizando la desigualdad, la respuesta de la sociedad es clara: organizarse, resistir y exigir lo que el Estado pretende quitarles. Las personas con autismo y sus familias no pueden esperar m\u00e1s.<\/strong><\/p>\n\n\n\n<figure class=\"wp-block-embed is-type-wp-embed is-provider-incrustado wp-block-embed-incrustado\"><div class=\"wp-block-embed__wrapper\">\n<blockquote class=\"wp-embedded-content\" data-secret=\"6w2DoE5gtc\"><a href=\"https:\/\/www.enorsai.com\/noticias\/politica\/el-ajuste-infinito-mas-recorte-en-programas-sociales-para-la-ninez-y-la-juventud\/\">El ajuste infinito: m\u00e1s recorte en programas sociales para la ni\u00f1ez y la juventud<\/a><\/blockquote><iframe loading=\"lazy\" class=\"wp-embedded-content\" sandbox=\"allow-scripts\" security=\"restricted\" style=\"position: absolute; visibility: hidden;\" title=\"\u00abEl ajuste infinito: m\u00e1s recorte en programas sociales para la ni\u00f1ez y la juventud\u00bb \u2014 \" src=\"https:\/\/www.enorsai.com\/noticias\/politica\/el-ajuste-infinito-mas-recorte-en-programas-sociales-para-la-ninez-y-la-juventud\/embed\/#?secret=aJ6J2FGUyU#?secret=6w2DoE5gtc\" data-secret=\"6w2DoE5gtc\" width=\"600\" height=\"338\" frameborder=\"0\" marginwidth=\"0\" marginheight=\"0\" scrolling=\"no\"><\/iframe>\n<\/div><\/figure>\n","protected":false},"excerpt":{"rendered":"<p>Mientras el gobierno de Javier Milei avanza con su plan de ajuste brutal, dejando a los sectores m\u00e1s vulnerables al borde del abismo, organizaciones y especialistas se reunieron para debatir los desaf\u00edos que enfrentan las personas con Trastorno del Espectro Autista (TEA) y sus familias. En el marco de la Semana de Concientizaci\u00f3n sobre el&#8230;<\/p>\n","protected":false},"author":4,"featured_media":3067,"comment_status":"open","ping_status":"open","sticky":false,"template":"","format":"standard","meta":{"_monsterinsights_skip_tracking":false,"_monsterinsights_sitenote_active":false,"_monsterinsights_sitenote_note":"","_monsterinsights_sitenote_category":0,"footnotes":"","jetpack_publicize_message":"","jetpack_publicize_feature_enabled":true,"jetpack_social_post_already_shared":true,"jetpack_social_options":{"image_generator_settings":{"template":"highway","default_image_id":0,"font":"","enabled":false},"version":2}},"categories":[4,1],"tags":[58,1056,1193,1194,219,1195],"class_list":["post-3066","post","type-post","status-publish","format-standard","has-post-thumbnail","hentry","category-sociedad","category-uncategorized","tag-ajuste","tag-ajuste-y-motosierra-milei","tag-autismo","tag-autismo-en-argentina","tag-crisis-salud-mental-milei","tag-salud-mental"],"jetpack_publicize_connections":[],"_links":{"self":[{"href":"https:\/\/www.enorsai.com\/noticias\/wp-json\/wp\/v2\/posts\/3066","targetHints":{"allow":["GET"]}}],"collection":[{"href":"https:\/\/www.enorsai.com\/noticias\/wp-json\/wp\/v2\/posts"}],"about":[{"href":"https:\/\/www.enorsai.com\/noticias\/wp-json\/wp\/v2\/types\/post"}],"author":[{"embeddable":true,"href":"https:\/\/www.enorsai.com\/noticias\/wp-json\/wp\/v2\/users\/4"}],"replies":[{"embeddable":true,"href":"https:\/\/www.enorsai.com\/noticias\/wp-json\/wp\/v2\/comments?post=3066"}],"version-history":[{"count":1,"href":"https:\/\/www.enorsai.com\/noticias\/wp-json\/wp\/v2\/posts\/3066\/revisions"}],"predecessor-version":[{"id":3068,"href":"https:\/\/www.enorsai.com\/noticias\/wp-json\/wp\/v2\/posts\/3066\/revisions\/3068"}],"wp:featuredmedia":[{"embeddable":true,"href":"https:\/\/www.enorsai.com\/noticias\/wp-json\/wp\/v2\/media\/3067"}],"wp:attachment":[{"href":"https:\/\/www.enorsai.com\/noticias\/wp-json\/wp\/v2\/media?parent=3066"}],"wp:term":[{"taxonomy":"category","embeddable":true,"href":"https:\/\/www.enorsai.com\/noticias\/wp-json\/wp\/v2\/categories?post=3066"},{"taxonomy":"post_tag","embeddable":true,"href":"https:\/\/www.enorsai.com\/noticias\/wp-json\/wp\/v2\/tags?post=3066"}],"curies":[{"name":"wp","href":"https:\/\/api.w.org\/{rel}","templated":true}]}}