{"id":3060,"date":"2025-04-03T08:07:28","date_gmt":"2025-04-03T11:07:28","guid":{"rendered":"https:\/\/www.enorsai.com\/noticias\/?p=3060"},"modified":"2025-04-03T08:07:28","modified_gmt":"2025-04-03T11:07:28","slug":"el-ajuste-infinito-mas-recorte-en-programas-sociales-para-la-ninez-y-la-juventud","status":"publish","type":"post","link":"https:\/\/www.enorsai.com\/noticias\/politica\/el-ajuste-infinito-mas-recorte-en-programas-sociales-para-la-ninez-y-la-juventud\/","title":{"rendered":"El ajuste infinito: m\u00e1s recorte en programas sociales para la ni\u00f1ez y la juventud"},"content":{"rendered":"\n<p><strong><em>A trav\u00e9s de varias resoluciones, el Ministerio de Capital Humano elimin\u00f3 programas destinados a la inclusi\u00f3n social y la asistencia ante emergencias. La medida busca optimizar el uso de los recursos p\u00fablicos.<\/em><\/strong><\/p>\n\n\n\n<p>El Ministerio de Capital Humano anunci\u00f3 la disoluci\u00f3n de una serie de programas sociales gestionados por la Secretar\u00eda Nacional de Ni\u00f1ez, Adolescencia y Familia. A trav\u00e9s de las resoluciones 201\/2025, 202\/2025, 203\/2025 y 205\/2025, la cartera conducida por Sandra Pettovello tom\u00f3 la decisi\u00f3n con el objetivo de reordenar iniciativas dirigidas a sectores vulnerables, principalmente ni\u00f1os y adolescentes en situaci\u00f3n de riesgo.<\/p>\n\n\n\n<p>Reestructuraci\u00f3n y optimizaci\u00f3n de recursos<\/p>\n\n\n\n<p>Desde el Ministerio se argument\u00f3 que la eliminaci\u00f3n de estos programas responde a la necesidad de reducir la duplicaci\u00f3n de funciones y fortalecer la coordinaci\u00f3n entre distintas \u00e1reas. Seg\u00fan explicaron, el ajuste busca asegurar una mayor transparencia y eficiencia en la asignaci\u00f3n de fondos p\u00fablicos, garantizando que se destinen a iniciativas realmente necesarias y eficaces.<\/p>\n\n\n\n<p>En este sentido, la medida se enmarca dentro de un proceso de reestructuraci\u00f3n administrativa, cuyo objetivo principal es mejorar la eficiencia y optimizar el uso de los recursos p\u00fablicos.<\/p>\n\n\n\n<p>Entre los programas que fueron disueltos por el Ministerio de Capital Humano se encuentran:<\/p>\n\n\n\n<p>Programa de Abordaje Comunitario \u201cAbrazar Argentina\u201d: Brindaba asistencia a personas en situaci\u00f3n de vulnerabilidad social y emergencias clim\u00e1ticas.<\/p>\n\n\n\n<p>Programa Nacional de Inclusi\u00f3n e Integraci\u00f3n de J\u00f3venes: Destinado a j\u00f3venes de 18 a 29 a\u00f1os en situaci\u00f3n de vulnerabilidad, promoviendo su integraci\u00f3n social.<\/p>\n\n\n\n<p>Programa de Asistencia por Situaciones de Emergencias Clim\u00e1ticas y Cat\u00e1strofes Naturales o Accidentales: Otorgaba subsidios a organismos afectados por desastres naturales.<\/p>\n\n\n\n<p>Milei y Pettovello<\/p>\n\n\n\n<p>Programa Federal de Intervenci\u00f3n Directa y Ayudas Urgentes: Brindaba subsidios para situaciones de extrema vulnerabilidad social y urgencias derivadas de desastres naturales o crisis sociales.<\/p>\n\n\n\n<p>Espacio Unzu\u00e9 y Espacio Sarmiento: Lugares orientados a la convivencia familiar y el fortalecimiento del sistema de protecci\u00f3n de derechos de ni\u00f1os y adolescentes.<\/p>\n\n\n\n<p>Colonia Guti\u00e9rrez e Inchausti: Establecimientos enfocados en la protecci\u00f3n de los derechos de la ni\u00f1ez y la adolescencia en situaciones de vulnerabilidad social.<\/p>\n\n\n\n<p>El argumento del Gobierno<\/p>\n\n\n\n<p>El Ministerio de Capital Humano fundament\u00f3 la eliminaci\u00f3n de estos programas en la necesidad de reorganizar y consolidar diversas iniciativas que, seg\u00fan su evaluaci\u00f3n, eran redundantes o carec\u00edan de una medici\u00f3n efectiva de resultados.<\/p>\n\n\n\n<p>Desde la cartera aseguraron que la medida forma parte de una readecuaci\u00f3n m\u00e1s amplia de las pol\u00edticas p\u00fablicas, bajo el marco de la Ley de Bases y Puntos de Partida para la Libertad de los Argentinos, que establece la emergencia administrativa y financiera por un a\u00f1o. Seg\u00fan este marco normativo, el Gobierno debe optimizar la asignaci\u00f3n de los recursos p\u00fablicos y garantizar que las pol\u00edticas sociales sean efectivas.<\/p>\n\n\n\n<p>Adem\u00e1s, en las resoluciones se menciona que la unificaci\u00f3n de programas y la racionalizaci\u00f3n de los recursos permitir\u00e1n una mayor transparencia y un mejor aprovechamiento de los fondos destinados a la atenci\u00f3n de los sectores m\u00e1s vulnerables.<\/p>\n\n\n\n<p>Desde la Casa Rosada afirman que con esta reestructuraci\u00f3n se busca evitar el derroche de recursos p\u00fablicos y garantizar que los programas sociales sean realmente eficaces.<\/p>\n\n\n\n<p>Por Andr\u00e9s Montero para Grupo La Provincia<\/p>\n","protected":false},"excerpt":{"rendered":"<p>A trav\u00e9s de varias resoluciones, el Ministerio de Capital Humano elimin\u00f3 programas destinados a la inclusi\u00f3n social y la asistencia ante emergencias. La medida busca optimizar el uso de los recursos p\u00fablicos. El Ministerio de Capital Humano anunci\u00f3 la disoluci\u00f3n de una serie de programas sociales gestionados por la Secretar\u00eda Nacional de Ni\u00f1ez, Adolescencia y&#8230;<\/p>\n","protected":false},"author":5,"featured_media":2846,"comment_status":"open","ping_status":"open","sticky":false,"template":"","format":"standard","meta":{"_monsterinsights_skip_tracking":false,"_monsterinsights_sitenote_active":false,"_monsterinsights_sitenote_note":"","_monsterinsights_sitenote_category":0,"footnotes":"","jetpack_publicize_message":"","jetpack_publicize_feature_enabled":true,"jetpack_social_post_already_shared":true,"jetpack_social_options":{"image_generator_settings":{"template":"highway","default_image_id":0,"font":"","enabled":false},"version":2}},"categories":[2],"tags":[58,43,45,1043],"class_list":["post-3060","post","type-post","status-publish","format-standard","has-post-thumbnail","hentry","category-politica","tag-ajuste","tag-crisis","tag-milei","tag-pettovello"],"jetpack_publicize_connections":[],"_links":{"self":[{"href":"https:\/\/www.enorsai.com\/noticias\/wp-json\/wp\/v2\/posts\/3060","targetHints":{"allow":["GET"]}}],"collection":[{"href":"https:\/\/www.enorsai.com\/noticias\/wp-json\/wp\/v2\/posts"}],"about":[{"href":"https:\/\/www.enorsai.com\/noticias\/wp-json\/wp\/v2\/types\/post"}],"author":[{"embeddable":true,"href":"https:\/\/www.enorsai.com\/noticias\/wp-json\/wp\/v2\/users\/5"}],"replies":[{"embeddable":true,"href":"https:\/\/www.enorsai.com\/noticias\/wp-json\/wp\/v2\/comments?post=3060"}],"version-history":[{"count":1,"href":"https:\/\/www.enorsai.com\/noticias\/wp-json\/wp\/v2\/posts\/3060\/revisions"}],"predecessor-version":[{"id":3061,"href":"https:\/\/www.enorsai.com\/noticias\/wp-json\/wp\/v2\/posts\/3060\/revisions\/3061"}],"wp:featuredmedia":[{"embeddable":true,"href":"https:\/\/www.enorsai.com\/noticias\/wp-json\/wp\/v2\/media\/2846"}],"wp:attachment":[{"href":"https:\/\/www.enorsai.com\/noticias\/wp-json\/wp\/v2\/media?parent=3060"}],"wp:term":[{"taxonomy":"category","embeddable":true,"href":"https:\/\/www.enorsai.com\/noticias\/wp-json\/wp\/v2\/categories?post=3060"},{"taxonomy":"post_tag","embeddable":true,"href":"https:\/\/www.enorsai.com\/noticias\/wp-json\/wp\/v2\/tags?post=3060"}],"curies":[{"name":"wp","href":"https:\/\/api.w.org\/{rel}","templated":true}]}}