{"id":306,"date":"2025-01-30T11:48:52","date_gmt":"2025-01-30T11:48:52","guid":{"rendered":"http:\/\/www.enorsai.com\/noticias\/?p=306"},"modified":"2025-01-30T11:48:52","modified_gmt":"2025-01-30T11:48:52","slug":"un-viaje-sonoro-al-origen-indie-folk-fusion-de-nacion-wiphala","status":"publish","type":"post","link":"https:\/\/www.enorsai.com\/noticias\/cultura\/un-viaje-sonoro-al-origen-indie-folk-fusion-de-nacion-wiphala\/","title":{"rendered":"Un viaje sonoro al origen \u2013 Indie folk fusi\u00f3n de NACI\u00d3N WIPHALA"},"content":{"rendered":"\n<p>Naci\u00f3n Wiphala se presenta en el formato de Cuarteto, junto a Franco Ram\u00edrez, Josefina Marcel y Franco Dicatarina, Naci\u00f3n Wiphala explora un ensamble vocal de precisi\u00f3n t\u00e9cnica, complementado con un enfoque electroac\u00fastico que reimagina tanto canciones propias como cl\u00e1sicos latinoamericanos. <br><br>Presenta su \u00faltimo disco, Sesiones Mestiza. Este disco es un recorrido sonoro que combina m\u00fasica de ra\u00edz americana con elementos contempor\u00e1neos, ofreciendo una experiencia musical aut\u00e9ntica y profundamente conectada con sus p\u00fablicos. Sesiones Mestiza es m\u00e1s que un disco: es una declaraci\u00f3n art\u00edstica que busca celebrar la diversidad y la riqueza cultural de nuestra regi\u00f3n. <br><br>Naci\u00f3n Wiphala reafirma su compromiso con la m\u00fasica como un puente para construir comunidad, promoviendo valores de unidad y respeto mutuo.<br><br>Mi\u00e9rcoles 12 de febrero de 20 a 3 am,<br>Pe\u00f1a Sombra Blanca:. J.J. Circuito cultural: Jean Jaures 347- Abasto &#8211; CABA<br><br>Jueves 13 de febrero 21hs<br>La Chaza Pe\u00f1a en Guajira: Calle 49 #484 entre 4 y 5, La Plata<br><br>Viernes 14 de febrero 20hs<br>Centro Cultural y Social Jos\u00e9 Artigas: Mitre 846 &#8211; Luj\u00e1n<br>Naci\u00f3n Wiphala cuarteto y Bife trio<br><br>Viernes 7 de marzo 20hs<br>Teatro Municipal Pepe Soriano: Ituzaing\u00f3 2950 \u2013 Benavidez (@teatromunicipalpepesorianook)<\/p>\n\n\n\n<p><a href=\"https:\/\/linktr.ee\/NACION.WIPHALA\">https:\/\/linktr.ee\/NACION.WIPHALA<\/a><\/p>\n\n\n\n<figure class=\"wp-block-embed is-type-video is-provider-youtube wp-block-embed-youtube wp-embed-aspect-16-9 wp-has-aspect-ratio\"><div class=\"wp-block-embed__wrapper\">\n<iframe loading=\"lazy\" title=\"Entre gallo y medianoche \u2022 Naci\u00f3n Wiphala en Concierto \u2022 Sesiones Mestiza\" width=\"640\" height=\"360\" src=\"https:\/\/www.youtube.com\/embed\/r39dUJtvyBc?start=253&#038;feature=oembed\" frameborder=\"0\" allow=\"accelerometer; autoplay; clipboard-write; encrypted-media; gyroscope; picture-in-picture; web-share\" referrerpolicy=\"strict-origin-when-cross-origin\" allowfullscreen><\/iframe>\n<\/div><\/figure>\n\n\n\n<figure class=\"wp-block-embed is-type-video is-provider-youtube wp-block-embed-youtube wp-embed-aspect-16-9 wp-has-aspect-ratio\"><div class=\"wp-block-embed__wrapper\">\n<iframe loading=\"lazy\" title=\"Alma Cautiva  | Set Solo \u2022 Naci\u00f3n Wiphala en Concierto | Sesiones Mestiza\" width=\"640\" height=\"360\" src=\"https:\/\/www.youtube.com\/embed\/MGrFLawqrBA?feature=oembed\" frameborder=\"0\" allow=\"accelerometer; autoplay; clipboard-write; encrypted-media; gyroscope; picture-in-picture; web-share\" referrerpolicy=\"strict-origin-when-cross-origin\" allowfullscreen><\/iframe>\n<\/div><\/figure>\n\n\n\n<p><\/p>\n","protected":false},"excerpt":{"rendered":"<p>Naci\u00f3n Wiphala se presenta en el formato de Cuarteto, junto a Franco Ram\u00edrez, Josefina Marcel y Franco Dicatarina, Naci\u00f3n Wiphala explora un ensamble vocal de precisi\u00f3n t\u00e9cnica, complementado con un enfoque electroac\u00fastico que reimagina tanto canciones propias como cl\u00e1sicos latinoamericanos. Presenta su \u00faltimo disco, Sesiones Mestiza. Este disco es un recorrido sonoro que combina m\u00fasica&#8230;<\/p>\n","protected":false},"author":1,"featured_media":314,"comment_status":"open","ping_status":"open","sticky":false,"template":"","format":"standard","meta":{"_monsterinsights_skip_tracking":false,"_monsterinsights_sitenote_active":false,"_monsterinsights_sitenote_note":"","_monsterinsights_sitenote_category":0,"footnotes":"","jetpack_publicize_message":"","jetpack_publicize_feature_enabled":false,"jetpack_social_post_already_shared":false,"jetpack_social_options":{"image_generator_settings":{"template":"highway","enabled":false},"version":2}},"categories":[5],"tags":[],"class_list":["post-306","post","type-post","status-publish","format-standard","has-post-thumbnail","hentry","category-cultura"],"jetpack_publicize_connections":[],"_links":{"self":[{"href":"https:\/\/www.enorsai.com\/noticias\/wp-json\/wp\/v2\/posts\/306","targetHints":{"allow":["GET"]}}],"collection":[{"href":"https:\/\/www.enorsai.com\/noticias\/wp-json\/wp\/v2\/posts"}],"about":[{"href":"https:\/\/www.enorsai.com\/noticias\/wp-json\/wp\/v2\/types\/post"}],"author":[{"embeddable":true,"href":"https:\/\/www.enorsai.com\/noticias\/wp-json\/wp\/v2\/users\/1"}],"replies":[{"embeddable":true,"href":"https:\/\/www.enorsai.com\/noticias\/wp-json\/wp\/v2\/comments?post=306"}],"version-history":[{"count":2,"href":"https:\/\/www.enorsai.com\/noticias\/wp-json\/wp\/v2\/posts\/306\/revisions"}],"predecessor-version":[{"id":315,"href":"https:\/\/www.enorsai.com\/noticias\/wp-json\/wp\/v2\/posts\/306\/revisions\/315"}],"wp:featuredmedia":[{"embeddable":true,"href":"https:\/\/www.enorsai.com\/noticias\/wp-json\/wp\/v2\/media\/314"}],"wp:attachment":[{"href":"https:\/\/www.enorsai.com\/noticias\/wp-json\/wp\/v2\/media?parent=306"}],"wp:term":[{"taxonomy":"category","embeddable":true,"href":"https:\/\/www.enorsai.com\/noticias\/wp-json\/wp\/v2\/categories?post=306"},{"taxonomy":"post_tag","embeddable":true,"href":"https:\/\/www.enorsai.com\/noticias\/wp-json\/wp\/v2\/tags?post=306"}],"curies":[{"name":"wp","href":"https:\/\/api.w.org\/{rel}","templated":true}]}}