{"id":3051,"date":"2025-04-03T05:54:50","date_gmt":"2025-04-03T08:54:50","guid":{"rendered":"https:\/\/www.enorsai.com\/noticias\/?p=3051"},"modified":"2025-04-03T05:54:50","modified_gmt":"2025-04-03T08:54:50","slug":"tarifazo-el-gobierno-autoriza-nuevos-aumentos-en-la-luz-y-el-gas-que-impactan-sobre-los-sectores-populares","status":"publish","type":"post","link":"https:\/\/www.enorsai.com\/noticias\/economia\/tarifazo-el-gobierno-autoriza-nuevos-aumentos-en-la-luz-y-el-gas-que-impactan-sobre-los-sectores-populares\/","title":{"rendered":"Tarifazo: El Gobierno autoriza nuevos aumentos en la luz y el gas que impactan sobre los sectores populares"},"content":{"rendered":"\n<p><strong><em>Las facturas de electricidad y gas subir\u00e1n hasta un 1,8% en abril, sum\u00e1ndose a una escalada de incrementos sistem\u00e1ticos que duplicaron el costo de los servicios en un a\u00f1o. El gobierno de Javier Milei pospone la Revisi\u00f3n Quinquenal de Tarifas para mayo, pero ya prepara ajustes mensuales autom\u00e1ticos.<\/em><\/strong><\/p>\n\n\n\n<p>El gobierno de Javier Milei sigue adelante con su pol\u00edtica de tarifazos progresivos. A partir de abril, las boletas de luz y gas aumentar\u00e1n un 1,7% y un 1,8%, respectivamente, en un nuevo golpe al bolsillo de los argentinos. La medida, publicada en el Bolet\u00edn Oficial, responde a una estrategia de ajuste sostenido que, seg\u00fan los especialistas, busca trasladar el costo de los servicios p\u00fablicos \u00edntegramente a los usuarios sin contemplaciones.<\/p>\n\n\n\n<p>Desde su llegada a la Casa Rosada, Milei implement\u00f3 un esquema de aumentos constantes que, en poco m\u00e1s de un a\u00f1o, duplic\u00f3 el costo de la canasta b\u00e1sica energ\u00e9tica de una familia tipo. \u00abEl gobierno no quiere asumir el costo pol\u00edtico de un tarifazo masivo, pero lo hace por goteo\u00bb, explica Andrea Manzi, coordinadora de la Red Nacional de Multisectoriales y del Foro Multisectorial contra los Tarifazos. Mientras tanto, las empresas transportadoras y distribuidoras energ\u00e9ticas contin\u00faan presionando por subas a\u00fan mayores, algunas de hasta el 10%.<\/p>\n\n\n\n<p>El incremento en las tarifas de abril es solo un adelanto de lo que viene. El gobierno posterg\u00f3 para mayo la aplicaci\u00f3n de la Revisi\u00f3n Quinquenal de Tarifas, que fijar\u00e1 aumentos mensuales autom\u00e1ticos por los pr\u00f3ximos cinco a\u00f1os. En este esquema, las empresas tambi\u00e9n deber\u00e1n cumplir con est\u00e1ndares de inversi\u00f3n, aunque la historia demuestra que muchas de ellas reciben los incrementos sin que se traduzcan en mejoras en el servicio. A esto se suma la posibilidad de ajustes adicionales por variaciones en el tipo de cambio, lo que podr\u00eda derivar en facturas a\u00fan m\u00e1s elevadas en los pr\u00f3ximos meses.<\/p>\n\n\n\n<div class=\"wp-block-jetpack-related-posts has-medium-font-size\"><\/div>\n\n\n\n<p>Mientras Milei y su equipo justifican estos aumentos con el argumento de reducir el d\u00e9ficit fiscal, la realidad es que el impacto se siente con fuerza en los sectores m\u00e1s vulnerables. \u201cHoy una familia promedio destina 150.000 pesos al pago de servicios p\u00fablicos, una cifra comparable a la de cualquier servicio privado\u201d, advierte Manzi. De este modo, el acceso a la energ\u00eda deja de ser un derecho y pasa a convertirse en un lujo para muchos hogares argentinos.<\/p>\n\n\n\n<p>La situaci\u00f3n se agrava con la disoluci\u00f3n del Fondo Fiduciario para el Transporte El\u00e9ctrico Federal, decretada por el Ejecutivo el 1\u00b0 de abril. Este fondo, que hasta diciembre contaba con un saldo positivo de 61.300 millones de pesos, se destinaba a financiar obras en el sistema de transporte de electricidad en alta tensi\u00f3n en todo el pa\u00eds. Sin embargo, el gobierno decidi\u00f3 desmantelarlo, redirigiendo los fondos al Ministerio de Econom\u00eda. \u00abEs un acto desesperado por la situaci\u00f3n financiera nacional\u00bb, sostiene Manzi, advirtiendo que la medida podr\u00eda comprometer la estabilidad del sistema el\u00e9ctrico a futuro.<\/p>\n\n\n\n<p>El ajuste tambi\u00e9n alcanza a las zonas fr\u00edas del pa\u00eds, donde el gobierno increment\u00f3 el recargo en las tarifas de gas para financiar subsidios a los consumos residenciales. A partir del 1\u00b0 de abril, el recargo ser\u00e1 del 6% sobre el Punto de Ingreso al Sistema de Transporte (PIST). Sin embargo, lejos de ser un alivio para los usuarios, esta medida implica un aumento en los costos generales de distribuci\u00f3n del gas, lo que se traducir\u00e1 en nuevas subas en las boletas.<\/p>\n\n\n\n<p>El patr\u00f3n es claro: mientras Milei avanza con su plan de ajuste, los hogares argentinos ven c\u00f3mo sus ingresos se diluyen entre facturas cada vez m\u00e1s caras. Los tarifazos son una constante y el impacto en el poder adquisitivo es innegable. A pesar de la ret\u00f3rica libertaria, la realidad demuestra que el gobierno no solo mantiene la l\u00f3gica del ajuste, sino que la profundiza con mecanismos cada vez m\u00e1s sofisticados para trasladar los costos a la poblaci\u00f3n. La pregunta no es si las tarifas seguir\u00e1n subiendo, sino hasta d\u00f3nde llegar\u00e1 el l\u00edmite del bolsillo de los argentinos antes de que el malestar se transforme en resistencia.<\/p>\n\n\n\n<p>Fuente:<\/p>\n\n\n\n<ul class=\"wp-block-list\">\n<li><a href=\"https:\/\/www.pagina12.com.ar\/815009-suben-en-abril-la-luz-y-el-gas\">https:\/\/www.pagina12.com.ar\/815009-suben-en-abril-la-luz-y-el-gas<\/a><\/li>\n<\/ul>\n","protected":false},"excerpt":{"rendered":"<p>El gobierno de Javier Milei sigue ajustando el bolsillo de los argentinos con nuevos aumentos en las tarifas de luz y gas. Bajo la excusa de la \u201cemergencia energ\u00e9tica\u201d, las subas son constantes y golpean a las familias. Mientras tanto, se desmantelan fondos clave para el desarrollo del sistema el\u00e9ctrico.<\/p>\n","protected":false},"author":1,"featured_media":3052,"comment_status":"open","ping_status":"open","sticky":false,"template":"","format":"standard","meta":{"_monsterinsights_skip_tracking":false,"_monsterinsights_sitenote_active":false,"_monsterinsights_sitenote_note":"","_monsterinsights_sitenote_category":0,"footnotes":"","jetpack_publicize_message":"Tarifazo: El Gobierno autoriza nuevos aumentos en la luz y el gas que impactan sobre los sectores populares","jetpack_publicize_feature_enabled":true,"jetpack_social_post_already_shared":false,"jetpack_social_options":{"image_generator_settings":{"template":"highway","enabled":false},"version":2}},"categories":[3],"tags":[58,458,43,15,1187,813,1189,227,45,1188],"class_list":["post-3051","post","type-post","status-publish","format-standard","has-post-thumbnail","hentry","category-economia","tag-ajuste","tag-aumentos","tag-crisis","tag-economia","tag-electricidad","tag-energia","tag-gas","tag-inflacion","tag-milei","tag-tarifazo"],"jetpack_publicize_connections":[],"_links":{"self":[{"href":"https:\/\/www.enorsai.com\/noticias\/wp-json\/wp\/v2\/posts\/3051","targetHints":{"allow":["GET"]}}],"collection":[{"href":"https:\/\/www.enorsai.com\/noticias\/wp-json\/wp\/v2\/posts"}],"about":[{"href":"https:\/\/www.enorsai.com\/noticias\/wp-json\/wp\/v2\/types\/post"}],"author":[{"embeddable":true,"href":"https:\/\/www.enorsai.com\/noticias\/wp-json\/wp\/v2\/users\/1"}],"replies":[{"embeddable":true,"href":"https:\/\/www.enorsai.com\/noticias\/wp-json\/wp\/v2\/comments?post=3051"}],"version-history":[{"count":1,"href":"https:\/\/www.enorsai.com\/noticias\/wp-json\/wp\/v2\/posts\/3051\/revisions"}],"predecessor-version":[{"id":3053,"href":"https:\/\/www.enorsai.com\/noticias\/wp-json\/wp\/v2\/posts\/3051\/revisions\/3053"}],"wp:featuredmedia":[{"embeddable":true,"href":"https:\/\/www.enorsai.com\/noticias\/wp-json\/wp\/v2\/media\/3052"}],"wp:attachment":[{"href":"https:\/\/www.enorsai.com\/noticias\/wp-json\/wp\/v2\/media?parent=3051"}],"wp:term":[{"taxonomy":"category","embeddable":true,"href":"https:\/\/www.enorsai.com\/noticias\/wp-json\/wp\/v2\/categories?post=3051"},{"taxonomy":"post_tag","embeddable":true,"href":"https:\/\/www.enorsai.com\/noticias\/wp-json\/wp\/v2\/tags?post=3051"}],"curies":[{"name":"wp","href":"https:\/\/api.w.org\/{rel}","templated":true}]}}