{"id":3043,"date":"2025-04-02T15:50:04","date_gmt":"2025-04-02T18:50:04","guid":{"rendered":"https:\/\/www.enorsai.com\/noticias\/politica\/cristina-kirchner-sobre-milei-es-el-pensamiento-cipayo\/"},"modified":"2025-04-02T15:50:04","modified_gmt":"2025-04-02T18:50:04","slug":"cristina-kirchner-sobre-milei-es-el-pensamiento-cipayo","status":"publish","type":"post","link":"https:\/\/www.enorsai.com\/noticias\/politica\/cristina-kirchner-sobre-milei-es-el-pensamiento-cipayo\/","title":{"rendered":"Cristina Kirchner sobre Milei: \u00abEs el pensamiento cipayo\u00bb"},"content":{"rendered":"\n<p>La ex presidenta Cristina Fern\u00e1ndez de Kirchner volvi\u00f3 a utilizar sus redes sociales para cuestionar al presidente Javier Milei, esta vez en relaci\u00f3n con la postura del gobierno sobre la soberan\u00eda de las Islas Malvinas. En un mensaje publicado en Twitter, la ex mandataria calific\u00f3 de \u00abcipayo\u00bb el pensamiento del actual jefe de Estado y asegur\u00f3 que su actitud no es solo una opini\u00f3n pol\u00edtica, sino una descripci\u00f3n literal de su accionar.<\/p>\n\n\n\n<p>\u00abY esto no es adjetivaci\u00f3n sino descripci\u00f3n y, por ende, literalidad. El cipayo es alguien partidario del poder extranjero en desmedro de los intereses del pa\u00eds en el que naci\u00f3. A ese lugar, las grandes mayor\u00edas lo llaman Patria y lo defienden como tal. Este peque\u00f1o hombrecito no quiere&#8230; ni puede entenderlo. Grave&#8230; Muy grave\u00bb, expres\u00f3 Fern\u00e1ndez de Kirchner en su tuit.<\/p>\n\n\n\n<p>El mensaje estuvo acompa\u00f1ado por dos recortes de noticias que refuerzan la cr\u00edtica de la ex presidenta. En el primero, tomado del portal La Pol\u00edtica Online, se destaca que Milei rompi\u00f3 con el reclamo hist\u00f3rico por Malvinas al reconocer la \u00abautodeterminaci\u00f3n de los malvinenses\u00bb. Seg\u00fan este medio, el mandatario declar\u00f3 que Argentina primero deb\u00eda convertirse en un pa\u00eds pr\u00f3spero antes de insistir en la cuesti\u00f3n de soberan\u00eda, y su discurso en la apertura de sesiones del Congreso dur\u00f3 menos de seis minutos.<\/p>\n\n\n\n<p>El segundo recorte, del diario La Naci\u00f3n, indica que la pol\u00edtica de \u00abseducci\u00f3n\u00bb hacia los isle\u00f1os dispuesta por Milei gener\u00f3 fuertes rechazos. Aunque desde el gobierno intentaron desmentir que el Presidente haya reconocido expl\u00edcitamente el derecho de autodeterminaci\u00f3n de los habitantes de las islas, diversos dirigentes sostienen que sus palabras \u00abponen en peligro\u00bb el reclamo soberano argentino sobre el archipi\u00e9lago.<\/p>\n\n\n\n<p><\/p>\n\n\n\n<p>Un giro peligroso en la pol\u00edtica exterior<\/p>\n\n\n\n<p>La postura de Milei respecto a Malvinas ha encendido las alarmas entre sectores pol\u00edticos de distinto signo, que ven en sus declaraciones un retroceso en el reclamo de soberan\u00eda que Argentina ha mantenido hist\u00f3ricamente en todos los foros internacionales. El hecho de que haya relativizado la reivindicaci\u00f3n del territorio insular y condicionado el reclamo a la prosperidad econ\u00f3mica del pa\u00eds es, para muchos, una se\u00f1al de claudicaci\u00f3n frente a los intereses brit\u00e1nicos.<\/p>\n\n\n\n<p>Las cr\u00edticas no tardaron en llegar. Desde el peronismo y sectores nacionalistas acusaron al mandatario de traicionar la causa Malvinas, una de las pocas banderas que tradicionalmente han unido a la sociedad argentina m\u00e1s all\u00e1 de las diferencias partidarias. La ex presidenta no fue la \u00fanica en se\u00f1alar la gravedad del asunto, sino que diversos analistas y dirigentes advirtieron que este cambio de postura podr\u00eda debilitar la posici\u00f3n argentina en el \u00e1mbito diplom\u00e1tico y en organismos internacionales como la ONU.<\/p>\n\n\n\n<p><\/p>\n\n\n\n<p>El \u00abpensamiento cipayo\u00bb y la historia argentina<\/p>\n\n\n\n<p>El t\u00e9rmino \u00abcipayo\u00bb utilizado por Cristina Fern\u00e1ndez de Kirchner tiene una fuerte carga hist\u00f3rica. Originalmente, se usaba para referirse a los soldados indios que serv\u00edan al ej\u00e9rcito brit\u00e1nico durante la colonizaci\u00f3n, pero en Argentina se convirti\u00f3 en sin\u00f3nimo de traici\u00f3n a los intereses nacionales en favor de potencias extranjeras. En este caso, la ex mandataria asocia a Milei con esa figura hist\u00f3rica al considerar que su postura respecto a Malvinas favorece los intereses brit\u00e1nicos en desmedro del reclamo argentino.<\/p>\n\n\n\n<p>M\u00e1s all\u00e1 de la disputa sem\u00e1ntica, el trasfondo del debate es claro: la pol\u00edtica exterior de Milei, alineada con la visi\u00f3n neoliberal de las grandes potencias, representa un quiebre con la tradici\u00f3n de defensa de la soberan\u00eda que ha sostenido Argentina durante d\u00e9cadas. Su gobierno, que ya ha mostrado signos de acercamiento a Washington y Londres, parece dispuesto a resignar una de las causas m\u00e1s emblem\u00e1ticas del sentimiento nacional.<\/p>\n\n\n\n<p><\/p>\n\n\n\n<p>Un debate que no se cierra<\/p>\n\n\n\n<p>La controversia en torno a la postura de Milei sobre Malvinas no solo ha reavivado el debate sobre la soberan\u00eda de las islas, sino que tambi\u00e9n ha puesto en el centro de la escena la identidad pol\u00edtica del gobierno libertario. Mientras el Presidente insiste en su pragmatismo y su visi\u00f3n de \u00abpriorizar el crecimiento econ\u00f3mico\u00bb antes que el reclamo territorial, sus cr\u00edticos lo acusan de rendirse ante el poder extranjero.<\/p>\n\n\n\n<p>El tiempo dir\u00e1 si este giro en la pol\u00edtica exterior se traduce en cambios concretos en la relaci\u00f3n con el Reino Unido o si se trata solo de una estrategia discursiva. Lo cierto es que, como advirti\u00f3 Cristina Fern\u00e1ndez de Kirchner, la renuncia impl\u00edcita a la soberan\u00eda sobre las Malvinas podr\u00eda marcar un antes y un despu\u00e9s en la historia argentina.<br \/><\/p>\n\n\n\n<p><\/p>\n","protected":false},"excerpt":{"rendered":"<p>La ex presidenta Cristina Fern\u00e1ndez de Kirchner volvi\u00f3 a utilizar sus redes sociales para cuestionar al presidente Javier Milei, esta vez en relaci\u00f3n con la postura del gobierno sobre la soberan\u00eda de las Islas Malvinas. En un mensaje publicado en Twitter, la ex mandataria calific\u00f3 de \u00abcipayo\u00bb el pensamiento del actual jefe de Estado y&#8230;<\/p>\n","protected":false},"author":1,"featured_media":3042,"comment_status":"open","ping_status":"open","sticky":false,"template":"","format":"standard","meta":{"_monsterinsights_skip_tracking":false,"_monsterinsights_sitenote_active":false,"_monsterinsights_sitenote_note":"","_monsterinsights_sitenote_category":0,"footnotes":"","jetpack_publicize_message":"","jetpack_publicize_feature_enabled":true,"jetpack_social_post_already_shared":true,"jetpack_social_options":{"image_generator_settings":{"template":"highway","default_image_id":0,"font":"","enabled":false},"version":2}},"categories":[2],"tags":[88,523,123,45],"class_list":["post-3043","post","type-post","status-publish","format-standard","has-post-thumbnail","hentry","category-politica","tag-cfk","tag-cristina-fernandez-de-kirchner","tag-malvinas","tag-milei"],"jetpack_publicize_connections":[],"_links":{"self":[{"href":"https:\/\/www.enorsai.com\/noticias\/wp-json\/wp\/v2\/posts\/3043","targetHints":{"allow":["GET"]}}],"collection":[{"href":"https:\/\/www.enorsai.com\/noticias\/wp-json\/wp\/v2\/posts"}],"about":[{"href":"https:\/\/www.enorsai.com\/noticias\/wp-json\/wp\/v2\/types\/post"}],"author":[{"embeddable":true,"href":"https:\/\/www.enorsai.com\/noticias\/wp-json\/wp\/v2\/users\/1"}],"replies":[{"embeddable":true,"href":"https:\/\/www.enorsai.com\/noticias\/wp-json\/wp\/v2\/comments?post=3043"}],"version-history":[{"count":0,"href":"https:\/\/www.enorsai.com\/noticias\/wp-json\/wp\/v2\/posts\/3043\/revisions"}],"wp:featuredmedia":[{"embeddable":true,"href":"https:\/\/www.enorsai.com\/noticias\/wp-json\/wp\/v2\/media\/3042"}],"wp:attachment":[{"href":"https:\/\/www.enorsai.com\/noticias\/wp-json\/wp\/v2\/media?parent=3043"}],"wp:term":[{"taxonomy":"category","embeddable":true,"href":"https:\/\/www.enorsai.com\/noticias\/wp-json\/wp\/v2\/categories?post=3043"},{"taxonomy":"post_tag","embeddable":true,"href":"https:\/\/www.enorsai.com\/noticias\/wp-json\/wp\/v2\/tags?post=3043"}],"curies":[{"name":"wp","href":"https:\/\/api.w.org\/{rel}","templated":true}]}}