{"id":3038,"date":"2025-04-02T11:13:43","date_gmt":"2025-04-02T14:13:43","guid":{"rendered":"https:\/\/www.enorsai.com\/noticias\/politica\/cristina-fernandez-de-kirchner-advierte-argentina-a-merced-de-las-potencias\/"},"modified":"2025-04-02T11:13:43","modified_gmt":"2025-04-02T14:13:43","slug":"cristina-fernandez-de-kirchner-advierte-argentina-a-merced-de-las-potencias","status":"publish","type":"post","link":"https:\/\/www.enorsai.com\/noticias\/politica\/cristina-fernandez-de-kirchner-advierte-argentina-a-merced-de-las-potencias\/","title":{"rendered":"Cristina Fern\u00e1ndez de Kirchner advierte: Argentina, a merced de las potencias"},"content":{"rendered":"\n<p>En el marco del 43\u00b0 aniversario del inicio de la Guerra de Malvinas, la expresidenta Cristina Fern\u00e1ndez de Kirchner comparti\u00f3 un comunicado de la Secretar\u00eda de Defensa del Partido Justicialista, en el que se critica la gesti\u00f3n del presidente Javier Milei respecto a la cuesti\u00f3n de las Islas Malvinas.<br><br>El documento se\u00f1ala que la administraci\u00f3n actual ha incurrido en \u00absobreideologizaci\u00f3n, desfinanciamiento y mala praxis diplom\u00e1tica\u00bb en relaci\u00f3n con la pol\u00edtica hacia las Malvinas. Estas decisiones, seg\u00fan el comunicado, van en contra de la pol\u00edtica de Estado sostenida hist\u00f3ricamente y se producen en un contexto global de creciente conflictividad y disputa por el control del Atl\u00e1ntico Sur y la proyecci\u00f3n ant\u00e1rtica.<br><br>Adem\u00e1s, se advierte que sin una presencia consolidada en el \u00e1rea austral, el fortalecimiento de las capacidades de defensa y una diplomacia activa, Argentina corre el riesgo de quedar a merced de las grandes potencias y ver deteriorada su posici\u00f3n en la cuesti\u00f3n Malvinas. El comunicado enfatiza la importancia de aprender de las lecciones hist\u00f3ricas para revertir el proceso cr\u00edtico que se ha experimentado en el \u00faltimo a\u00f1o.<br><br>En el D\u00eda de los Veteranos, Veteranas y de los Ca\u00eddos en la Guerra de Malvinas, el documento rinde homenaje a quienes perdieron la vida en el conflicto y reconoce a aquellos que a\u00fan sufren sus secuelas. Se sostiene que la mejor forma de honrarlos es mantener la pol\u00edtica de Estado sobre la cuesti\u00f3n Malvinas como una causa nacional y enarbolar las banderas de una Argentina libre, justa y soberana.<br><br>Este pronunciamiento refleja las tensiones pol\u00edticas actuales en torno a la estrategia del gobierno de Milei respecto a la soberan\u00eda de las Islas Malvinas y subraya la relevancia de una pol\u00edtica coherente y sostenida en defensa de los intereses nacionales en el Atl\u00e1ntico Sur.<br><br><br><\/p>\n","protected":false},"excerpt":{"rendered":"<p>En el marco del 43\u00b0 aniversario del inicio de la Guerra de Malvinas, la expresidenta Cristina Fern\u00e1ndez de Kirchner comparti\u00f3 un comunicado de la Secretar\u00eda de Defensa del Partido Justicialista, en el que se critica la gesti\u00f3n del presidente Javier Milei respecto a la cuesti\u00f3n de las Islas Malvinas. El documento se\u00f1ala que la administraci\u00f3n&#8230;<\/p>\n","protected":false},"author":1,"featured_media":3037,"comment_status":"open","ping_status":"open","sticky":false,"template":"","format":"standard","meta":{"_monsterinsights_skip_tracking":false,"_monsterinsights_sitenote_active":false,"_monsterinsights_sitenote_note":"","_monsterinsights_sitenote_category":0,"footnotes":"","jetpack_publicize_message":"","jetpack_publicize_feature_enabled":true,"jetpack_social_post_already_shared":true,"jetpack_social_options":{"image_generator_settings":{"template":"highway","default_image_id":0,"font":"","enabled":false},"version":2}},"categories":[2],"tags":[523,123],"class_list":["post-3038","post","type-post","status-publish","format-standard","has-post-thumbnail","hentry","category-politica","tag-cristina-fernandez-de-kirchner","tag-malvinas"],"jetpack_publicize_connections":[],"_links":{"self":[{"href":"https:\/\/www.enorsai.com\/noticias\/wp-json\/wp\/v2\/posts\/3038","targetHints":{"allow":["GET"]}}],"collection":[{"href":"https:\/\/www.enorsai.com\/noticias\/wp-json\/wp\/v2\/posts"}],"about":[{"href":"https:\/\/www.enorsai.com\/noticias\/wp-json\/wp\/v2\/types\/post"}],"author":[{"embeddable":true,"href":"https:\/\/www.enorsai.com\/noticias\/wp-json\/wp\/v2\/users\/1"}],"replies":[{"embeddable":true,"href":"https:\/\/www.enorsai.com\/noticias\/wp-json\/wp\/v2\/comments?post=3038"}],"version-history":[{"count":0,"href":"https:\/\/www.enorsai.com\/noticias\/wp-json\/wp\/v2\/posts\/3038\/revisions"}],"wp:featuredmedia":[{"embeddable":true,"href":"https:\/\/www.enorsai.com\/noticias\/wp-json\/wp\/v2\/media\/3037"}],"wp:attachment":[{"href":"https:\/\/www.enorsai.com\/noticias\/wp-json\/wp\/v2\/media?parent=3038"}],"wp:term":[{"taxonomy":"category","embeddable":true,"href":"https:\/\/www.enorsai.com\/noticias\/wp-json\/wp\/v2\/categories?post=3038"},{"taxonomy":"post_tag","embeddable":true,"href":"https:\/\/www.enorsai.com\/noticias\/wp-json\/wp\/v2\/tags?post=3038"}],"curies":[{"name":"wp","href":"https:\/\/api.w.org\/{rel}","templated":true}]}}