{"id":3036,"date":"2025-04-02T10:41:13","date_gmt":"2025-04-02T13:41:13","guid":{"rendered":"https:\/\/www.enorsai.com\/noticias\/sociedad\/malvinas-y-soberania-kicillof-llama-a-defender-el-interes-nacional-en-cada-lucha\/"},"modified":"2025-04-02T11:16:29","modified_gmt":"2025-04-02T14:16:29","slug":"malvinas-y-soberania-kicillof-llama-a-defender-el-interes-nacional-en-cada-lucha","status":"publish","type":"post","link":"https:\/\/www.enorsai.com\/noticias\/politica\/malvinas-y-soberania-kicillof-llama-a-defender-el-interes-nacional-en-cada-lucha\/","title":{"rendered":"Malvinas y soberan\u00eda: Kicillof llama a defender el inter\u00e9s nacional en cada lucha"},"content":{"rendered":"\n<p>El 2 de abril de 2025, en conmemoraci\u00f3n del D\u00eda del Veterano y de los Ca\u00eddos en la Guerra de Malvinas, el gobernador de la provincia de Buenos Aires, Axel Kicillof, reafirm\u00f3 el compromiso de su gesti\u00f3n con la soberan\u00eda argentina sobre las islas.<br><br>A trav\u00e9s de sus redes sociales, Kicillof expres\u00f3: \u00abPara honrar la memoria de los combatientes hay que ejercer la soberan\u00eda en cada decisi\u00f3n y cada lucha que damos para defender el inter\u00e9s nacional. El reclamo por Malvinas para nosotros es inclaudicable: fueron, son y ser\u00e1n argentinas\u00bb.<br><br>En l\u00ednea con este mensaje, la expresidenta Cristina Fern\u00e1ndez de Kirchner tambi\u00e9n se pronunci\u00f3 en sus redes sociales, compartiendo fragmentos de un documento elaborado por la Secretar\u00eda de Defensa del Partido Justicialista.<br><br>En su publicaci\u00f3n, destac\u00f3 la necesidad de fortalecer las capacidades de defensa y mantener una diplomacia activa para garantizar la integridad nacional y la soberan\u00eda sobre las Malvinas. Adem\u00e1s, enfatiz\u00f3 la importancia de aprender de la historia para revertir procesos cr\u00edticos actuales.<br><br>Estas declaraciones se producen en un contexto donde la cuesti\u00f3n de la soberan\u00eda sobre las Islas Malvinas sigue siendo un tema central en la agenda pol\u00edtica argentina. Ambos l\u00edderes resaltaron la importancia de mantener vivo el reclamo y honrar la memoria de quienes lucharon en el conflicto de 1982, subrayando que la defensa del inter\u00e9s nacional es una tarea continua que requiere compromiso y acci\u00f3n en cada decisi\u00f3n gubernamental.<br><br>La conmemoraci\u00f3n del 2 de abril sirve como recordatorio de la persistente reivindicaci\u00f3n argentina sobre las Islas Malvinas y la necesidad de pol\u00edticas que reflejen este compromiso con la soberan\u00eda y el respeto a la memoria de los ca\u00eddos.<br><br><br><br><br><br>&nbsp;&nbsp;&nbsp;&nbsp;&nbsp; <br><br>&nbsp;&nbsp; <br><br> <br><br><\/p>\n","protected":false},"excerpt":{"rendered":"<p>El 2 de abril de 2025, en conmemoraci\u00f3n del D\u00eda del Veterano y de los Ca\u00eddos en la Guerra de Malvinas, el gobernador de la provincia de Buenos Aires, Axel Kicillof, reafirm\u00f3 el compromiso de su gesti\u00f3n con la soberan\u00eda argentina sobre las islas. A trav\u00e9s de sus redes sociales, Kicillof expres\u00f3: \u00abPara honrar la&#8230;<\/p>\n","protected":false},"author":1,"featured_media":3035,"comment_status":"open","ping_status":"open","sticky":false,"template":"","format":"standard","meta":{"_monsterinsights_skip_tracking":false,"_monsterinsights_sitenote_active":false,"_monsterinsights_sitenote_note":"","_monsterinsights_sitenote_category":0,"footnotes":"","jetpack_publicize_message":"","jetpack_publicize_feature_enabled":true,"jetpack_social_post_already_shared":true,"jetpack_social_options":{"image_generator_settings":{"template":"highway","default_image_id":0,"font":"","enabled":false},"version":2}},"categories":[2],"tags":[238,123],"class_list":["post-3036","post","type-post","status-publish","format-standard","has-post-thumbnail","hentry","category-politica","tag-axel-kicillof","tag-malvinas"],"jetpack_publicize_connections":[],"_links":{"self":[{"href":"https:\/\/www.enorsai.com\/noticias\/wp-json\/wp\/v2\/posts\/3036","targetHints":{"allow":["GET"]}}],"collection":[{"href":"https:\/\/www.enorsai.com\/noticias\/wp-json\/wp\/v2\/posts"}],"about":[{"href":"https:\/\/www.enorsai.com\/noticias\/wp-json\/wp\/v2\/types\/post"}],"author":[{"embeddable":true,"href":"https:\/\/www.enorsai.com\/noticias\/wp-json\/wp\/v2\/users\/1"}],"replies":[{"embeddable":true,"href":"https:\/\/www.enorsai.com\/noticias\/wp-json\/wp\/v2\/comments?post=3036"}],"version-history":[{"count":1,"href":"https:\/\/www.enorsai.com\/noticias\/wp-json\/wp\/v2\/posts\/3036\/revisions"}],"predecessor-version":[{"id":3039,"href":"https:\/\/www.enorsai.com\/noticias\/wp-json\/wp\/v2\/posts\/3036\/revisions\/3039"}],"wp:featuredmedia":[{"embeddable":true,"href":"https:\/\/www.enorsai.com\/noticias\/wp-json\/wp\/v2\/media\/3035"}],"wp:attachment":[{"href":"https:\/\/www.enorsai.com\/noticias\/wp-json\/wp\/v2\/media?parent=3036"}],"wp:term":[{"taxonomy":"category","embeddable":true,"href":"https:\/\/www.enorsai.com\/noticias\/wp-json\/wp\/v2\/categories?post=3036"},{"taxonomy":"post_tag","embeddable":true,"href":"https:\/\/www.enorsai.com\/noticias\/wp-json\/wp\/v2\/tags?post=3036"}],"curies":[{"name":"wp","href":"https:\/\/api.w.org\/{rel}","templated":true}]}}