{"id":3025,"date":"2025-04-01T16:11:57","date_gmt":"2025-04-01T19:11:57","guid":{"rendered":"http:\/\/www.enorsai.com\/noticias\/?p=3025"},"modified":"2025-04-01T16:12:38","modified_gmt":"2025-04-01T19:12:38","slug":"la-pobreza-esta-mal-medida-victor-hugo-explico-por-que-es-enganoso-el-dato-que-celebro-milei","status":"publish","type":"post","link":"https:\/\/www.enorsai.com\/noticias\/sociedad\/la-pobreza-esta-mal-medida-victor-hugo-explico-por-que-es-enganoso-el-dato-que-celebro-milei\/","title":{"rendered":"\u00abLa pobreza est\u00e1 mal medida\u00bb: V\u00edctor Hugo explic\u00f3 por qu\u00e9 es enga\u00f1oso el dato que celebr\u00f3 Milei"},"content":{"rendered":"\n<h4 class=\"wp-block-heading\">En su editorial, el periodista y conductor de la 750 analiz\u00f3 los datos de la pobreza durante el segundo semestre de 2024 que dio a conocer el Indec. Por qu\u00e9 cree que podr\u00eda ser mucho m\u00e1s alto. El rol de la medici\u00f3n de la inflaci\u00f3n.<\/h4>\n\n\n\n<p><strong>V\u00edctor Hugo Morales<\/strong>\u00a0analiz\u00f3 que la\u00a0<strong>medici\u00f3n de la pobreza es \u00abp\u00e9sima\u00bb<\/strong>, advirti\u00f3 que el formato en que se lleva adelante el estudio excluye a millones de habitantes y relativiz\u00f3 los datos que dio a conocer el Instituto Nacional de Estad\u00edsticas y Censos (Indec) este lunes, cuando anunci\u00f3 que la pobreza en el segundo semestre de 2024 fue del 38,1 por ciento, 13 puntos por debajo del primer semestre del a\u00f1o pasado. \u00abEn el mismo instante en que ingresen los\u00a0<a href=\"https:\/\/www.pagina12.com.ar\/814811-dolar-mas-caro-y-menos-reservas\">d\u00f3lares\u00a0<\/a>del FMI, somos m\u00e1s pobres, y no hace falta el INDEC para que lo sepamos\u00bb, resalt\u00f3 el periodista y conductor de la 750 en su editorial.<\/p>\n\n\n\n<h2 class=\"wp-block-heading\">El editorial de V\u00edctor Hugo Morales<\/h2>\n\n\n\n<p>Hablemos de pobreza entonces&#8230;<\/p>\n\n\n\n<p>Alardear con este n\u00famero de ayer es bajarse a fumar un cigarrillo en una parada del tren. As\u00ed de ef\u00edmero.&nbsp;<a href=\"https:\/\/www.pagina12.com.ar\/diario\/suplementos\/cash\/17-7827-2014-07-27.html\">Seg\u00fan la UCA, Cristina Fern\u00e1ndez ten\u00eda en 2014 un 28 por ciento de pobreza<\/a>.&nbsp;<a href=\"https:\/\/chequeado.com\/el-explicador\/como-evoluciono-la-pobreza-durante-los-gobiernos-de-cfk-macri-fernandez-y-milei\/\" target=\"_blank\" rel=\"noreferrer noopener\"><em>Chequeado<\/em>&nbsp;estima que la inflaci\u00f3n de esa \u00e9poca se situ\u00f3 en un promedio del 30 por ciento<\/a>. El Instituto Scalabrini Ortiz daba un 46 por ciento en 2003 y menos del 15 por ciento en 2014, con m\u00e1s poblaci\u00f3n en el pa\u00eds. En 2013 estaba por debajo de los 13 puntos.&nbsp;<strong><a href=\"https:\/\/www.pagina12.com.ar\/770405-milei-llevo-la-pobreza-al-52-9-por-ciento\">Milei llev\u00f3 la pobreza al 50 y pico en el primer semestre&nbsp;<\/a><\/strong>y luego la trae a 38. Macri la aument\u00f3 dr\u00e1sticamente en 2016, usando n\u00fameros propios, pero sin poder disimular la ca\u00edda.<\/p>\n\n\n\n<p>Miremos al mundo. Varios estados de EE. UU. andan por el 28, aunque los hay muy ricos, con bastante menos, y eso mejora el promedio. En Italia, el 30 por ciento de las familias son pobres. Europa tiene un riesgo de pobreza claramente superior al 20 por ciento.<\/p>\n\n\n\n<iframe loading=\"lazy\" width=\"100%\" height=\"65px\" scrolling=\"no\" frameborder=\"no\" src=\"\/\/radiocut.fm\/audiocut\/embed\/mini\/editorial-victor-hugo-sobre-datos-pobreza\/\" ><\/iframe>\n\n\n\n<p>La medici\u00f3n de la pobreza es p\u00e9sima, y quien supo explicarlo gan\u00f3 hace poco un premio Nobel: Amartya Sen dice que no se puede trazar una l\u00ednea de pobreza y aplicarla a rajatabla a todo el mundo. Las condiciones de la cultura, el tipo de herramientas, la calidad de servicios deben pesar tanto o m\u00e1s que la l\u00ednea de ingresos.<\/p>\n\n\n\n<p>Nada m\u00e1s,&nbsp;<a href=\"https:\/\/www.pagina12.com.ar\/814766-la-pobreza-baja-en-argentina\">si leemos la nota de Natalia Kidd en&nbsp;<em>P\u00e1gina\/12<\/em>, vemos las limitaciones del c\u00e1lculo de ahora<\/a>: solo incluye 31 centros urbanos, los m\u00e1s poblados del pa\u00eds, ciudades con m\u00e1s de 100 mil habitantes. No se ocupa de ciudades peque\u00f1as y zonas rurales donde la estructura de la pobreza es distinta. Abarca menos de 30 millones de argentinos sobre un total de 47 millones.<\/p>\n\n\n\n<p>La pobreza est\u00e1 mal medida, pero si los datos de esa equivocada manera de analizarla son irreales, el informe hace agua por todos lados. La inflaci\u00f3n, con sus canastas de consumo falsas, cotejada con los ingresos, da una pobreza menor, no pueden dar una verdadera respuesta.<\/p>\n\n\n\n<figure class=\"wp-block-image\"><img decoding=\"async\" src=\"https:\/\/images.pagina12.com.ar\/styles\/width960\/public\/2025-04\/925604-vhm.JPG?itok=6RYRONdv\" alt=\"\"\/><\/figure>\n\n\n\n<p>Discutir sobre la pobreza entre el 38 y el 45 por ciento es una desgracia. Tiramos el n\u00famero y no se ven los seres humanos. Dos puntos m\u00e1s, dos puntos menos, \u00bfy qu\u00e9? Dentro del capitalismo se puede ir hacia la utop\u00eda y hacer mucho, pero mucho bien, como sucedi\u00f3 hasta 2015; o avanzar hacia la distop\u00eda, como estamos haciendo ahora. La consolidaci\u00f3n de una pobreza estructural y no transitoria. De esta \u00faltima se sale y se entra con facilidad. De la verdadera, lleva a\u00f1os, como sucedi\u00f3 entre 2000 y 2015.<\/p>\n\n\n\n<p>El mundo se cubre de la desidia para acorralar a la pobreza, lo cual ser\u00eda plenamente factible. Fijan en poco m\u00e1s de cinco d\u00f3lares por d\u00eda el dinero necesario para no ser pobre. \u00bfEst\u00e1n locos? S\u00ed, claro, la mitad de la poblaci\u00f3n mundial vive con menos de esa suma. La realidad es que los c\u00e1lculos en general son \u00abpobres\u00bb, sin jugar con la triste palabra. Seg\u00fan la ONU, se debe considerar el ingreso, el acceso a la salud, a los medicamentos, a la seguridad social, vivienda, alimentaci\u00f3n y grados de cohesi\u00f3n social.<\/p>\n\n\n\n<p>Agrego, por mi cuenta, el aspecto cultural, la pertenencia, los lazos inmediatos, la ciudad o el campo, las capitales o las peque\u00f1as poblaciones. El riesgo ha aumentado en los \u00faltimos a\u00f1os. Los recursos de Europa y EE. UU., que tienen siempre donde robar, contrastan con los pa\u00edses de Am\u00e9rica Latina, de los que ellos se aprovecharon. A\u00fan lo hacen.<\/p>\n\n\n\n<p>El pr\u00e9stamo del FMI est\u00e1 destinado a los bancos que custodian el dinero del mundo y permiten un monstruoso d\u00e9ficit fiscal, no permitido ni m\u00ednimamente para los pa\u00edses emergentes y pobres. El pr\u00e9stamo del FMI es la medida de la pobreza. Son pr\u00e9stamos y gobiernos; por eso promueven la deuda. Se hacen los que analizan y, en realidad, est\u00e1n fijando las condiciones de la entrega, el grado de pobreza imponible para los argentinos. En el mismo instante en que ingresen los d\u00f3lares del FMI, somos m\u00e1s pobres, y no hace falta el INDEC para que lo sepamos.<\/p>\n\n\n\n<p>Fuente:<\/p>\n\n\n\n<ul class=\"wp-block-list\">\n<li><a href=\"https:\/\/www.pagina12.com.ar\/814891-la-pobreza-esta-mal-medida-victor-hugo-explico-por-que-es-en\">https:\/\/www.pagina12.com.ar\/814891-la-pobreza-esta-mal-medida-victor-hugo-explico-por-que-es-en<\/a><\/li>\n<\/ul>\n\n\n\n<p><\/p>\n","protected":false},"excerpt":{"rendered":"<p>En su editorial, el periodista y conductor de la 750 analiz\u00f3 los datos de la pobreza durante el segundo semestre de 2024 que dio a conocer el Indec. Por qu\u00e9 cree que podr\u00eda ser mucho m\u00e1s alto. El rol de la medici\u00f3n de la inflaci\u00f3n. V\u00edctor Hugo Morales\u00a0analiz\u00f3 que la\u00a0medici\u00f3n de la pobreza es \u00abp\u00e9sima\u00bb,&#8230;<\/p>\n","protected":false},"author":1,"featured_media":3026,"comment_status":"open","ping_status":"open","sticky":false,"template":"","format":"standard","meta":{"_monsterinsights_skip_tracking":false,"_monsterinsights_sitenote_active":false,"_monsterinsights_sitenote_note":"","_monsterinsights_sitenote_category":0,"footnotes":"","jetpack_publicize_message":"","jetpack_publicize_feature_enabled":true,"jetpack_social_post_already_shared":true,"jetpack_social_options":{"image_generator_settings":{"template":"highway","default_image_id":0,"font":"","enabled":false},"version":2}},"categories":[4],"tags":[],"class_list":["post-3025","post","type-post","status-publish","format-standard","has-post-thumbnail","hentry","category-sociedad"],"jetpack_publicize_connections":[],"_links":{"self":[{"href":"https:\/\/www.enorsai.com\/noticias\/wp-json\/wp\/v2\/posts\/3025","targetHints":{"allow":["GET"]}}],"collection":[{"href":"https:\/\/www.enorsai.com\/noticias\/wp-json\/wp\/v2\/posts"}],"about":[{"href":"https:\/\/www.enorsai.com\/noticias\/wp-json\/wp\/v2\/types\/post"}],"author":[{"embeddable":true,"href":"https:\/\/www.enorsai.com\/noticias\/wp-json\/wp\/v2\/users\/1"}],"replies":[{"embeddable":true,"href":"https:\/\/www.enorsai.com\/noticias\/wp-json\/wp\/v2\/comments?post=3025"}],"version-history":[{"count":1,"href":"https:\/\/www.enorsai.com\/noticias\/wp-json\/wp\/v2\/posts\/3025\/revisions"}],"predecessor-version":[{"id":3027,"href":"https:\/\/www.enorsai.com\/noticias\/wp-json\/wp\/v2\/posts\/3025\/revisions\/3027"}],"wp:featuredmedia":[{"embeddable":true,"href":"https:\/\/www.enorsai.com\/noticias\/wp-json\/wp\/v2\/media\/3026"}],"wp:attachment":[{"href":"https:\/\/www.enorsai.com\/noticias\/wp-json\/wp\/v2\/media?parent=3025"}],"wp:term":[{"taxonomy":"category","embeddable":true,"href":"https:\/\/www.enorsai.com\/noticias\/wp-json\/wp\/v2\/categories?post=3025"},{"taxonomy":"post_tag","embeddable":true,"href":"https:\/\/www.enorsai.com\/noticias\/wp-json\/wp\/v2\/tags?post=3025"}],"curies":[{"name":"wp","href":"https:\/\/api.w.org\/{rel}","templated":true}]}}