{"id":3015,"date":"2025-04-01T11:36:19","date_gmt":"2025-04-01T14:36:19","guid":{"rendered":"http:\/\/www.enorsai.com\/noticias\/?p=3015"},"modified":"2025-04-01T11:36:19","modified_gmt":"2025-04-01T14:36:19","slug":"el-negociador-fantasma-el-enviado-de-milei-para-tratar-con-los-gremios-huyo-a-punta-del-este-y-dejo-en-el-aire-las-paritarias-de-aerolineas","status":"publish","type":"post","link":"https:\/\/www.enorsai.com\/noticias\/sociedad\/el-negociador-fantasma-el-enviado-de-milei-para-tratar-con-los-gremios-huyo-a-punta-del-este-y-dejo-en-el-aire-las-paritarias-de-aerolineas\/","title":{"rendered":"El negociador fantasma: El enviado de Milei para tratar con los gremios huy\u00f3 a Punta del Este y dej\u00f3 en el aire las paritarias de Aerol\u00edneas"},"content":{"rendered":"\n<p><strong>El esc\u00e1ndalo que desnud\u00f3 la hipocres\u00eda del \u00abajuste\u00bb: el funcionario clave en la negociaci\u00f3n salarial de Aerol\u00edneas Argentinas viaj\u00f3 en Primera Clase con su familia mientras los gremios esperaban respuestas.<\/strong><\/p>\n\n\n\n<p>La doctrina de la austeridad de Javier Milei parece ser, una vez m\u00e1s, un recurso discursivo m\u00e1s que una pr\u00e1ctica efectiva. Mientras el Gobierno exige sacrificios y ajuste a trabajadores y empresas estatales, uno de sus funcionarios clave, Facundo Diego Del Villar, responsable de la Comunicaci\u00f3n y Asuntos Institucionales de Aerol\u00edneas Argentinas y principal interlocutor con los sindicatos aeron\u00e1uticos, decidi\u00f3 tomarse unas exclusivas vacaciones en Punta del Este, viajando en Primera Clase junto a toda su familia. La noticia, confirmada por fuentes sindicales, desat\u00f3 una ola de indignaci\u00f3n entre los trabajadores, que aguardaban la reactivaci\u00f3n de la discusi\u00f3n salarial en la aerol\u00ednea de bandera.<\/p>\n\n\n\n<p class=\"has-medium-font-size\">El 8 de enero, en pleno contexto de tensi\u00f3n y con los gremios esperando retomar las paritarias, Del Villar abord\u00f3 un vuelo de Aerol\u00edneas Argentinas con destino a Punta del Este. El itinerario de regreso estaba programado para el 19 de enero, pero ante la repercusi\u00f3n del esc\u00e1ndalo, trascendi\u00f3 que intent\u00f3 adelantar su retorno para evitar el repudio generalizado. Sin embargo, el da\u00f1o ya estaba hecho: el \u00abajuste para los de abajo, privilegios para los de arriba\u00bb qued\u00f3 nuevamente expuesto.<\/p>\n\n\n\n<div class=\"wp-block-jetpack-related-posts has-medium-font-size\"><\/div>\n\n\n\n<p><strong>El ajuste es para los trabajadores, no para la casta libertaria<\/strong><\/p>\n\n\n\n<p>Desde su asunci\u00f3n, el Gobierno de Milei ha insistido en la necesidad de \u00abreordenar el gasto p\u00fablico\u00bb y \u00abterminar con los privilegios de la casta\u00bb. Sin embargo, los hechos desmienten el relato. La imagen de Del Villar disfrutando de unas vacaciones de lujo en uno de los destinos m\u00e1s exclusivos del continente es un golpe directo a la credibilidad del discurso libertario. La casta que Milei prometi\u00f3 erradicar parece haber encontrado un nuevo hogar en las filas de su propia gesti\u00f3n.<\/p>\n\n\n\n<p>Los gremios aeron\u00e1uticos no tardaron en reaccionar. En un comunicado, denunciaron que \u00abuna vez m\u00e1s las conducciones de Aerol\u00edneas Argentinas y Optar vulneran la confianza y la buena fe entre las partes, lo que implica llevarnos a un nuevo conflicto\u00bb. La bronca sindical no es casual: tras un 2024 marcado por conflictos laborales y acuerdos salariales insuficientes, los trabajadores de la aerol\u00ednea esperaban retomar la discusi\u00f3n para mejorar sus condiciones salariales. La ausencia de Del Villar fue percibida como una provocaci\u00f3n directa y una clara muestra de desprecio hacia los empleados.<\/p>\n\n\n\n<p><strong>Un negociador que se borra cuando hay que negociar<\/strong><\/p>\n\n\n\n<p>No es la primera vez que la gesti\u00f3n de Milei exhibe una total falta de respeto hacia los trabajadores. Pero el caso de Del Villar es particularmente grave: el funcionario, que deber\u00eda haber estado sentado en la mesa de negociaciones, opt\u00f3 por el sol y la arena de Punta del Este. La imagen de los sindicalistas aguardando respuestas mientras el negociador designado por el Gobierno disfrutaba de un descanso de lujo no hace m\u00e1s que aumentar la sensaci\u00f3n de que el ajuste es solo para los que menos tienen.<\/p>\n\n\n\n<p>El malestar en el sector aeron\u00e1utico es creciente. Pablo Bir\u00f3, titular de APLA (Asociaci\u00f3n de Pilotos de L\u00edneas A\u00e9reas), dej\u00f3 clara su postura: \u00abLos empleados merecen un salario acorde al esfuerzo realizado, m\u00e1s a\u00fan considerando el desempe\u00f1o r\u00e9cord de la empresa\u00bb. Aerol\u00edneas Argentinas ha mostrado una recuperaci\u00f3n significativa en sus operaciones, pero la pol\u00edtica gubernamental de desguace y precarizaci\u00f3n amenaza con desatar un nuevo conflicto que podr\u00eda derivar en medidas de fuerza.<\/p>\n\n\n\n<p><strong>El doble discurso de La Libertad Avanza<\/strong><\/p>\n\n\n\n<p>El episodio de Del Villar es solo la punta del iceberg de una gesti\u00f3n que predica la austeridad mientras sus funcionarios disfrutan de los lujos que tanto critican. La falta de compromiso con la negociaci\u00f3n salarial en Aerol\u00edneas Argentinas pone en evidencia la verdadera estrategia del Gobierno: forzar el conflicto, debilitar a los gremios y avanzar en el vaciamiento de la empresa para justificar futuras privatizaciones.<\/p>\n\n\n\n<p>No es casual que el responsable de la comunicaci\u00f3n y los asuntos institucionales de la aerol\u00ednea de bandera, cuyo rol es precisamente mediar y garantizar el di\u00e1logo con los sindicatos, sea el primero en fugarse ante una instancia clave. Su ausencia no solo deja a los trabajadores en una situaci\u00f3n de incertidumbre, sino que tambi\u00e9n expone la falta de seriedad del Gobierno en el manejo de las relaciones laborales.<\/p>\n\n\n\n<p><strong>Un gobierno que se esconde ante los conflictos<\/strong><\/p>\n\n\n\n<p>La estrategia de Milei parece ser clara: cuando se avecina un conflicto, el Gobierno se borra. Ya ocurri\u00f3 con los docentes universitarios, a quienes se les neg\u00f3 cualquier tipo de actualizaci\u00f3n salarial acorde a la inflaci\u00f3n; con los trabajadores del sector p\u00fablico, que enfrentan despidos masivos sin explicaciones; y ahora con los empleados de Aerol\u00edneas Argentinas, que ven c\u00f3mo su interlocutor oficial desaparece cuando m\u00e1s se lo necesita.<\/p>\n\n\n\n<p>La indignaci\u00f3n sindical va en aumento, y no es para menos. Mientras los trabajadores esperan respuestas, el \u00abnegociador\u00bb del Gobierno disfruta de su descanso dorado. La casta libertaria, lejos de haber sido erradicada, se sienta ahora en Primera Clase.<\/p>\n\n\n\n<p>Fuente:<\/p>\n\n\n\n<ul class=\"wp-block-list\">\n<li><a href=\"https:\/\/www.infogremiales.com.ar\/castalibertaria-el-funcionario-que-designo-milei-para-negociar-con-los-gremios-se-fue-con-toda-la-familia-a-punta-en-primera-y-planto-las-paritarias-en-aerolineas-argentinas\/\">https:\/\/www.infogremiales.com.ar\/castalibertaria-el-funcionario-que-designo-milei-para-negociar-con-los-gremios-se-fue-con-toda-la-familia-a-punta-en-primera-y-planto-las-paritarias-en-aerolineas-argentinas\/<\/a><\/li>\n<\/ul>\n","protected":false},"excerpt":{"rendered":"<p>El esc\u00e1ndalo que desnud\u00f3 la hipocres\u00eda del \u00abajuste\u00bb: el funcionario clave en la negociaci\u00f3n salarial de Aerol\u00edneas Argentinas viaj\u00f3 en Primera Clase con su familia mientras los gremios esperaban respuestas. La doctrina de la austeridad de Javier Milei parece ser, una vez m\u00e1s, un recurso discursivo m\u00e1s que una pr\u00e1ctica efectiva. Mientras el Gobierno exige&#8230;<\/p>\n","protected":false},"author":12,"featured_media":3016,"comment_status":"open","ping_status":"open","sticky":false,"template":"","format":"standard","meta":{"_monsterinsights_skip_tracking":false,"_monsterinsights_sitenote_active":false,"_monsterinsights_sitenote_note":"","_monsterinsights_sitenote_category":0,"footnotes":"","jetpack_publicize_message":"El negociador fantasma: El enviado de Milei para tratar con los gremios huy\u00f3 a Punta del Este y dej\u00f3 en el aire las paritarias de Aerol\u00edneas","jetpack_publicize_feature_enabled":true,"jetpack_social_post_already_shared":false,"jetpack_social_options":{"image_generator_settings":{"template":"highway","enabled":false},"version":2}},"categories":[4],"tags":[1179,45],"class_list":["post-3015","post","type-post","status-publish","format-standard","has-post-thumbnail","hentry","category-sociedad","tag-aerolineas-argentina","tag-milei"],"jetpack_publicize_connections":[],"_links":{"self":[{"href":"https:\/\/www.enorsai.com\/noticias\/wp-json\/wp\/v2\/posts\/3015","targetHints":{"allow":["GET"]}}],"collection":[{"href":"https:\/\/www.enorsai.com\/noticias\/wp-json\/wp\/v2\/posts"}],"about":[{"href":"https:\/\/www.enorsai.com\/noticias\/wp-json\/wp\/v2\/types\/post"}],"author":[{"embeddable":true,"href":"https:\/\/www.enorsai.com\/noticias\/wp-json\/wp\/v2\/users\/12"}],"replies":[{"embeddable":true,"href":"https:\/\/www.enorsai.com\/noticias\/wp-json\/wp\/v2\/comments?post=3015"}],"version-history":[{"count":1,"href":"https:\/\/www.enorsai.com\/noticias\/wp-json\/wp\/v2\/posts\/3015\/revisions"}],"predecessor-version":[{"id":3017,"href":"https:\/\/www.enorsai.com\/noticias\/wp-json\/wp\/v2\/posts\/3015\/revisions\/3017"}],"wp:featuredmedia":[{"embeddable":true,"href":"https:\/\/www.enorsai.com\/noticias\/wp-json\/wp\/v2\/media\/3016"}],"wp:attachment":[{"href":"https:\/\/www.enorsai.com\/noticias\/wp-json\/wp\/v2\/media?parent=3015"}],"wp:term":[{"taxonomy":"category","embeddable":true,"href":"https:\/\/www.enorsai.com\/noticias\/wp-json\/wp\/v2\/categories?post=3015"},{"taxonomy":"post_tag","embeddable":true,"href":"https:\/\/www.enorsai.com\/noticias\/wp-json\/wp\/v2\/tags?post=3015"}],"curies":[{"name":"wp","href":"https:\/\/api.w.org\/{rel}","templated":true}]}}