{"id":3011,"date":"2025-04-01T09:17:34","date_gmt":"2025-04-01T12:17:34","guid":{"rendered":"https:\/\/www.enorsai.com\/noticias\/?p=3011"},"modified":"2025-04-01T09:47:35","modified_gmt":"2025-04-01T12:47:35","slug":"la-trampa-estadistica-del-gobierno-bajo-realmente-la-pobreza-en-argentina","status":"publish","type":"post","link":"https:\/\/www.enorsai.com\/noticias\/economia\/la-trampa-estadistica-del-gobierno-bajo-realmente-la-pobreza-en-argentina\/","title":{"rendered":"La trampa estad\u00edstica del gobierno: \u00bfbaj\u00f3 realmente la pobreza en Argentina?"},"content":{"rendered":"\n<p>Pobreza cero (estad\u00edstica): Milei y la mentira de los n\u00fameros<\/p>\n\n\n\n<p><strong>El economista Guido Agostinelli desminti\u00f3 los festejos oficiales y explic\u00f3 c\u00f3mo el gobierno manipula las cifras para instalar una falsa recuperaci\u00f3n econ\u00f3mica.<\/strong><\/p>\n\n\n\n<p>Mientras el presidente Javier Milei y su equipo celebran una supuesta baja en los niveles de pobreza, la realidad en las calles parece contar otra historia. As\u00ed lo afirm\u00f3 el economista Guido Agostinelli en di\u00e1logo con Radio 10, donde desglos\u00f3 los mecanismos con los que el gobierno manipula los indicadores oficiales para construir un relato que no se condice con el d\u00eda a d\u00eda de la mayor\u00eda de los argentinos.<\/p>\n\n\n\n<p>\u201cEn la calle no se siente que est\u00e1 bajando la pobreza\u201d, asegur\u00f3 Agostinelli, quien explic\u00f3 que la estad\u00edstica utilizada por el gobierno para mostrar una ca\u00edda de la pobreza se apoya en una metodolog\u00eda desactualizada y distorsionada. \u201cLa canasta b\u00e1sica total ha aumentado menos que la inflaci\u00f3n, pero eso se debe a que est\u00e1 ponderada de una manera irreal, con un peso muy bajo de los servicios, cuando en realidad estos han subido m\u00e1s de un 400% en promedio\u201d, detall\u00f3.<\/p>\n\n\n\n<figure class=\"wp-block-embed is-type-rich is-provider-instagram wp-block-embed-instagram\"><div class=\"wp-block-embed__wrapper\">\nhttps:\/\/www.instagram.com\/p\/DH3_08nR6Wt\/?utm_source=ig_web_copy_link\n<\/div><\/figure>\n\n\n\n<p>El economista expuso que esta manipulaci\u00f3n no es nueva dentro del oficialismo y que responde a un intento de ocultar el impacto devastador de las pol\u00edticas econ\u00f3micas implementadas desde la asunci\u00f3n de Milei. \u201cEl gobierno dice que los salarios ya alcanzaron los niveles de noviembre de 2023, pero eso depende de la canasta con la que se mide. Si usamos una canasta m\u00e1s actualizada, vemos que los salarios todav\u00eda est\u00e1n por debajo de esa fecha, que de por s\u00ed ya era una vara baja\u201d, sentenci\u00f3.<\/p>\n\n\n\n<h3 class=\"wp-block-heading\"><strong>El espejismo de la baja de precios<\/strong><\/h3>\n\n\n\n<p>Otro de los factores que influy\u00f3 en la manipulaci\u00f3n estad\u00edstica es la liberalizaci\u00f3n del sector alimenticio impulsada por el gobierno. \u201cSturzenegger elimin\u00f3 barreras sanitarias que regulaban la importaci\u00f3n de alimentos, permitiendo que productos europeos y estadounidenses entren al pa\u00eds sin controles. Esto gener\u00f3 una competencia que moder\u00f3 la suba de los precios en productos envasados, pero a costa del colapso de la industria local\u201d, explic\u00f3 Agostinelli.<\/p>\n\n\n\n<figure class=\"wp-block-embed is-type-wp-embed is-provider-incrustado wp-block-embed-incrustado\"><div class=\"wp-block-embed__wrapper\">\n<blockquote class=\"wp-embedded-content\" data-secret=\"LDPu5kuQ5d\"><a href=\"https:\/\/www.enorsai.com\/noticias\/economia\/aumenta-la-nafta-pero-no-hay-inflacion-la-paradoja-economica-del-gobierno-de-milei\/\">Aumenta la nafta, pero no hay inflaci\u00f3n: la paradoja econ\u00f3mica del gobierno de Milei<\/a><\/blockquote><iframe loading=\"lazy\" class=\"wp-embedded-content\" sandbox=\"allow-scripts\" security=\"restricted\" style=\"position: absolute; visibility: hidden;\" title=\"\u00abAumenta la nafta, pero no hay inflaci\u00f3n: la paradoja econ\u00f3mica del gobierno de Milei\u00bb \u2014 \" src=\"https:\/\/www.enorsai.com\/noticias\/economia\/aumenta-la-nafta-pero-no-hay-inflacion-la-paradoja-economica-del-gobierno-de-milei\/embed\/#?secret=97LmleVtl2#?secret=LDPu5kuQ5d\" data-secret=\"LDPu5kuQ5d\" width=\"600\" height=\"338\" frameborder=\"0\" marginwidth=\"0\" marginheight=\"0\" scrolling=\"no\"><\/iframe>\n<\/div><\/figure>\n\n\n\n<p>Sin embargo, esta situaci\u00f3n tiene fecha de vencimiento. \u201cEste espejismo de estabilidad depende de que el d\u00f3lar permanezca controlado. Si el tipo de cambio se actualiza como exigen los sectores financieros, la supuesta baja de la inflaci\u00f3n en alimentos se va a evaporar y los precios van a dispararse nuevamente\u201d, advirti\u00f3 el economista.<\/p>\n\n\n\n<h3 class=\"wp-block-heading\"><strong>La mentira del \u2018primer semestre\u2019<\/strong><\/h3>\n\n\n\n<p>Agostinelli tambi\u00e9n desmont\u00f3 otra falacia del discurso oficial: la idea de que los datos actuales reflejan una mejora respecto a la gesti\u00f3n anterior. \u201cMilei pretende despegarse de los n\u00fameros del primer semestre de 2024, como si no fueran suyos, pero la realidad es que todo ese per\u00edodo estuvo bajo su gesti\u00f3n. Adem\u00e1s, cuando toma como punto de partida el 41,7% de pobreza del segundo semestre de 2023, ignora que ese n\u00famero ya estaba influenciado por su propio ajuste y la mega devaluaci\u00f3n de diciembre\u201d, explic\u00f3.<\/p>\n\n\n\n<figure class=\"wp-block-embed is-type-wp-embed is-provider-incrustado wp-block-embed-incrustado\"><div class=\"wp-block-embed__wrapper\">\n<blockquote class=\"wp-embedded-content\" data-secret=\"1x5DsiZrfX\"><a href=\"https:\/\/www.enorsai.com\/noticias\/economia\/evolucion-de-la-incidencia-de-la-pobreza-y-la-indigencia-segundo-semestre-de-2024\/\">Evoluci\u00f3n de la incidencia de la pobreza y la indigencia. Segundo semestre de 2024.<\/a><\/blockquote><iframe loading=\"lazy\" class=\"wp-embedded-content\" sandbox=\"allow-scripts\" security=\"restricted\" style=\"position: absolute; visibility: hidden;\" title=\"\u00abEvoluci\u00f3n de la incidencia de la pobreza y la indigencia. Segundo semestre de 2024.\u00bb \u2014 \" src=\"https:\/\/www.enorsai.com\/noticias\/economia\/evolucion-de-la-incidencia-de-la-pobreza-y-la-indigencia-segundo-semestre-de-2024\/embed\/#?secret=0qQg3arlOJ#?secret=1x5DsiZrfX\" data-secret=\"1x5DsiZrfX\" width=\"600\" height=\"338\" frameborder=\"0\" marginwidth=\"0\" marginheight=\"0\" scrolling=\"no\"><\/iframe>\n<\/div><\/figure>\n\n\n\n<p>La conclusi\u00f3n es contundente: los festejos del gobierno son pura ingenier\u00eda estad\u00edstica. \u201cSi uno mira m\u00e1s all\u00e1 de los n\u00fameros manipulados, la realidad es que la pobreza sigue en niveles alarmantes y la capacidad adquisitiva de los trabajadores no se ha recuperado. Es un ajuste sostenido en el tiempo que se disfraza con cifras ama\u00f1adas\u201d, sentenci\u00f3 Agostinelli.<\/p>\n\n\n\n<p>Mientras tanto, en los barrios y en los sectores m\u00e1s golpeados de la econom\u00eda, la supuesta baja de la pobreza no se traduce en mejoras concretas. Y aunque el gobierno insista en sostener su relato, la realidad tarde o temprano se impone.<\/p>\n\n\n\n<hr class=\"wp-block-separator has-alpha-channel-opacity\"\/>\n","protected":false},"excerpt":{"rendered":"<p>Pobreza cero (estad\u00edstica): Milei y la mentira de los n\u00fameros El economista Guido Agostinelli desminti\u00f3 los festejos oficiales y explic\u00f3 c\u00f3mo el gobierno manipula las cifras para instalar una falsa recuperaci\u00f3n econ\u00f3mica. Mientras el presidente Javier Milei y su equipo celebran una supuesta baja en los niveles de pobreza, la realidad en las calles parece&#8230;<\/p>\n","protected":false},"author":4,"featured_media":3012,"comment_status":"open","ping_status":"open","sticky":false,"template":"","format":"standard","meta":{"_monsterinsights_skip_tracking":false,"_monsterinsights_sitenote_active":false,"_monsterinsights_sitenote_note":"","_monsterinsights_sitenote_category":0,"footnotes":"","jetpack_publicize_message":"","jetpack_publicize_feature_enabled":true,"jetpack_social_post_already_shared":true,"jetpack_social_options":{"image_generator_settings":{"template":"highway","default_image_id":0,"font":"","enabled":false},"version":2}},"categories":[3,4],"tags":[58,93,1178,43,1176,1145,1177,105],"class_list":["post-3011","post","type-post","status-publish","format-standard","has-post-thumbnail","hentry","category-economia","category-sociedad","tag-ajuste","tag-argentina","tag-canasta-basica-y-costo-de-vida","tag-crisis","tag-inflacion-y-salarios","tag-javier-milei-ajuste-fiscal","tag-manipulacion-estadistica","tag-pobreza-en-argentina"],"jetpack_publicize_connections":[],"_links":{"self":[{"href":"https:\/\/www.enorsai.com\/noticias\/wp-json\/wp\/v2\/posts\/3011","targetHints":{"allow":["GET"]}}],"collection":[{"href":"https:\/\/www.enorsai.com\/noticias\/wp-json\/wp\/v2\/posts"}],"about":[{"href":"https:\/\/www.enorsai.com\/noticias\/wp-json\/wp\/v2\/types\/post"}],"author":[{"embeddable":true,"href":"https:\/\/www.enorsai.com\/noticias\/wp-json\/wp\/v2\/users\/4"}],"replies":[{"embeddable":true,"href":"https:\/\/www.enorsai.com\/noticias\/wp-json\/wp\/v2\/comments?post=3011"}],"version-history":[{"count":2,"href":"https:\/\/www.enorsai.com\/noticias\/wp-json\/wp\/v2\/posts\/3011\/revisions"}],"predecessor-version":[{"id":3014,"href":"https:\/\/www.enorsai.com\/noticias\/wp-json\/wp\/v2\/posts\/3011\/revisions\/3014"}],"wp:featuredmedia":[{"embeddable":true,"href":"https:\/\/www.enorsai.com\/noticias\/wp-json\/wp\/v2\/media\/3012"}],"wp:attachment":[{"href":"https:\/\/www.enorsai.com\/noticias\/wp-json\/wp\/v2\/media?parent=3011"}],"wp:term":[{"taxonomy":"category","embeddable":true,"href":"https:\/\/www.enorsai.com\/noticias\/wp-json\/wp\/v2\/categories?post=3011"},{"taxonomy":"post_tag","embeddable":true,"href":"https:\/\/www.enorsai.com\/noticias\/wp-json\/wp\/v2\/tags?post=3011"}],"curies":[{"name":"wp","href":"https:\/\/api.w.org\/{rel}","templated":true}]}}