{"id":3008,"date":"2025-04-01T08:52:27","date_gmt":"2025-04-01T11:52:27","guid":{"rendered":"https:\/\/www.enorsai.com\/noticias\/?p=3008"},"modified":"2025-04-01T08:52:27","modified_gmt":"2025-04-01T11:52:27","slug":"cerro-negro-despidos-transferencias-millonarias-y-un-conflicto-que-escala","status":"publish","type":"post","link":"https:\/\/www.enorsai.com\/noticias\/politica\/cerro-negro-despidos-transferencias-millonarias-y-un-conflicto-que-escala\/","title":{"rendered":"Cerro Negro: despidos, transferencias millonarias y un conflicto que escala"},"content":{"rendered":"\n<p><strong>La Federaci\u00f3n de Obreros Ceramistas denunci\u00f3 maniobras financieras dentro del holding Sociedad Comercial del Plata y exigi\u00f3 la preservaci\u00f3n de los puestos de trabajo.<\/strong><\/p>\n\n\n\n<p>En un escenario de creciente tensi\u00f3n laboral y en medio de la <a href=\"https:\/\/politicaobrera.com\/13807-cerro-negro-96-despidos-para-barrer-a-la-oposicion-del-gremio-ceramista\">avanzada de despidos<\/a> en distintos sectores productivos, la empresa Cerro Negro, perteneciente al holding Sociedad Comercial del Plata, enfrenta una grave acusaci\u00f3n: haber transferido m\u00e1s de 6.445 millones de pesos a otras compa\u00f1\u00edas del mismo grupo en el a\u00f1o en que, por primera vez en un lustro, registr\u00f3 p\u00e9rdidas. La Federaci\u00f3n de Obreros Ceramistas de la Rep\u00fablica Argentina (FOCRA) llev\u00f3 la denuncia al Ministerio de Trabajo de la provincia de Buenos Aires, exigiendo que la cartera intervenga y exhorte a la empresa a mantener las condiciones laborales vigentes.<\/p>\n\n\n\n<p>El conflicto no es menor. Un d\u00eda despu\u00e9s de que el gobierno de Javier Milei lograra en la C\u00e1mara de Diputados el aval para un nuevo acuerdo con el Fondo Monetario Internacional, Cerro Negro despidi\u00f3 a 96 de los 400 trabajadores de su planta en Olavarr\u00eda. La reacci\u00f3n sindical fue inmediata: se decret\u00f3 una huelga que luego fue suspendida por la conciliaci\u00f3n obligatoria dictada por el Ministerio de Trabajo bonaerense.<\/p>\n\n\n\n<figure class=\"wp-block-embed is-type-wp-embed is-provider-incrustado wp-block-embed-incrustado\"><div class=\"wp-block-embed__wrapper\">\n<blockquote class=\"wp-embedded-content\" data-secret=\"nirwwVKIjg\"><a href=\"https:\/\/www.enorsai.com\/noticias\/economia\/evolucion-de-la-incidencia-de-la-pobreza-y-la-indigencia-segundo-semestre-de-2024\/\">Evoluci\u00f3n de la incidencia de la pobreza y la indigencia. Segundo semestre de 2024.<\/a><\/blockquote><iframe loading=\"lazy\" class=\"wp-embedded-content\" sandbox=\"allow-scripts\" security=\"restricted\" style=\"position: absolute; visibility: hidden;\" title=\"\u00abEvoluci\u00f3n de la incidencia de la pobreza y la indigencia. Segundo semestre de 2024.\u00bb \u2014 \" src=\"https:\/\/www.enorsai.com\/noticias\/economia\/evolucion-de-la-incidencia-de-la-pobreza-y-la-indigencia-segundo-semestre-de-2024\/embed\/#?secret=IQub2pP7AX#?secret=nirwwVKIjg\" data-secret=\"nirwwVKIjg\" width=\"600\" height=\"338\" frameborder=\"0\" marginwidth=\"0\" marginheight=\"0\" scrolling=\"no\"><\/iframe>\n<\/div><\/figure>\n\n\n\n<p>Seg\u00fan el documento presentado por FOCRA, la empresa alega estar en crisis, pero la realidad financiera de su controlante desmiente esa versi\u00f3n. Sociedad Comercial del Plata cotiza en la Bolsa de Buenos Aires y, en un contexto de inflaci\u00f3n del 118%, sus acciones se dispararon un 239%, pasando de valer 73,40 a 248,50 pesos. A su vez, en 2024 el holding report\u00f3 ganancias por m\u00e1s de 66.420 millones de pesos y firm\u00f3 acuerdos millonarios, como el pactado el 9 de diciembre con YPF para la comercializaci\u00f3n de combustibles por 1.130 millones de d\u00f3lares a trav\u00e9s de Destiler\u00eda Argentina de Petr\u00f3leo SA (DAPSA), otra de sus empresas.<\/p>\n\n\n\n<p>Para los trabajadores ceramistas, los despidos en Cerro Negro responden a una estrategia de ajuste encubierta tras la excusa de un rojo contable que no se corresponde con la salud financiera del grupo. El pedido presentado ante el Ministerio de Trabajo busca que la compa\u00f1\u00eda cese cualquier tipo de modificaci\u00f3n en las condiciones laborales y revierta los despidos.<\/p>\n\n\n\n<p>El holding Sociedad Comercial del Plata opera en sectores estrat\u00e9gicos como la construcci\u00f3n, la energ\u00eda, la agroindustria y los negocios inmobiliarios. Cerro Negro, con plantas en Olavarr\u00eda, Campana y C\u00f3rdoba, es un eslab\u00f3n clave dentro de la estructura del grupo. La maniobra de transferencia de fondos, denunciada por FOCRA, pone en duda las verdaderas intenciones de la empresa y expone lo que podr\u00eda ser una pol\u00edtica de vaciamiento encubierto.<\/p>\n\n\n\n<figure class=\"wp-block-embed is-type-wp-embed is-provider-incrustado wp-block-embed-incrustado\"><div class=\"wp-block-embed__wrapper\">\n<blockquote class=\"wp-embedded-content\" data-secret=\"NRaUXcfPuT\"><a href=\"https:\/\/www.enorsai.com\/noticias\/economia\/aumenta-la-nafta-pero-no-hay-inflacion-la-paradoja-economica-del-gobierno-de-milei\/\">Aumenta la nafta, pero no hay inflaci\u00f3n: la paradoja econ\u00f3mica del gobierno de Milei<\/a><\/blockquote><iframe loading=\"lazy\" class=\"wp-embedded-content\" sandbox=\"allow-scripts\" security=\"restricted\" style=\"position: absolute; visibility: hidden;\" title=\"\u00abAumenta la nafta, pero no hay inflaci\u00f3n: la paradoja econ\u00f3mica del gobierno de Milei\u00bb \u2014 \" src=\"https:\/\/www.enorsai.com\/noticias\/economia\/aumenta-la-nafta-pero-no-hay-inflacion-la-paradoja-economica-del-gobierno-de-milei\/embed\/#?secret=eUpvZxjRUx#?secret=NRaUXcfPuT\" data-secret=\"NRaUXcfPuT\" width=\"600\" height=\"338\" frameborder=\"0\" marginwidth=\"0\" marginheight=\"0\" scrolling=\"no\"><\/iframe>\n<\/div><\/figure>\n\n\n\n<p>La lucha de los trabajadores ceramistas se inscribe en un contexto de creciente conflictividad laboral, con despidos en distintos sectores y una pol\u00edtica de ajuste que golpea a los eslabones m\u00e1s d\u00e9biles de la econom\u00eda. El desenlace de este conflicto no solo definir\u00e1 el futuro de los trabajadores de Cerro Negro, sino que sentar\u00e1 un precedente en la resistencia sindical frente a un modelo econ\u00f3mico que no duda en sacrificar empleos en nombre de la rentabilidad empresaria.<\/p>\n","protected":false},"excerpt":{"rendered":"<p>La Federaci\u00f3n de Obreros Ceramistas denunci\u00f3 maniobras financieras dentro del holding Sociedad Comercial del Plata y exigi\u00f3 la preservaci\u00f3n de los puestos de trabajo. En un escenario de creciente tensi\u00f3n laboral y en medio de la avanzada de despidos en distintos sectores productivos, la empresa Cerro Negro, perteneciente al holding Sociedad Comercial del Plata, enfrenta&#8230;<\/p>\n","protected":false},"author":4,"featured_media":3009,"comment_status":"open","ping_status":"open","sticky":false,"template":"","format":"standard","meta":{"_monsterinsights_skip_tracking":false,"_monsterinsights_sitenote_active":false,"_monsterinsights_sitenote_note":"","_monsterinsights_sitenote_category":0,"footnotes":"","jetpack_publicize_message":"","jetpack_publicize_feature_enabled":true,"jetpack_social_post_already_shared":true,"jetpack_social_options":{"image_generator_settings":{"template":"highway","default_image_id":0,"font":"","enabled":false},"version":2}},"categories":[3,2],"tags":[93,1173,193,1174,29,1175],"class_list":["post-3008","post","type-post","status-publish","format-standard","has-post-thumbnail","hentry","category-economia","category-politica","tag-argentina","tag-cerronegrodespidos","tag-despidos","tag-despidos-en-argentina","tag-industria","tag-trabajo-argentina"],"jetpack_publicize_connections":[],"_links":{"self":[{"href":"https:\/\/www.enorsai.com\/noticias\/wp-json\/wp\/v2\/posts\/3008","targetHints":{"allow":["GET"]}}],"collection":[{"href":"https:\/\/www.enorsai.com\/noticias\/wp-json\/wp\/v2\/posts"}],"about":[{"href":"https:\/\/www.enorsai.com\/noticias\/wp-json\/wp\/v2\/types\/post"}],"author":[{"embeddable":true,"href":"https:\/\/www.enorsai.com\/noticias\/wp-json\/wp\/v2\/users\/4"}],"replies":[{"embeddable":true,"href":"https:\/\/www.enorsai.com\/noticias\/wp-json\/wp\/v2\/comments?post=3008"}],"version-history":[{"count":1,"href":"https:\/\/www.enorsai.com\/noticias\/wp-json\/wp\/v2\/posts\/3008\/revisions"}],"predecessor-version":[{"id":3010,"href":"https:\/\/www.enorsai.com\/noticias\/wp-json\/wp\/v2\/posts\/3008\/revisions\/3010"}],"wp:featuredmedia":[{"embeddable":true,"href":"https:\/\/www.enorsai.com\/noticias\/wp-json\/wp\/v2\/media\/3009"}],"wp:attachment":[{"href":"https:\/\/www.enorsai.com\/noticias\/wp-json\/wp\/v2\/media?parent=3008"}],"wp:term":[{"taxonomy":"category","embeddable":true,"href":"https:\/\/www.enorsai.com\/noticias\/wp-json\/wp\/v2\/categories?post=3008"},{"taxonomy":"post_tag","embeddable":true,"href":"https:\/\/www.enorsai.com\/noticias\/wp-json\/wp\/v2\/tags?post=3008"}],"curies":[{"name":"wp","href":"https:\/\/api.w.org\/{rel}","templated":true}]}}