{"id":3002,"date":"2025-04-01T06:59:23","date_gmt":"2025-04-01T09:59:23","guid":{"rendered":"https:\/\/www.enorsai.com\/noticias\/?p=3002"},"modified":"2025-04-01T06:59:23","modified_gmt":"2025-04-01T09:59:23","slug":"furia-de-macri-y-feroz-ataque-al-circulo-de-hierro-karina-milei-y-santiago-caputo","status":"publish","type":"post","link":"https:\/\/www.enorsai.com\/noticias\/politica\/furia-de-macri-y-feroz-ataque-al-circulo-de-hierro-karina-milei-y-santiago-caputo\/","title":{"rendered":"Furia de Macri y feroz ataque al c\u00edrculo de hierro: Karina Milei y Santiago Caputo"},"content":{"rendered":"\n<p><strong><em>Mauricio Macri acus\u00f3 a Karina Milei y a Santiago Caputo de frenar sus propuestas de colaboraci\u00f3n con Javier Milei.<\/em><\/strong><\/p>\n\n\n\n<p>El expresidente, Mauricio Macri, volvi\u00f3 a criticar a la secretaria general de la Presidencia, Karina Milei, y al asesor, Santiago Caputo, a quienes acus\u00f3 de frenar sus propuestas de colaboraci\u00f3n con el Gobierno de Javier Milei y habilit\u00f3 un nuevo round en la contienda del PRO con La Libertad Avanza, que se dispar\u00f3 luego del lanzamiento de las candidaturas legislativas en la Ciudad Aut\u00f3noma de Buenos Aires (CABA).<\/p>\n\n\n\n<p>En una entrevista radial, Macri afirm\u00f3 que su intenci\u00f3n fue siempre ayudar, pero que desde el entorno presidencial bloquearon cualquier intento de acuerdo. Adem\u00e1s, sostuvo que La Libertad Avanza busca desplazar al PRO de la Ciudad de Buenos Aires, a pesar de la gesti\u00f3n de 16 a\u00f1os que, seg\u00fan \u00e9l, mejor\u00f3 la calidad de vida de los porte\u00f1os.<\/p>\n\n\n\n<p>\u201cLamento que Karina Milei y Santiago Caputo hayan sido un obst\u00e1culo en todas las cosas que le propuse a Javier\u201d, expres\u00f3 el exPresidente y asegur\u00f3 que la hermana del mandatario tiene como objetivo pol\u00edtico eliminar al PRO en la Ciudad. \u201cCuando escucho que quiere terminar con nosotros, no lo entiendo. Tendr\u00eda que decir: \u2018Gracias al PRO por tanta generosidad\u2019\u201d, afirm\u00f3.<\/p>\n\n\n\n<p>El expresidente insisti\u00f3 en que su partido fue clave para que el Gobierno nacional pudiera avanzar en los proyectos que present\u00f3 La Libertad Avanza en el Congreso. \u201cHe recibido muchas cr\u00edticas dentro del bloque por apoyarlo, porque hab\u00eda quienes pensaban que era mejor dejar que se le quemen las papas\u201d, coment\u00f3.<\/p>\n\n\n\n<p>Por otra parte, Macri se meti\u00f3 en la discusi\u00f3n econ\u00f3mica al se\u00f1alar que el Gobierno deber\u00eda evaluar una modificaci\u00f3n del tipo de cambio para favorecer las exportaciones y diferenci\u00f3 su postura de la de Milei y el ministro de Econom\u00eda, Luis Caputo, quienes rechazaron la posibilidad de una devaluaci\u00f3n.<\/p>\n\n\n\n<p>\u201cLas exportaciones est\u00e1n sufriendo y esto se arregla bajando impuestos o con otro tipo de cambio\u201d, explic\u00f3 el expresidente que consider\u00f3 que la falta de super\u00e1vit impide una reducci\u00f3n de la presi\u00f3n fiscal, lo que frena la producci\u00f3n y el crecimiento del pa\u00eds. Adem\u00e1s, destac\u00f3 la importancia de cerrar cuanto antes un acuerdo con el Fondo Monetario Internacional (FMI), aunque reconoci\u00f3 que las negociaciones podr\u00edan estar demoradas por cuestiones t\u00e9cnicas.<\/p>\n\n\n\n<p>M\u00e1s all\u00e1 de la cuesti\u00f3n econ\u00f3mica, Macri insisti\u00f3 en su descontento con el funcionamiento del oficialismo, al tiempo que cont\u00f3 que, en reuniones privadas con Milei, discutieron la posibilidad de un trabajo conjunto inspirado en el modelo de 1870, pero que sus propuestas nunca se concretaron.<\/p>\n\n\n\n<p>\u201cEl Presidente me dec\u00eda \u2018s\u00ed, me parece fant\u00e1stico\u2019, lo anotaba y nada de eso sucedi\u00f3\u201d, revel\u00f3. Seg\u00fan su visi\u00f3n, lo que comenz\u00f3 como un proyecto de pa\u00eds termin\u00f3 siendo un proyecto de poder, donde el c\u00edrculo \u00edntimo de Milei tom\u00f3 el control de las decisiones estrat\u00e9gicas.<\/p>\n\n\n\n<p>Por Diputados Bonaerenses<\/p>\n","protected":false},"excerpt":{"rendered":"<p>Mauricio Macri acus\u00f3 a Karina Milei y a Santiago Caputo de frenar sus propuestas de colaboraci\u00f3n con Javier Milei. El expresidente, Mauricio Macri, volvi\u00f3 a criticar a la secretaria general de la Presidencia, Karina Milei, y al asesor, Santiago Caputo, a quienes acus\u00f3 de frenar sus propuestas de colaboraci\u00f3n con el Gobierno de Javier Milei&#8230;<\/p>\n","protected":false},"author":5,"featured_media":3003,"comment_status":"open","ping_status":"open","sticky":false,"template":"","format":"standard","meta":{"_monsterinsights_skip_tracking":false,"_monsterinsights_sitenote_active":false,"_monsterinsights_sitenote_note":"","_monsterinsights_sitenote_category":0,"footnotes":"","jetpack_publicize_message":"","jetpack_publicize_feature_enabled":true,"jetpack_social_post_already_shared":true,"jetpack_social_options":{"image_generator_settings":{"template":"highway","default_image_id":0,"font":"","enabled":false},"version":2}},"categories":[2],"tags":[43,516,45],"class_list":["post-3002","post","type-post","status-publish","format-standard","has-post-thumbnail","hentry","category-politica","tag-crisis","tag-mauricio-macri","tag-milei"],"jetpack_publicize_connections":[],"_links":{"self":[{"href":"https:\/\/www.enorsai.com\/noticias\/wp-json\/wp\/v2\/posts\/3002","targetHints":{"allow":["GET"]}}],"collection":[{"href":"https:\/\/www.enorsai.com\/noticias\/wp-json\/wp\/v2\/posts"}],"about":[{"href":"https:\/\/www.enorsai.com\/noticias\/wp-json\/wp\/v2\/types\/post"}],"author":[{"embeddable":true,"href":"https:\/\/www.enorsai.com\/noticias\/wp-json\/wp\/v2\/users\/5"}],"replies":[{"embeddable":true,"href":"https:\/\/www.enorsai.com\/noticias\/wp-json\/wp\/v2\/comments?post=3002"}],"version-history":[{"count":1,"href":"https:\/\/www.enorsai.com\/noticias\/wp-json\/wp\/v2\/posts\/3002\/revisions"}],"predecessor-version":[{"id":3004,"href":"https:\/\/www.enorsai.com\/noticias\/wp-json\/wp\/v2\/posts\/3002\/revisions\/3004"}],"wp:featuredmedia":[{"embeddable":true,"href":"https:\/\/www.enorsai.com\/noticias\/wp-json\/wp\/v2\/media\/3003"}],"wp:attachment":[{"href":"https:\/\/www.enorsai.com\/noticias\/wp-json\/wp\/v2\/media?parent=3002"}],"wp:term":[{"taxonomy":"category","embeddable":true,"href":"https:\/\/www.enorsai.com\/noticias\/wp-json\/wp\/v2\/categories?post=3002"},{"taxonomy":"post_tag","embeddable":true,"href":"https:\/\/www.enorsai.com\/noticias\/wp-json\/wp\/v2\/tags?post=3002"}],"curies":[{"name":"wp","href":"https:\/\/api.w.org\/{rel}","templated":true}]}}