{"id":2999,"date":"2025-04-01T06:19:43","date_gmt":"2025-04-01T09:19:43","guid":{"rendered":"https:\/\/www.enorsai.com\/noticias\/?p=2999"},"modified":"2025-04-01T06:19:43","modified_gmt":"2025-04-01T09:19:43","slug":"aumenta-la-nafta-pero-no-hay-inflacion-la-paradoja-economica-del-gobierno-de-milei","status":"publish","type":"post","link":"https:\/\/www.enorsai.com\/noticias\/economia\/aumenta-la-nafta-pero-no-hay-inflacion-la-paradoja-economica-del-gobierno-de-milei\/","title":{"rendered":"Aumenta la nafta, pero no hay inflaci\u00f3n: la paradoja econ\u00f3mica del gobierno de Milei"},"content":{"rendered":"\n<p>Mientras el gobierno celebra una baja en la inflaci\u00f3n, los constantes aumentos en los combustibles generan dudas sobre la sostenibilidad de esta tendencia y el impacto en el bolsillo de los argentinos.<\/p>\n\n\n\n<p>A partir del 1\u00b0 de abril, YPF implement\u00f3 un incremento del 1,75% en los precios de la nafta y el gasoil, sum\u00e1ndose a una serie de aumentos previos. Esta medida contrasta con las afirmaciones oficiales de desaceleraci\u00f3n inflacionaria y reducci\u00f3n de la pobreza.<\/p>\n\n\n\n<p>En un escenario econ\u00f3mico donde el gobierno de Javier Milei proclama con orgullo la disminuci\u00f3n de la inflaci\u00f3n y la pobreza, la realidad en las estaciones de servicio cuenta otra historia. Desde la medianoche del 1\u00b0 de abril, YPF aplic\u00f3 un aumento del 1,75% en los precios de los combustibles, una tendencia que se ha vuelto recurrente en los \u00faltimos meses. Este ajuste, aunque aparentemente moderado, se suma a incrementos previos y plantea interrogantes sobre la coherencia de las pol\u00edticas econ\u00f3micas actuales.<\/p>\n\n\n\n<p>Seg\u00fan informes recientes, la inflaci\u00f3n mensual se ha estabilizado entre el 2% y el 3%, y la pobreza ha disminuido del 53% al 38% en el segundo semestre de 2024. Estas cifras, presentadas como logros por la administraci\u00f3n de Milei, contrastan con la realidad cotidiana de los argentinos que enfrentan aumentos constantes en bienes esenciales como los combustibles. Es pertinente cuestionar: \u00bfc\u00f3mo es posible que, en un contexto de supuesta desaceleraci\u00f3n inflacionaria, los precios de productos clave contin\u00faen en alza?<\/p>\n\n\n\n<div class=\"wp-block-jetpack-related-posts has-medium-font-size\"><\/div>\n\n\n\n<p>El reciente incremento en los combustibles no es un hecho aislado. En marzo, YPF ya hab\u00eda implementado una suba del 1,9%, y se anticipa que estas actualizaciones continuar\u00e1n en los pr\u00f3ximos meses. La justificaci\u00f3n oficial se\u00f1ala la necesidad de compensar el ritmo mensual de la devaluaci\u00f3n y ajustes en impuestos espec\u00edficos. Sin embargo, estas explicaciones resultan insuficientes para una poblaci\u00f3n que ve c\u00f3mo su poder adquisitivo se erosiona d\u00eda a d\u00eda.<\/p>\n\n\n\n<p>La paradoja se profundiza al considerar que, mientras los precios en los surtidores aumentan, el gobierno insiste en que la inflaci\u00f3n est\u00e1 bajo control. Consultoras privadas estiman que la inflaci\u00f3n de marzo se aceler\u00f3 por segundo mes consecutivo, situ\u00e1ndose entre el 2,5% y el 2,7%, lo que complica las proyecciones oficiales. Esta discrepancia entre el discurso oficial y la realidad econ\u00f3mica genera desconfianza y pone en tela de juicio la efectividad de las pol\u00edticas implementadas.<\/p>\n\n\n\n<p>Adem\u00e1s, el impacto de los aumentos en los combustibles trasciende el \u00e1mbito de las estaciones de servicio. El transporte de mercanc\u00edas, los costos de producci\u00f3n y, en \u00faltima instancia, los precios al consumidor se ven afectados, creando un efecto domin\u00f3 que alimenta la inflaci\u00f3n en otros sectores. Es decir, lejos de ser incrementos aislados, estas subas tienen el potencial de revertir los supuestos avances en materia inflacionaria que el gobierno proclama.<\/p>\n\n\n\n<p>Es esencial tambi\u00e9n considerar el contexto internacional. Argentina se encuentra en negociaciones con el Fondo Monetario Internacional para un nuevo programa financiero que incluir\u00eda fondos adicionales. Estas conversaciones buscan reforzar las reservas del Banco Central y aliviar las restricciones cambiarias. Sin embargo, la dependencia de financiamiento externo y las condiciones que este conlleva podr\u00edan limitar la capacidad del pa\u00eds para implementar pol\u00edticas econ\u00f3micas soberanas y efectivas.<\/p>\n\n\n\n<p>En este escenario, resulta imperativo cuestionar la coherencia y transparencia de las medidas adoptadas por el gobierno de Milei. Si bien se celebran estad\u00edsticas que indican una mejora en ciertos indicadores macroecon\u00f3micos, la realidad cotidiana de los ciudadanos refleja una historia diferente. Los constantes aumentos en productos esenciales, como los combustibles, evidencian una desconexi\u00f3n entre el discurso oficial y las experiencias diarias de los argentinos.<\/p>\n\n\n\n<p>La confianza en las instituciones y en las pol\u00edticas econ\u00f3micas se construye a trav\u00e9s de la consistencia entre las acciones y las palabras. Mientras el gobierno contin\u00fae promoviendo una narrativa de estabilidad y progreso, pero las medidas concretas indiquen lo contrario, ser\u00e1 dif\u00edcil generar credibilidad y apoyo por parte de la ciudadan\u00eda. Es fundamental que las autoridades reconozcan y aborden estas contradicciones para avanzar hacia una econom\u00eda verdaderamente estable y equitativa.<\/p>\n\n\n\n<p>En conclusi\u00f3n, el aumento de la nafta en un contexto de proclamada baja inflaci\u00f3n pone de manifiesto las inconsistencias en la gesti\u00f3n econ\u00f3mica del gobierno de Javier Milei. Es esencial que las autoridades adopten una postura m\u00e1s transparente y coherente, alineando el discurso oficial con las realidades que enfrentan diariamente los argentinos. Solo as\u00ed se podr\u00e1 avanzar hacia una econom\u00eda que realmente beneficie a todos y no solo a unos pocos.<\/p>\n\n\n\n<p>Fuente:<\/p>\n\n\n\n<ul class=\"wp-block-list\">\n<li><a href=\"https:\/\/noticiasargentinas.com\/economia\/aumenta-la-nafta-este-martes--de-cuanto-sera-el-incremento-y-como-quedan-los-nuevos-valores_a67eb507103a2ce454446ef2b\">https:\/\/noticiasargentinas.com\/economia\/aumenta-la-nafta-este-martes&#8211;de-cuanto-sera-el-incremento-y-como-quedan-los-nuevos-valores_a67eb507103a2ce454446ef2b<\/a><\/li>\n<\/ul>\n","protected":false},"excerpt":{"rendered":"<p>Mientras el gobierno de Javier Milei insiste en que la inflaci\u00f3n est\u00e1 en ca\u00edda, los combustibles vuelven a aumentar. Desde el 1\u00b0 de abril, la nafta subi\u00f3 otro 1,75%, impactando en transporte y consumo. \u00bfC\u00f3mo es posible que haya estabilidad si los precios siguen escalando? La contradicci\u00f3n es evidente.<\/p>\n","protected":false},"author":9,"featured_media":3000,"comment_status":"open","ping_status":"open","sticky":false,"template":"","format":"standard","meta":{"_monsterinsights_skip_tracking":false,"_monsterinsights_sitenote_active":false,"_monsterinsights_sitenote_note":"","_monsterinsights_sitenote_category":0,"footnotes":"","jetpack_publicize_message":"Aumenta la nafta, pero no hay inflaci\u00f3n: la paradoja econ\u00f3mica del gobierno de Milei","jetpack_publicize_feature_enabled":true,"jetpack_social_post_already_shared":false,"jetpack_social_options":{"image_generator_settings":{"template":"highway","enabled":false},"version":2}},"categories":[3],"tags":[58,93,1168,43,15,27,227,45,1170,1169],"class_list":["post-2999","post","type-post","status-publish","format-standard","has-post-thumbnail","hentry","category-economia","tag-ajuste","tag-argentina","tag-combustibles","tag-crisis","tag-economia","tag-gobierno","tag-inflacion","tag-milei","tag-nafta","tag-precios"],"jetpack_publicize_connections":[],"_links":{"self":[{"href":"https:\/\/www.enorsai.com\/noticias\/wp-json\/wp\/v2\/posts\/2999","targetHints":{"allow":["GET"]}}],"collection":[{"href":"https:\/\/www.enorsai.com\/noticias\/wp-json\/wp\/v2\/posts"}],"about":[{"href":"https:\/\/www.enorsai.com\/noticias\/wp-json\/wp\/v2\/types\/post"}],"author":[{"embeddable":true,"href":"https:\/\/www.enorsai.com\/noticias\/wp-json\/wp\/v2\/users\/9"}],"replies":[{"embeddable":true,"href":"https:\/\/www.enorsai.com\/noticias\/wp-json\/wp\/v2\/comments?post=2999"}],"version-history":[{"count":1,"href":"https:\/\/www.enorsai.com\/noticias\/wp-json\/wp\/v2\/posts\/2999\/revisions"}],"predecessor-version":[{"id":3001,"href":"https:\/\/www.enorsai.com\/noticias\/wp-json\/wp\/v2\/posts\/2999\/revisions\/3001"}],"wp:featuredmedia":[{"embeddable":true,"href":"https:\/\/www.enorsai.com\/noticias\/wp-json\/wp\/v2\/media\/3000"}],"wp:attachment":[{"href":"https:\/\/www.enorsai.com\/noticias\/wp-json\/wp\/v2\/media?parent=2999"}],"wp:term":[{"taxonomy":"category","embeddable":true,"href":"https:\/\/www.enorsai.com\/noticias\/wp-json\/wp\/v2\/categories?post=2999"},{"taxonomy":"post_tag","embeddable":true,"href":"https:\/\/www.enorsai.com\/noticias\/wp-json\/wp\/v2\/tags?post=2999"}],"curies":[{"name":"wp","href":"https:\/\/api.w.org\/{rel}","templated":true}]}}