{"id":299,"date":"2025-01-30T10:41:40","date_gmt":"2025-01-30T10:41:40","guid":{"rendered":"http:\/\/www.enorsai.com\/noticias\/?p=299"},"modified":"2025-01-31T03:00:28","modified_gmt":"2025-01-31T03:00:28","slug":"fascismo-explicito-la-libertad-avanza-expulso-a-ramiro-marra","status":"publish","type":"post","link":"https:\/\/www.enorsai.com\/noticias\/politica\/fascismo-explicito-la-libertad-avanza-expulso-a-ramiro-marra\/","title":{"rendered":"Fascismo expl\u00edcito: La libertad avanza expuls\u00f3 a Ramiro Marra"},"content":{"rendered":"\n<p>La expulsi\u00f3n de Ramiro Marra de La Libertad Avanza marca un nuevo cap\u00edtulo en las tensiones internas del oficialismo. Lejos de ser un simple quiebre partidario, esta decisi\u00f3n pone en evidencia la din\u00e1mica autoritaria y centralizada que define al espacio liderado por Javier Milei y administrado con mano de hierro por su hermana Karina.<\/p>\n\n\n\n<p>La expulsi\u00f3n del legislador porte\u00f1o Ramiro Marra de La Libertad Avanza (LLA) no es un hecho aislado ni una an\u00e9cdota menor en el paisaje pol\u00edtico argentino. Se trata, m\u00e1s bien, de un s\u00edmbolo contundente de c\u00f3mo opera la din\u00e1mica interna del partido gobernante, donde la figura de Javier Milei aparece escoltada por una hermana todopoderosa que ejerce un control absoluto sobre las decisiones del espacio. Esta decisi\u00f3n, comunicada con un tono categ\u00f3rico a trav\u00e9s de las redes sociales del partido, est\u00e1 cargada de mensajes dirigidos no solo a sus bases, sino tambi\u00e9n a sus detractores y aliados.<\/p>\n\n\n\n<p>La gota que colm\u00f3 el vaso fue el apoyo de Marra al presupuesto 2025 de la Ciudad de Buenos Aires, que incluy\u00f3 un aumento de impuestos rechazado por la c\u00fapula libertaria. Sin embargo, este acto de \u00abdesobediencia\u00bb no puede ser analizado sin contextualizarlo en una larga serie de enfrentamientos con Karina Milei, la verdadera arquitecta del poder dentro de LLA. Desde su designaci\u00f3n como secretaria general de la Presidencia, Karina ha consolidado una estructura partidaria que no admite m\u00e1s agenda que la suya. Y quien se atreva a desafiarla, como Marra, termina siendo expulsado sin contemplaci\u00f3n.<\/p>\n\n\n\n<p>La ca\u00edda en desgracia de Ramiro Marra no fue repentina. Desde el inicio de su mandato como legislador, el tambi\u00e9n conocido broker de Bullet Market mostr\u00f3 una independencia que incomod\u00f3 a la estructura centralizada del partido. Primero, cuestion\u00f3 la designaci\u00f3n de Pilar Ram\u00edrez, una de las figuras de mayor confianza de Karina, como presidenta del bloque de LLA en la Legislatura porte\u00f1a. M\u00e1s tarde, logr\u00f3 retomar el control del bloque, pero las fracturas internas ya eran irreversibles.<\/p>\n\n\n\n<div class=\"wp-block-jetpack-related-posts\">\n<h3 class=\"wp-block-heading\">Te puede interesar<\/h3>\n<\/div>\n\n\n\n<p>El desenlace lleg\u00f3 con la votaci\u00f3n del presupuesto porte\u00f1o, donde Marra aline\u00f3 su voto con los intereses de Jorge Macri, lo que desat\u00f3 la furia de la c\u00fapula libertaria. \u00abTodos aquellos que no respeten la agenda del presidente ser\u00e1n expulsados. No importa qui\u00e9nes sean\u00bb, sentenci\u00f3 el comunicado emitido por las redes sociales de LLA, dejando claro que la lealtad hacia Milei es una condici\u00f3n innegociable.<\/p>\n\n\n\n<p>El rol de Karina Milei en este episodio no puede ser subestimado. Mientras Javier Milei sigue construyendo su figura de l\u00edder carism\u00e1tico, es su hermana quien maneja los hilos del partido con una autoridad que roza lo desp\u00f3tico. Su influencia es tan grande que muchos la ven como la verdadera estratega detr\u00e1s de cada movimiento del gobierno. La expulsi\u00f3n de Marra no es solo un acto disciplinario, sino tambi\u00e9n un mensaje a cualquier otro miembro que se atreva a cuestionar su liderazgo.<\/p>\n\n\n\n<p>No es casualidad que, mientras Marra enfrentaba su expulsi\u00f3n, Karina celebrara la incorporaci\u00f3n al bloque de LLA de tres legisladores provenientes del PRO, alineados con Patricia Bullrich. Esta movida no solo refuerza el perfil antimacrista del oficialismo, sino que tambi\u00e9n demuestra c\u00f3mo Karina sigue ampliando su red de lealtades a expensas de aquellos que osan desafiarla.<\/p>\n\n\n\n<p>La Libertad Avanza se present\u00f3 ante el electorado como una fuerza renovadora, un espacio pol\u00edtico que promet\u00eda romper con las viejas pr\u00e1cticas de la \u00abcasta\u00bb. Sin embargo, los acontecimientos recientes pintan un cuadro muy diferente. Lejos de ser un \u00e1mbito donde florezca el debate y la pluralidad, LLA se ha convertido en una maquinaria que opera bajo un mandato un\u00edvoco: obediencia absoluta a las directivas de Karina y Javier Milei.<\/p>\n\n\n\n<p>El caso de Marra es paradigm\u00e1tico porque pone en evidencia la hipocres\u00eda del discurso libertario. Mientras el partido enarbola banderas de libertad individual y rechazo al autoritarismo estatal, sus pr\u00e1cticas internas reflejan un sistema profundamente verticalista y represivo. El mensaje es claro: la \u00ablibertad\u00bb que promueve LLA tiene l\u00edmites muy bien definidos, y quienes los traspasen ser\u00e1n marginados sin piedad.<\/p>\n\n\n\n<p>La expulsi\u00f3n de Marra tambi\u00e9n tiene implicancias m\u00e1s amplias para el panorama pol\u00edtico argentino. En un contexto donde la fragmentaci\u00f3n de las fuerzas opositoras dificulta la construcci\u00f3n de alternativas s\u00f3lidas, la crisis interna de LLA contribuye a la desilusi\u00f3n de un electorado que buscaba un cambio genuino. Mientras tanto, el gobierno de Milei sigue avanzando con su agenda de ajuste y concentraci\u00f3n del poder, benefici\u00e1ndose de la falta de una oposici\u00f3n articulada.<\/p>\n\n\n\n<p>La expulsi\u00f3n de Ramiro Marra de La Libertad Avanza no solo pone en evidencia las tensiones internas del oficialismo, sino tambi\u00e9n el car\u00e1cter autoritario que define al proyecto de Javier Milei. En un espacio donde la disidencia es castigada con la marginaci\u00f3n, queda claro que la \u00ablibertad\u00bb que predica el gobierno es, en realidad, una trampa para justificar el control absoluto de un grupo cada vez m\u00e1s reducido. La pregunta que queda es: \u00bfcu\u00e1nto tiempo m\u00e1s podr\u00e1 sostenerse un partido que parece destinado a devorar a los suyos?<\/p>\n\n\n\n<p>Fuentes:<\/p>\n\n\n\n<p><a href=\"https:\/\/www.pagina12.com.ar\/800427-karina-milei-echo-a-ramiro-marra-de-la-libertad-avanza\">https:\/\/www.pagina12.com.ar\/800427-karina-milei-echo-a-ramiro-marra-de-la-libertad-avanza<\/a><\/p>\n\n\n\n<p><a href=\"https:\/\/www.ambito.com\/politica\/la-libertad-avanza-expulso-ramiro-marra-haber-votado-favor-del-aumento-un-impuesto-n6108150\">https:\/\/www.ambito.com\/politica\/la-libertad-avanza-expulso-ramiro-marra-haber-votado-favor-del-aumento-un-impuesto-n6108150<\/a><\/p>\n\n\n\n<p><a href=\"https:\/\/www.perfil.com\/noticias\/politica\/ramiro-marra-es-expulsado-de-la-libertad-avanza.phtml\">https:\/\/www.perfil.com\/noticias\/politica\/ramiro-marra-es-expulsado-de-la-libertad-avanza.phtml<\/a><\/p>\n\n\n","protected":false},"excerpt":{"rendered":"<p>\u00a1Esc\u00e1ndalo en LLA! El economista Ramiro Marra fue expulsado tras acusaciones de corrupci\u00f3n y manejos turbios. \u00bfEl \u00abcambio\u00bb de Milei se desmorona desde adentro? <\/p>\n","protected":false},"author":2,"featured_media":300,"comment_status":"open","ping_status":"open","sticky":false,"template":"","format":"standard","meta":{"_monsterinsights_skip_tracking":false,"_monsterinsights_sitenote_active":false,"_monsterinsights_sitenote_note":"","_monsterinsights_sitenote_category":0,"footnotes":"","jetpack_publicize_message":"","jetpack_publicize_feature_enabled":true,"jetpack_social_post_already_shared":true,"jetpack_social_options":{"image_generator_settings":{"template":"highway","default_image_id":0,"font":"","enabled":false},"version":2}},"categories":[2],"tags":[75,76,73,74,45],"class_list":["post-299","post","type-post","status-publish","format-standard","has-post-thumbnail","hentry","category-politica","tag-corrupcion","tag-expulsion","tag-libertadavanza","tag-marra","tag-milei"],"jetpack_publicize_connections":[],"_links":{"self":[{"href":"https:\/\/www.enorsai.com\/noticias\/wp-json\/wp\/v2\/posts\/299","targetHints":{"allow":["GET"]}}],"collection":[{"href":"https:\/\/www.enorsai.com\/noticias\/wp-json\/wp\/v2\/posts"}],"about":[{"href":"https:\/\/www.enorsai.com\/noticias\/wp-json\/wp\/v2\/types\/post"}],"author":[{"embeddable":true,"href":"https:\/\/www.enorsai.com\/noticias\/wp-json\/wp\/v2\/users\/2"}],"replies":[{"embeddable":true,"href":"https:\/\/www.enorsai.com\/noticias\/wp-json\/wp\/v2\/comments?post=299"}],"version-history":[{"count":1,"href":"https:\/\/www.enorsai.com\/noticias\/wp-json\/wp\/v2\/posts\/299\/revisions"}],"predecessor-version":[{"id":301,"href":"https:\/\/www.enorsai.com\/noticias\/wp-json\/wp\/v2\/posts\/299\/revisions\/301"}],"wp:featuredmedia":[{"embeddable":true,"href":"https:\/\/www.enorsai.com\/noticias\/wp-json\/wp\/v2\/media\/300"}],"wp:attachment":[{"href":"https:\/\/www.enorsai.com\/noticias\/wp-json\/wp\/v2\/media?parent=299"}],"wp:term":[{"taxonomy":"category","embeddable":true,"href":"https:\/\/www.enorsai.com\/noticias\/wp-json\/wp\/v2\/categories?post=299"},{"taxonomy":"post_tag","embeddable":true,"href":"https:\/\/www.enorsai.com\/noticias\/wp-json\/wp\/v2\/tags?post=299"}],"curies":[{"name":"wp","href":"https:\/\/api.w.org\/{rel}","templated":true}]}}