{"id":2986,"date":"2025-04-01T05:35:55","date_gmt":"2025-04-01T08:35:55","guid":{"rendered":"http:\/\/www.enorsai.com\/noticias\/?p=2986"},"modified":"2025-04-01T05:37:52","modified_gmt":"2025-04-01T08:37:52","slug":"reconfiguracion-cfk-mueve-las-fichas-y-kicillof-se-perfila-como-el-gran-armador","status":"publish","type":"post","link":"https:\/\/www.enorsai.com\/noticias\/politica\/reconfiguracion-cfk-mueve-las-fichas-y-kicillof-se-perfila-como-el-gran-armador\/","title":{"rendered":"Reconfiguraci\u00f3n: CFK mueve las fichas y Kicillof se perfila como el gran armador"},"content":{"rendered":"\n<p>Las tensiones dentro del peronismo en la provincia de Buenos Aires han escalado en las \u00faltimas semanas, con Cristina Fern\u00e1ndez de Kirchner en el centro de la escena y Axel Kicillof consolid\u00e1ndose como el principal articulador del espacio. <\/p>\n\n\n\n<p>En un contexto de reconfiguraci\u00f3n pol\u00edtica, donde la oposici\u00f3n no da tregua y el gobierno de Javier Milei avanza con medidas de ajuste, la ex presidenta busca reordenar las filas del peronismo bonaerense, con una estrategia que apunta a fortalecer el liderazgo del gobernador.<\/p>\n\n\n\n<h3 class=\"wp-block-heading\">La interna peronista: entre la resistencia y la reorganizaci\u00f3n<\/h3>\n\n\n\n<p>Desde la derrota en las elecciones presidenciales de 2023, el peronismo bonaerense ha quedado en una encrucijada. Mientras algunos sectores, especialmente los intendentes del conurbano, apuestan por una l\u00f3gica de supervivencia territorial, Cristina Fern\u00e1ndez de Kirchner ha tomado la iniciativa para evitar la dispersi\u00f3n y consolidar una estrategia unificada de cara a 2025.<\/p>\n\n\n\n<p>En ese tablero, Axel Kicillof ha ido ganando peso como el principal armador del peronismo provincial. Su gesti\u00f3n como gobernador, con una postura f\u00e9rrea ante el ajuste de Milei y su capacidad para mantener una base de apoyo activa, lo han convertido en la pieza clave en la reconfiguraci\u00f3n del espacio. CFK lo respalda expl\u00edcitamente, se\u00f1al\u00e1ndolo como el dirigente con mayor legitimidad dentro del kirchnerismo, mientras el resto del peronismo intenta acomodarse a la nueva realidad.<\/p>\n\n\n\n\n\n<h3 class=\"wp-block-heading\">Cristina y la construcci\u00f3n de poder: \u00bfuna nueva hoja de ruta?<\/h3>\n\n\n\n<p>En los \u00faltimos movimientos de CFK se observa una estrategia de largo plazo. Con un peronismo golpeado por la derrota electoral, su apuesta parece ser consolidar una conducci\u00f3n que mantenga la identidad del espacio sin diluirse en acuerdos ambiguos con sectores del establishment pol\u00edtico y econ\u00f3mico. En ese esquema, Kicillof juega un papel central: su perfil de gestor, su resistencia al ajuste libertario y su sinton\u00eda con las bases militantes lo posicionan como la figura m\u00e1s fuerte dentro del oficialismo provincial.<\/p>\n\n\n\n<p>La otra gran inc\u00f3gnita es el rol de los intendentes, muchos de los cuales han comenzado a diferenciarse del kirchnerismo puro y buscan una mayor autonom\u00eda en la toma de decisiones. CFK, sin embargo, sigue manteniendo un alto nivel de influencia sobre los liderazgos territoriales, lo que le permite articular alianzas estrat\u00e9gicas sin perder el control del espacio.<\/p>\n\n\n\n<div class=\"wp-block-jetpack-related-posts\">\n<h2 class=\"wp-block-heading\"><\/h2>\n<\/div>\n\n\n\n<h3 class=\"wp-block-heading\">La disputa por el 2025: Milei, la crisis y el desaf\u00edo peronista<\/h3>\n\n\n\n<p>Mientras el peronismo bonaerense reorganiza sus filas, el gobierno de Javier Milei sigue profundizando su modelo de ajuste y privatizaci\u00f3n. La crisis econ\u00f3mica, el deterioro del poder adquisitivo y la creciente conflictividad social han puesto al gobierno en una posici\u00f3n vulnerable, aunque a\u00fan con respaldo en sectores desencantados con la pol\u00edtica tradicional.<\/p>\n\n\n\n<p>En ese contexto, el peronismo tiene el desaf\u00edo de ofrecer una alternativa real de poder. Cristina lo sabe y por eso apuesta a un esquema donde Kicillof sea el articulador de un proyecto opositor s\u00f3lido, con base territorial y capacidad de convocatoria. La pregunta es si el resto del peronismo bonaerense est\u00e1 dispuesto a alinearse detr\u00e1s de esa estrategia o si, por el contrario, optar\u00e1 por caminos divergentes que fragmenten a\u00fan m\u00e1s al espacio.<\/p>\n\n\n\n<h3 class=\"wp-block-heading\">\u00bfNace un nuevo liderazgo?<\/h3>\n\n\n\n<p>Con CFK como conductora estrat\u00e9gica y Kicillof en el rol de armador, el peronismo bonaerense comienza a delinear su futuro en un escenario adverso. La resistencia al ajuste de Milei, la disputa por el control territorial y la construcci\u00f3n de un liderazgo renovado ser\u00e1n las claves de los pr\u00f3ximos meses. Lo que est\u00e1 en juego no es solo el futuro del peronismo en la provincia, sino su capacidad de recomponerse como una alternativa de poder real en el pa\u00eds.<\/p>\n\n\n\n<p><\/p>\n\n\n\n<p>Fuente:<\/p>\n\n\n\n<ul class=\"wp-block-list\">\n<li><a href=\"https:\/\/www.lapoliticaonline.com\/politica\/si-kicillof-desdobla-las-elecciones-cristina-analiza-ser-candidata-a-diputada-provincial\/\">https:\/\/www.lapoliticaonline.com\/politica\/si-kicillof-desdobla-las-elecciones-cristina-analiza-ser-candidata-a-diputada-provincial\/<\/a><\/li>\n\n\n\n<li><a href=\"https:\/\/www.pagina12.com.ar\/814815-cfk-amaga-con-ser-candidata-a-la-legislatura-bonaerense\">https:\/\/www.pagina12.com.ar\/814815-cfk-amaga-con-ser-candidata-a-la-legislatura-bonaerense<\/a><\/li>\n<\/ul>\n\n\n\n<p><\/p>\n","protected":false},"excerpt":{"rendered":"<p>El peronismo bonaerense enfrenta una crisis interna mientras intenta reagruparse frente a la ofensiva del gobierno de Javier Milei. Con tensiones entre intendentes y dirigentes nacionales, la disputa por el liderazgo se intensifica. <\/p>\n","protected":false},"author":12,"featured_media":2987,"comment_status":"open","ping_status":"open","sticky":false,"template":"","format":"standard","meta":{"_monsterinsights_skip_tracking":false,"_monsterinsights_sitenote_active":false,"_monsterinsights_sitenote_note":"","_monsterinsights_sitenote_category":0,"footnotes":"","jetpack_publicize_message":"Reconfiguraci\u00f3n: CFK mueve las fichas y Kicillof se perfila como el gran armador","jetpack_publicize_feature_enabled":true,"jetpack_social_post_already_shared":false,"jetpack_social_options":{"image_generator_settings":{"template":"highway","enabled":false},"version":2}},"categories":[2],"tags":[58,93,1163,43,190,1164,1165,45,363,72],"class_list":["post-2986","post","type-post","status-publish","format-standard","has-post-thumbnail","hentry","category-politica","tag-ajuste","tag-argentina","tag-bonaerense","tag-crisis","tag-elecciones","tag-intendentes","tag-liderazgo","tag-milei","tag-peronismo","tag-politica"],"jetpack_publicize_connections":[],"_links":{"self":[{"href":"https:\/\/www.enorsai.com\/noticias\/wp-json\/wp\/v2\/posts\/2986","targetHints":{"allow":["GET"]}}],"collection":[{"href":"https:\/\/www.enorsai.com\/noticias\/wp-json\/wp\/v2\/posts"}],"about":[{"href":"https:\/\/www.enorsai.com\/noticias\/wp-json\/wp\/v2\/types\/post"}],"author":[{"embeddable":true,"href":"https:\/\/www.enorsai.com\/noticias\/wp-json\/wp\/v2\/users\/12"}],"replies":[{"embeddable":true,"href":"https:\/\/www.enorsai.com\/noticias\/wp-json\/wp\/v2\/comments?post=2986"}],"version-history":[{"count":2,"href":"https:\/\/www.enorsai.com\/noticias\/wp-json\/wp\/v2\/posts\/2986\/revisions"}],"predecessor-version":[{"id":2989,"href":"https:\/\/www.enorsai.com\/noticias\/wp-json\/wp\/v2\/posts\/2986\/revisions\/2989"}],"wp:featuredmedia":[{"embeddable":true,"href":"https:\/\/www.enorsai.com\/noticias\/wp-json\/wp\/v2\/media\/2987"}],"wp:attachment":[{"href":"https:\/\/www.enorsai.com\/noticias\/wp-json\/wp\/v2\/media?parent=2986"}],"wp:term":[{"taxonomy":"category","embeddable":true,"href":"https:\/\/www.enorsai.com\/noticias\/wp-json\/wp\/v2\/categories?post=2986"},{"taxonomy":"post_tag","embeddable":true,"href":"https:\/\/www.enorsai.com\/noticias\/wp-json\/wp\/v2\/tags?post=2986"}],"curies":[{"name":"wp","href":"https:\/\/api.w.org\/{rel}","templated":true}]}}