{"id":2979,"date":"2025-04-01T00:12:57","date_gmt":"2025-04-01T03:12:57","guid":{"rendered":"https:\/\/www.enorsai.com\/noticias\/?p=2979"},"modified":"2025-04-01T00:12:57","modified_gmt":"2025-04-01T03:12:57","slug":"homenaje-a-osvaldo-bayer-en-la-facultad-de-ciencias-sociales","status":"publish","type":"post","link":"https:\/\/www.enorsai.com\/noticias\/cultura\/homenaje-a-osvaldo-bayer-en-la-facultad-de-ciencias-sociales\/","title":{"rendered":"Homenaje a Osvaldo Bayer en la facultad de Ciencias Sociales."},"content":{"rendered":"\n<p>El pr\u00f3ximo 1\u00b0 de abril a las 18 hs, la Facultad de Ciencias Sociales ser\u00e1 sede de la proyecci\u00f3n de la pel\u00edcula \u00abSim\u00f3n hijo del Pueblo\u00bb, una obra que narra la vida y la lucha de Sim\u00f3n Radowitzky, un militante anarquista que se convirti\u00f3 en s\u00edmbolo de resistencia en la Argentina. La proyecci\u00f3n estar\u00e1 a cargo de La Mella organizaci\u00f3n que preside el Centro de estudiantes de Ciencias Sociales (CECSO). <\/p>\n\n\n\n<figure class=\"wp-block-image size-large\"><img loading=\"lazy\" decoding=\"async\" width=\"518\" height=\"1024\" src=\"https:\/\/www.enorsai.com\/noticias\/wp-content\/uploads\/2025\/03\/1000528557-518x1024.jpg\" alt=\"\" class=\"wp-image-2981\" srcset=\"https:\/\/www.enorsai.com\/noticias\/wp-content\/uploads\/2025\/03\/1000528557-518x1024.jpg 518w, https:\/\/www.enorsai.com\/noticias\/wp-content\/uploads\/2025\/03\/1000528557-152x300.jpg 152w, https:\/\/www.enorsai.com\/noticias\/wp-content\/uploads\/2025\/03\/1000528557-768x1517.jpg 768w, https:\/\/www.enorsai.com\/noticias\/wp-content\/uploads\/2025\/03\/1000528557-778x1536.jpg 778w, https:\/\/www.enorsai.com\/noticias\/wp-content\/uploads\/2025\/03\/1000528557-1037x2048.jpg 1037w, https:\/\/www.enorsai.com\/noticias\/wp-content\/uploads\/2025\/03\/1000528557-scaled.jpg 1296w\" sizes=\"auto, (max-width: 518px) 100vw, 518px\" \/><\/figure>\n\n\n\n<p>\u00abLa pel\u00edcula nos invita a conocer la vida y la lucha de un hombre que se convirti\u00f3 en un s\u00edmbolo de resistencia en la Argentina. Sim\u00f3n fue un militante  anarquista de familia ucraniana que particip\u00f3 en la guerra civil espa\u00f1ola y trascendi\u00f3 por el atentado a Ram\u00f3n Falc\u00f3n, el jefe de polic\u00eda responsable de la \u00abSemana Roja\u00bb que mat\u00f3 a trabajadores en el a\u00f1o 1909.\u00bb Refiere un integrante de La Mella.<\/p>\n\n\n\n<figure class=\"wp-block-image size-full\"><img loading=\"lazy\" decoding=\"async\" width=\"1000\" height=\"607\" src=\"https:\/\/www.enorsai.com\/noticias\/wp-content\/uploads\/2025\/03\/1000528562.jpg\" alt=\"\" class=\"wp-image-2982\" srcset=\"https:\/\/www.enorsai.com\/noticias\/wp-content\/uploads\/2025\/03\/1000528562.jpg 1000w, https:\/\/www.enorsai.com\/noticias\/wp-content\/uploads\/2025\/03\/1000528562-300x182.jpg 300w, https:\/\/www.enorsai.com\/noticias\/wp-content\/uploads\/2025\/03\/1000528562-768x466.jpg 768w\" sizes=\"auto, (max-width: 1000px) 100vw, 1000px\" \/><\/figure>\n\n\n\n<p>Esta proyecci\u00f3n cobra especial relevancia en el contexto de la reciente demolici\u00f3n de la escultura de Osvaldo Bayer, historiador y escritor que reivindic\u00f3 la figura de Radowitzky y su lucha por la justicia social. Hay una conexi\u00f3n significativa entre ambos ya que Bayer, escribi\u00f3 varios ensayos sobre Radowitzky, consider\u00e1ndolo un s\u00edmbolo de resistencia y lucha por la justicia social. En su obra \u00abLos anarquistas expropiadores, Sim\u00f3n Radowitzky y otros ensayos\u00bb, el escritor explora la vida y las acciones de Radowitzky y lo describe como un \u00abvengador de clase\u00bb destacando su papel en la lucha contra la opresi\u00f3n y la injusticia social. Tambi\u00e9n analiza la represi\u00f3n policial y la violencia estatal durante la Semana Roja de 1909, en la que Radowitzky se convirti\u00f3 en un figura clave.<\/p>\n\n\n\n<figure class=\"wp-block-image size-full\"><img loading=\"lazy\" decoding=\"async\" width=\"750\" height=\"500\" src=\"https:\/\/www.enorsai.com\/noticias\/wp-content\/uploads\/2025\/04\/1000528579.jpg\" alt=\"\" class=\"wp-image-2983\" srcset=\"https:\/\/www.enorsai.com\/noticias\/wp-content\/uploads\/2025\/04\/1000528579.jpg 750w, https:\/\/www.enorsai.com\/noticias\/wp-content\/uploads\/2025\/04\/1000528579-300x200.jpg 300w\" sizes=\"auto, (max-width: 750px) 100vw, 750px\" \/><\/figure>\n\n\n\n<p>La demolici\u00f3n de la escultura es un ejemplo m\u00e1s de la sistem\u00e1tica destrucci\u00f3n de la memoria hist\u00f3rica y la cultura popular en nuestra sociedad. Bayer siempre destac\u00f3 la importancia de recordar y reflexionar sobre la historia, incluyendo la vida y las acciones de figuras como Radowitzky. La proyecci\u00f3n de la vida de Radowitzky construye memoria en homenaje a Osvaldo Bayer.<\/p>\n\n\n\n<figure class=\"wp-block-image size-full\"><img loading=\"lazy\" decoding=\"async\" width=\"800\" height=\"429\" src=\"https:\/\/www.enorsai.com\/noticias\/wp-content\/uploads\/2025\/04\/1000528561.jpg\" alt=\"\" class=\"wp-image-2984\" srcset=\"https:\/\/www.enorsai.com\/noticias\/wp-content\/uploads\/2025\/04\/1000528561.jpg 800w, https:\/\/www.enorsai.com\/noticias\/wp-content\/uploads\/2025\/04\/1000528561-300x161.jpg 300w, https:\/\/www.enorsai.com\/noticias\/wp-content\/uploads\/2025\/04\/1000528561-768x412.jpg 768w\" sizes=\"auto, (max-width: 800px) 100vw, 800px\" \/><\/figure>\n","protected":false},"excerpt":{"rendered":"<p>El pr\u00f3ximo 1\u00b0 de abril a las 18 hs, la Facultad de Ciencias Sociales ser\u00e1 sede de la proyecci\u00f3n de la pel\u00edcula \u00abSim\u00f3n hijo del Pueblo\u00bb, una obra que narra la vida y la lucha de Sim\u00f3n Radowitzky, un militante anarquista que se convirti\u00f3 en s\u00edmbolo de resistencia en la Argentina. La proyecci\u00f3n estar\u00e1 a&#8230;<\/p>\n","protected":false},"author":15,"featured_media":0,"comment_status":"open","ping_status":"open","sticky":false,"template":"","format":"standard","meta":{"_monsterinsights_skip_tracking":false,"_monsterinsights_sitenote_active":false,"_monsterinsights_sitenote_note":"","_monsterinsights_sitenote_category":0,"footnotes":"","jetpack_publicize_message":"","jetpack_publicize_feature_enabled":true,"jetpack_social_post_already_shared":true,"jetpack_social_options":{"image_generator_settings":{"template":"highway","default_image_id":0,"font":"","enabled":false},"version":2}},"categories":[5],"tags":[],"class_list":["post-2979","post","type-post","status-publish","format-standard","hentry","category-cultura"],"jetpack_publicize_connections":[],"_links":{"self":[{"href":"https:\/\/www.enorsai.com\/noticias\/wp-json\/wp\/v2\/posts\/2979","targetHints":{"allow":["GET"]}}],"collection":[{"href":"https:\/\/www.enorsai.com\/noticias\/wp-json\/wp\/v2\/posts"}],"about":[{"href":"https:\/\/www.enorsai.com\/noticias\/wp-json\/wp\/v2\/types\/post"}],"author":[{"embeddable":true,"href":"https:\/\/www.enorsai.com\/noticias\/wp-json\/wp\/v2\/users\/15"}],"replies":[{"embeddable":true,"href":"https:\/\/www.enorsai.com\/noticias\/wp-json\/wp\/v2\/comments?post=2979"}],"version-history":[{"count":1,"href":"https:\/\/www.enorsai.com\/noticias\/wp-json\/wp\/v2\/posts\/2979\/revisions"}],"predecessor-version":[{"id":2985,"href":"https:\/\/www.enorsai.com\/noticias\/wp-json\/wp\/v2\/posts\/2979\/revisions\/2985"}],"wp:attachment":[{"href":"https:\/\/www.enorsai.com\/noticias\/wp-json\/wp\/v2\/media?parent=2979"}],"wp:term":[{"taxonomy":"category","embeddable":true,"href":"https:\/\/www.enorsai.com\/noticias\/wp-json\/wp\/v2\/categories?post=2979"},{"taxonomy":"post_tag","embeddable":true,"href":"https:\/\/www.enorsai.com\/noticias\/wp-json\/wp\/v2\/tags?post=2979"}],"curies":[{"name":"wp","href":"https:\/\/api.w.org\/{rel}","templated":true}]}}