{"id":2975,"date":"2025-03-31T22:25:03","date_gmt":"2025-04-01T01:25:03","guid":{"rendered":"https:\/\/www.enorsai.com\/noticias\/?p=2975"},"modified":"2025-03-31T22:25:03","modified_gmt":"2025-04-01T01:25:03","slug":"la-alianza-con-el-gobierno-es-de-fondo","status":"publish","type":"post","link":"https:\/\/www.enorsai.com\/noticias\/opinion\/la-alianza-con-el-gobierno-es-de-fondo\/","title":{"rendered":"LA ALIANZA CON EL GOBIERNO ES DE FONDO"},"content":{"rendered":"\n<p><strong><em>(Por Hugo Muleiro)<\/em><\/strong> La represi\u00f3n violenta en las calles, el endeudamiento con el FMI y la disputa por la memoria en torno del 24 de Marzo son temas en los que Clar\u00edn, La Naci\u00f3n e Infobae desplegaron un oficialismo ac\u00e9rrimo, con montajes y manipulaciones alevosas en los t\u00edtulos principales de cada d\u00eda, salvo excepciones muy aisladas.<br>\u201cEl Fondo mandar\u00e1 sus US$ 20.000 millones\u201d encabez\u00f3 Clar\u00edn el 28 de marzo, para acompa\u00f1ar el anuncio mentiroso del ministro Caputo, y lo hizo a sabiendas de que su propio t\u00edtulo en p\u00e1gina 6 lo desment\u00eda: \u201cEl FMI no confirm\u00f3 el monto del acuerdo\u201d. Es que acompa\u00f1ar a Milei y su r\u00e9gimen obliga a perder decoro. La Naci\u00f3n lo encontr\u00f3, al menos en este caso, al anunciar \u201cel cr\u00e9dito pedido\u201d.<br>La cobertura antes, durante y despu\u00e9s de la manifestaci\u00f3n que acompa\u00f1\u00f3 a los jubilados el 12 de marzo se acomod\u00f3 perfectamente al relato oficialista. Sobresali\u00f3 el \u201canuncio noticioso\u201d de la tapa de Clar\u00edn: \u201cProvocaci\u00f3n de barrabravas K. Protestar\u00e1n con jubilados ante el Congreso\u201d. La Naci\u00f3n se sum\u00f3 con \u201cmedidas especiales\u201d de la ministra Bullrich contra \u201cbarras\u201d.<br>Los enunciados del d\u00eda siguiente fueron a\u00fan m\u00e1s pavorosos: \u201cDestrozos, heridos y 124 detenidos en una batalla de barrabravas y militantes contra polic\u00edas\u201d (Clar\u00edn); \u201cBarras y militantes enfrentaron a la Polic\u00eda en el Congreso: un herido grave y 150 detenidos\u201d (La Naci\u00f3n); \u201cM\u00e1s de la mitad de los detenidos en el Congreso tiene graves antecedentes penales\u201d (Infobae).<br>La militarizaci\u00f3n de la zona, las intimidaciones en estaciones y accesos, fueron mencionadas apenas como acciones de \u201ccontrol\u201d y, tras la furia represiva, sobrevinieron ataques a la jueza porte\u00f1a que liber\u00f3 a detenidos, con el r\u00f3tulo condenatorio de \u201ccamporista\u201d. El intento tambi\u00e9n coordinado entre estos medios para encubrir el ataque criminal contra Pablo Grillo incluy\u00f3 el estigma de \u201cmilitante\u201d, como si tal condici\u00f3n justificara la violencia estatal.<br>\u00bfEsto fue lo peor del mes? Aunque menos estridentes, hubo art\u00edculos que evidencian que as\u00ed como el r\u00e9gimen se asienta en el ADN de la dictadura c\u00edvico-militar, estos medios conservan la esencia con la que apoyaron el Terrorismo de Estado: El 16 de marzo, el editor Roa escribi\u00f3 en Clar\u00edn que fue una marcha sin jubilados, con barrabravas \u201cpagados por la pol\u00edtica\u201d, que \u201cprovocaron para que la polic\u00eda reprimiera\u201d. Un remedo del siniestro \u201calgo habr\u00e1n hecho\u201d. \u00bfEl fot\u00f3grafo atacado? Una \u201cmancha\u201d, tipe\u00f3. El columnista Fioritti, propal\u00f3 tambi\u00e9n el relato de la provocaci\u00f3n y trajo lenguaje del acervo dictatorial, porque \u201chubo excesos\u201d. El 29, Roa adopt\u00f3 el discurso mileista: no fueron 30 mil y el kirchnerismo manipul\u00f3 a favor de los \u201cterroristas\u201d.<br>La Naci\u00f3n, que igual que Clar\u00edn se tom\u00f3 tres d\u00edas para abrir espacio a las mentiras evidentes de Bullrich sobre el disparo a Grillo, no se iba a perder la oportunidad de confirmar su postura hist\u00f3rica: Luciana V\u00e1zquez goz\u00f3 de una p\u00e1gina para hablar de la \u201clegitimidad\u201d de la represi\u00f3n pero, eso s\u00ed, lament\u00f3 que Milei y su ministra se nieguen a revisar \u201cerrores y excesos\u201d. M\u00e1s 76, imposible.<br>Acuerdos de fondo con el r\u00e9gimen est\u00e1n sobrando, a pesar de la aparente disputa entre el \u201camigo H\u00e9ctor\u201d y el r\u00e9gimen por el monopolio en telecomunicaciones, con la apropiaci\u00f3n de Telef\u00f3nica por parte de Telecom, del grupo Clar\u00edn. En amoroso concierto con Milei, el 2 de marzo el mandam\u00e1s de la redacci\u00f3n, Kirschbaum, copi\u00f3 y peg\u00f3 palabras oficiales: el gobernador Kicillof es \u201cimpotente\u201d frente al delito, por los \u201cfrenos ideol\u00f3gicos que lo inhiben\u201d.<br>Disminuye en t\u00edtulos principales la presencia de la tragedia que afect\u00f3 y afecta a Bah\u00eda Blanca pero, eso s\u00ed, entre los que se publican no hubo en todo marzo uno solo que anunciara qu\u00e9 est\u00e1n haciendo la Provincia y el municipio ante la cat\u00e1strofe socioambiental. En cambio, hay casi todos los d\u00edas un t\u00edtulo importante sobre el espect\u00e1culo que el peronismo, con su interna, le regala generosamente a la derecha.<br>Otra l\u00ednea de fondo que ya puede considerarse hist\u00f3rica va, c\u00f3mo no, contra Cristina Kirchner. La sanci\u00f3n de Donald Trump fue exaltada y explicada en grandes espacios, aunque Infobae cometi\u00f3 el 22 de marzo una suerte de sincericidio: Roman Letjman escribi\u00f3 que el zanahoria de la Casa Blanca envi\u00f3 un gesto pol\u00edtico a su alineado, Milei. Y, en lo que tambi\u00e9n es una rutina, Clar\u00edn inform\u00f3 que la Corte Suprema no va a revertir la condena a la ex presidenta en la \u201ccausa Vialidad\u201d, en la que el diario desde hace a\u00f1os anticipa, por varios meses, las resoluciones despu\u00e9s adoptadas. Ya est\u00e1 decidido, aunque falte que a los cortesanos les indiquen la fecha.<br>T\u00edtulos espor\u00e1dicos quedan para la estafa $LIBRA de la que participaron Milei y su hermana cajera (Carri\u00f3 dixit, aunque bonito ser\u00eda conocer c\u00f3mo esta hero\u00edna del republicanismo mand\u00f3 a sus diputados, d\u00edas despu\u00e9s de esa declaraci\u00f3n, a actuar como el ex senador Kueider y votar a favor del decreto por el acuerdo con el Fondo).<br>La porci\u00f3n mayor de t\u00edtulos que perjudican al oficialismo se debe a las legislativas en la Ciudad de Buenos Aires. A veces parece que los dos grandes aliados nacionales, LLA y el PRO, est\u00e1n a punto de sacarse los ojos, si uno se deja guiar por estas coberturas, en las que nunca se menciona que en el Congreso funcionan como alianza de hierro y empujan el mismo proyecto. Entre ellos, lo de la Ciudad es una interna abierta, aunque los medios que los apoyan quieran mostrarlos separados.<br><strong>PARA QUIENES GUSTAN DE LOS N\u00daMEROS. MARZO.<br><\/strong>T\u00cdTULOS A FAVOR DEL OFICIALISMO: 37,5 % (FEB 35,8 %)<br>T\u00cdTULOS DESVAVORABLES AL OFICIALISMO: 27,3 % (FEB 32,3 %)<br>T\u00cdTULOS EQUIDISTANTES\/NEUTRALES: 35,0 % (FEB 31,7 %)<\/p>\n\n\n\n<p>T\u00cdTULOS FAVORABLES A LA OPOSICI\u00d3N; 23,8 % (FEB 10,0 %)<br>T\u00cdTULOS DESFAVORABLES A LA OPOSICI\u00d3N: 52,2 % (FEB 79,8 %)<br>T\u00cdTULOS EQUIDISTANTES\/NEUTRALES: 23,8 % (FEB 10,1 %)<\/p>\n\n\n\n<p><strong>TOTAL DE T\u00cdTULOS DE ACTUALIDAD POL\u00cdTICA Y ECON\u00d3MICA: 600<\/strong><\/p>\n\n\n\n<p>-FAVORABLES AL OFICIALISMO M\u00c1S<br>DESFAVORABLES A LA OPOSICI\u00d3N: 42,5 % (FEB 46,0 %)<br>-DESFAVORABLES AL OFICIALISMO<br>M\u00c1S FAVORABLES A LA OPOSICI\u00d3N: 27,8 % (FEB 27,2 %)<br>-EQUIDISTANTES PARA UNOS Y OTROS: 29,6 % (FEB 26,7 %)<\/p>\n","protected":false},"excerpt":{"rendered":"<p>(Por Hugo Muleiro) La represi\u00f3n violenta en las calles, el endeudamiento con el FMI y la disputa por la memoria en torno del 24 de Marzo son temas en los que Clar\u00edn, La Naci\u00f3n e Infobae desplegaron un oficialismo ac\u00e9rrimo, con montajes y manipulaciones alevosas en los t\u00edtulos principales de cada d\u00eda, salvo excepciones muy&#8230;<\/p>\n","protected":false},"author":4,"featured_media":2976,"comment_status":"open","ping_status":"open","sticky":false,"template":"","format":"standard","meta":{"_monsterinsights_skip_tracking":false,"_monsterinsights_sitenote_active":false,"_monsterinsights_sitenote_note":"","_monsterinsights_sitenote_category":0,"footnotes":"","jetpack_publicize_message":"","jetpack_publicize_feature_enabled":true,"jetpack_social_post_already_shared":true,"jetpack_social_options":{"image_generator_settings":{"template":"highway","default_image_id":0,"font":"","enabled":false},"version":2}},"categories":[17],"tags":[58,93,43,1161,90,1162,227,106,45],"class_list":["post-2975","post","type-post","status-publish","format-standard","has-post-thumbnail","hentry","category-opinion","tag-ajuste","tag-argentina","tag-crisis","tag-endeudamiento-con-el-fmi","tag-fmi","tag-hugo-muleiro","tag-inflacion","tag-javier-milei","tag-milei"],"jetpack_publicize_connections":[],"_links":{"self":[{"href":"https:\/\/www.enorsai.com\/noticias\/wp-json\/wp\/v2\/posts\/2975","targetHints":{"allow":["GET"]}}],"collection":[{"href":"https:\/\/www.enorsai.com\/noticias\/wp-json\/wp\/v2\/posts"}],"about":[{"href":"https:\/\/www.enorsai.com\/noticias\/wp-json\/wp\/v2\/types\/post"}],"author":[{"embeddable":true,"href":"https:\/\/www.enorsai.com\/noticias\/wp-json\/wp\/v2\/users\/4"}],"replies":[{"embeddable":true,"href":"https:\/\/www.enorsai.com\/noticias\/wp-json\/wp\/v2\/comments?post=2975"}],"version-history":[{"count":1,"href":"https:\/\/www.enorsai.com\/noticias\/wp-json\/wp\/v2\/posts\/2975\/revisions"}],"predecessor-version":[{"id":2977,"href":"https:\/\/www.enorsai.com\/noticias\/wp-json\/wp\/v2\/posts\/2975\/revisions\/2977"}],"wp:featuredmedia":[{"embeddable":true,"href":"https:\/\/www.enorsai.com\/noticias\/wp-json\/wp\/v2\/media\/2976"}],"wp:attachment":[{"href":"https:\/\/www.enorsai.com\/noticias\/wp-json\/wp\/v2\/media?parent=2975"}],"wp:term":[{"taxonomy":"category","embeddable":true,"href":"https:\/\/www.enorsai.com\/noticias\/wp-json\/wp\/v2\/categories?post=2975"},{"taxonomy":"post_tag","embeddable":true,"href":"https:\/\/www.enorsai.com\/noticias\/wp-json\/wp\/v2\/tags?post=2975"}],"curies":[{"name":"wp","href":"https:\/\/api.w.org\/{rel}","templated":true}]}}