{"id":2968,"date":"2025-03-31T11:43:56","date_gmt":"2025-03-31T14:43:56","guid":{"rendered":"https:\/\/www.enorsai.com\/noticias\/?p=2968"},"modified":"2025-03-31T11:43:56","modified_gmt":"2025-03-31T14:43:56","slug":"denuncian-censura-en-boletas-oficiales-candidata-exlibertaria-acusa-a-adorni-de-ocultar-su-lista","status":"publish","type":"post","link":"https:\/\/www.enorsai.com\/noticias\/politica\/denuncian-censura-en-boletas-oficiales-candidata-exlibertaria-acusa-a-adorni-de-ocultar-su-lista\/","title":{"rendered":"Denuncian censura en boletas oficiales: candidata exlibertaria acusa a Adorni de ocultar su lista"},"content":{"rendered":"\n<p>La candidata a legisladora porte\u00f1a Mila Zurbriggen, del Frente Nueva Generaci\u00f3n, denunci\u00f3 que el Gobierno nacional est\u00e1 censurando su boleta en el material electoral distribuido a los medios, en lo que calific\u00f3 como un intento de \u00abinvisibilizar\u00bb alternativas cr\u00edticas al oficialismo.<\/p>\n\n\n\n<p>Zurbriggen, exintegrante de La Libertad Avanza (LLA), apunt\u00f3 contra el tambi\u00e9n candidato a legislador y vocero presidencial, Manuel Adorni, y el asesor Santiago Caputo, acus\u00e1ndolos de enviar a la prensa boletas \u00abincompletas\u00bb que excluyen su lista, a pesar de estar habilitada por la Justicia Electoral. \u00abCensuran porque me fui de esa secta vendepatria. Les da miedo que los j\u00f3venes copien mi ejemplo y se vayan tambi\u00e9n a opciones que defiendan lo nacional\u00bb, sostuvo la comunicadora de 25 a\u00f1os, la m\u00e1s joven entre las candidaturas de estas elecciones.<\/p>\n\n\n\n<p>La denuncia \u2014la primera formal contra Adorni en esta campa\u00f1a\u2014 incluye un hilo en X (exTwitter) donde Zurbriggen compara las boletas oficiales con las autorizadas por la Justicia electoral. Seg\u00fan la candidata, la maniobra busca favorecer al Gobierno nacional en los comicios del 18 de mayo.<\/p>\n\n\n\n<p>\u203c\ufe0f <em>\u00abADORNI, YO TE CONOZCO\u00bb<\/em> \u203c\ufe0f \u00abYO CONOZCO DESDE ADENTRO A LOS LIBERTARIOS Y SON UNOS VENDEPATRIA, EMPEZANDO POR ADORNI Y MILEI\u00bb.<\/p>\n\n\n\n<p><strong>El Frente Nueva Generaci\u00f3n se lanza como alternativa a Milei<\/strong><\/p>\n\n\n\n<p>El Frente Nueva Generaci\u00f3n, un espacio pol\u00edtico que competir\u00e1 en las elecciones porte\u00f1as de 2025, se present\u00f3 oficialmente el 26 de marzo en un acto en el Centro Cultural Padre Mujica, en Monserrat, bajo el lema \u00abSoberan\u00eda, Renovaci\u00f3n, Tecnolog\u00eda\u00bb.<\/p>\n\n\n\n<p>El movimiento est\u00e1 liderado por tres j\u00f3venes candidatos a legisladores porte\u00f1os: Mila Zurbriggen, columnista de <em>Duro de Domar<\/em> en C5N, y Lucas Arias, especialista en criptomonedas, blockchain e inteligencia artificial. Acompa\u00f1ados por un equipo de j\u00f3venes profesionales en nuevas tecnolog\u00edas, el espacio busca enfocarse en la generaci\u00f3n de empleo a partir de la innovaci\u00f3n tecnol\u00f3gica.<\/p>\n\n\n\n<p>Zurbriggen, que en 2023 era referente de la juventud de La Libertad Avanza, rompi\u00f3 con el partido denunciando la venta de candidaturas y otras pr\u00e1cticas irregulares. \u00abAl igual que muchos j\u00f3venes, pens\u00e9 que era un espacio nuevo y transgresor. Pero con el correr de los meses vi sus verdaderas caras y me fui antes de las elecciones de 2023. Fue la mejor decisi\u00f3n que pude haber tomado. Ellos no me representaban en ese momento y menos ahora. A m\u00ed me representa la tercera posici\u00f3n, y ellos nada tienen que ver con eso, ni con la defensa de lo nacional. Son los t\u00edpicos vendepatrias, como Milei y su chupamedias Adorni, que est\u00e1n rematando el pa\u00eds con mo\u00f1o\u00bb, dispar\u00f3.<\/p>\n\n\n\n<p>La candidata ya hab\u00eda denunciado a Milei en la Justicia por su supuesta participaci\u00f3n en una criptoestafa. \u00abVan a rematar el pa\u00eds por dos pesos m\u00e1s del FMI, que encima se los van a fumar en horas, para compensar a los amiguitos del <em>carry trade<\/em>\u00ab, sentenci\u00f3.<\/p>\n\n\n\n<p>Durante la presentaci\u00f3n del Frente Nueva Generaci\u00f3n, los referentes tambi\u00e9n criticaron la gesti\u00f3n de Jorge Macri en la Ciudad de Buenos Aires, acus\u00e1ndolo de \u00abgobernar para los negocios de unos pocos\u00bb y de convertir la Legislatura en \u00abuna cueva de pactos oscuros\u00bb.<\/p>\n","protected":false},"excerpt":{"rendered":"<p>La candidata a legisladora porte\u00f1a Mila Zurbriggen, del Frente Nueva Generaci\u00f3n, denunci\u00f3 que el Gobierno nacional est\u00e1 censurando su boleta en el material electoral distribuido a los medios, en lo que calific\u00f3 como un intento de \u00abinvisibilizar\u00bb alternativas cr\u00edticas al oficialismo. Zurbriggen, exintegrante de La Libertad Avanza (LLA), apunt\u00f3 contra el tambi\u00e9n candidato a legislador&#8230;<\/p>\n","protected":false},"author":4,"featured_media":2969,"comment_status":"open","ping_status":"open","sticky":false,"template":"","format":"standard","meta":{"_monsterinsights_skip_tracking":false,"_monsterinsights_sitenote_active":false,"_monsterinsights_sitenote_note":"","_monsterinsights_sitenote_category":0,"footnotes":"","jetpack_publicize_message":"","jetpack_publicize_feature_enabled":true,"jetpack_social_post_already_shared":true,"jetpack_social_options":{"image_generator_settings":{"template":"highway","default_image_id":0,"font":"","enabled":false},"version":2}},"categories":[2],"tags":[1159,1157,995,1158,1160],"class_list":["post-2968","post","type-post","status-publish","format-standard","has-post-thumbnail","hentry","category-politica","tag-adorni-manipulacion-elecciones","tag-censura-electoral-argentina-2025","tag-elecciones-caba-2025","tag-mila-zurbriggen-boletas","tag-milei-denuncias-fraude-electoral"],"jetpack_publicize_connections":[],"_links":{"self":[{"href":"https:\/\/www.enorsai.com\/noticias\/wp-json\/wp\/v2\/posts\/2968","targetHints":{"allow":["GET"]}}],"collection":[{"href":"https:\/\/www.enorsai.com\/noticias\/wp-json\/wp\/v2\/posts"}],"about":[{"href":"https:\/\/www.enorsai.com\/noticias\/wp-json\/wp\/v2\/types\/post"}],"author":[{"embeddable":true,"href":"https:\/\/www.enorsai.com\/noticias\/wp-json\/wp\/v2\/users\/4"}],"replies":[{"embeddable":true,"href":"https:\/\/www.enorsai.com\/noticias\/wp-json\/wp\/v2\/comments?post=2968"}],"version-history":[{"count":1,"href":"https:\/\/www.enorsai.com\/noticias\/wp-json\/wp\/v2\/posts\/2968\/revisions"}],"predecessor-version":[{"id":2970,"href":"https:\/\/www.enorsai.com\/noticias\/wp-json\/wp\/v2\/posts\/2968\/revisions\/2970"}],"wp:featuredmedia":[{"embeddable":true,"href":"https:\/\/www.enorsai.com\/noticias\/wp-json\/wp\/v2\/media\/2969"}],"wp:attachment":[{"href":"https:\/\/www.enorsai.com\/noticias\/wp-json\/wp\/v2\/media?parent=2968"}],"wp:term":[{"taxonomy":"category","embeddable":true,"href":"https:\/\/www.enorsai.com\/noticias\/wp-json\/wp\/v2\/categories?post=2968"},{"taxonomy":"post_tag","embeddable":true,"href":"https:\/\/www.enorsai.com\/noticias\/wp-json\/wp\/v2\/tags?post=2968"}],"curies":[{"name":"wp","href":"https:\/\/api.w.org\/{rel}","templated":true}]}}