{"id":2965,"date":"2025-03-31T11:26:54","date_gmt":"2025-03-31T14:26:54","guid":{"rendered":"https:\/\/www.enorsai.com\/noticias\/?p=2965"},"modified":"2025-03-31T11:26:54","modified_gmt":"2025-03-31T14:26:54","slug":"emmanuel-alvarez-agis-por-que-el-plan-milei-no-cierra","status":"publish","type":"post","link":"https:\/\/www.enorsai.com\/noticias\/economia\/emmanuel-alvarez-agis-por-que-el-plan-milei-no-cierra\/","title":{"rendered":"Emmanuel \u00c1lvarez Agis: por qu\u00e9 el plan Milei no cierra"},"content":{"rendered":"\n<p>El economista Emmanuel \u00c1lvarez Agis, exviceministro de Econom\u00eda y fundador de la consultora PxQ, desarm\u00f3 punto por punto la narrativa del gobierno de Javier Milei sobre el ajuste fiscal, la inflaci\u00f3n y el rol del Fondo Monetario Internacional. En una entrevista con <em>Ahora Dicen<\/em> de Futurock, advirti\u00f3 que el relato oficial se sostiene m\u00e1s en palabras que en hechos concretos, y que las inconsistencias del plan econ\u00f3mico podr\u00edan desembocar en un escenario cr\u00edtico.<\/p>\n\n\n\n<p><strong>\u00abEl ajuste fiscal m\u00e1s grande de la historia y a\u00fan as\u00ed necesitamos m\u00e1s deuda\u00bb<\/strong><\/p>\n\n\n\n<p>El gobierno de Milei ha hecho del ajuste su bandera, justificando cada medida con la idea de eliminar el d\u00e9ficit fiscal como causa de todos los males econ\u00f3micos. Sin embargo, para \u00c1lvarez Agis, esta argumentaci\u00f3n es una falacia. \u00abTenemos el ajuste fiscal m\u00e1s grande de la historia de la humanidad y a\u00fan as\u00ed necesitamos que el FMI nos preste m\u00e1s plata\u00bb, se\u00f1al\u00f3 con crudeza.<\/p>\n\n\n\n<figure class=\"wp-block-embed is-type-wp-embed is-provider-incrustado wp-block-embed-incrustado\"><div class=\"wp-block-embed__wrapper\">\n<blockquote class=\"wp-embedded-content\" data-secret=\"OBrUIXhQ97\"><a href=\"https:\/\/www.enorsai.com\/noticias\/economia\/entrevista-la-trampa-de-la-deuda-milei-apuesta-al-fmi-mientras-el-mercado-le-da-la-espalda\/\">ENTREVISTA La trampa de la deuda: Milei apuesta al FMI mientras el mercado le da la espalda<\/a><\/blockquote><iframe loading=\"lazy\" class=\"wp-embedded-content\" sandbox=\"allow-scripts\" security=\"restricted\" style=\"position: absolute; visibility: hidden;\" title=\"\u00abENTREVISTA La trampa de la deuda: Milei apuesta al FMI mientras el mercado le da la espalda\u00bb \u2014 \" src=\"https:\/\/www.enorsai.com\/noticias\/economia\/entrevista-la-trampa-de-la-deuda-milei-apuesta-al-fmi-mientras-el-mercado-le-da-la-espalda\/embed\/#?secret=8jNfkeg1zy#?secret=OBrUIXhQ97\" data-secret=\"OBrUIXhQ97\" width=\"600\" height=\"338\" frameborder=\"0\" marginwidth=\"0\" marginheight=\"0\" scrolling=\"no\"><\/iframe>\n<\/div><\/figure>\n\n\n\n<p>La idea de que reducir el gasto p\u00fablico por s\u00ed solo traer\u00e1 crecimiento choca contra la realidad de una econom\u00eda paralizada y en recesi\u00f3n. \u00abEl d\u00e9ficit fiscal no es la raz\u00f3n de todos los males\u00bb, enfatiz\u00f3 el economista, desmontando la premisa central del discurso oficialista.<\/p>\n\n\n\n<p><strong>El Gobierno y la estrategia de hablar sin resultados<\/strong><\/p>\n\n\n\n<p>Seg\u00fan \u00c1lvarez Agis, el Gobierno est\u00e1 intentando calmar los mercados con declaraciones en lugar de medidas concretas. \u00abCaputo dej\u00f3 claro que la negociaci\u00f3n con el Fondo est\u00e1 en curso, porque se contradice con lo que dijo el jueves pasado\u00bb. Esta falta de claridad genera incertidumbre y deja al descubierto la improvisaci\u00f3n de la gesti\u00f3n.<\/p>\n\n\n\n<figure class=\"wp-block-embed is-type-wp-embed is-provider-incrustado wp-block-embed-incrustado\"><div class=\"wp-block-embed__wrapper\">\n<blockquote class=\"wp-embedded-content\" data-secret=\"cTIwWhECUq\"><a href=\"https:\/\/www.enorsai.com\/noticias\/economia\/martin-redrado-la-trampa-cambiaria-como-el-gobierno-juega-con-fuego-en-la-economia-argentina\/\">Mart\u00edn Redrado: La trampa cambiaria, c\u00f3mo el gobierno juega con fuego en la econom\u00eda argentina<\/a><\/blockquote><iframe loading=\"lazy\" class=\"wp-embedded-content\" sandbox=\"allow-scripts\" security=\"restricted\" style=\"position: absolute; visibility: hidden;\" title=\"\u00abMart\u00edn Redrado: La trampa cambiaria, c\u00f3mo el gobierno juega con fuego en la econom\u00eda argentina\u00bb \u2014 \" src=\"https:\/\/www.enorsai.com\/noticias\/economia\/martin-redrado-la-trampa-cambiaria-como-el-gobierno-juega-con-fuego-en-la-economia-argentina\/embed\/#?secret=ZiGB7nj09f#?secret=cTIwWhECUq\" data-secret=\"cTIwWhECUq\" width=\"600\" height=\"338\" frameborder=\"0\" marginwidth=\"0\" marginheight=\"0\" scrolling=\"no\"><\/iframe>\n<\/div><\/figure>\n\n\n\n<p>El economista tambi\u00e9n alert\u00f3 sobre el discurso triunfalista del oficialismo respecto a la pobreza. \u00abHoy el dato de pobreza va a ser relativamente bueno y el Gobierno lo va a plantear como un \u00e9xito de su programa\u00bb. Sin embargo, subray\u00f3 que esta mejor\u00eda es circunstancial y que el efecto real del ajuste sobre los sectores m\u00e1s vulnerables a\u00fan no se ha sentido en toda su magnitud.<\/p>\n\n\n\n<p><strong>Un programa econ\u00f3mico sin identidad<\/strong><\/p>\n\n\n\n<p>\u00c1lvarez Agis calific\u00f3 al programa econ\u00f3mico de Milei como un \u00abh\u00edbrido\u00bb sin una definici\u00f3n clara. \u00abNo es libertario porque no hay una dolarizaci\u00f3n; no es ortodoxo porque el precio del d\u00f3lar es controlado; tampoco es heterodoxo porque no han querido coordinar din\u00e1micas de precios, salarios y tarifas\u00bb. Este eclecticismo, lejos de generar confianza, muestra un gobierno atrapado en sus propias contradicciones.<\/p>\n\n\n\n<p><strong>El espejismo del d\u00f3lar barato<\/strong><\/p>\n\n\n\n<p>Mientras tanto, el Gobierno exhibe como logro un \u00abverano de d\u00f3lar barato\u00bb que la mayor\u00eda de los argentinos no sabe c\u00f3mo aprovechar. \u00abEstamos disfrutando de un verano de d\u00f3lar barato, pero la mayor parte de la gente no entiende qu\u00e9 hacer con eso\u00bb, advirti\u00f3 el economista. Esto se debe a que la econom\u00eda real sigue estancada, con salarios deprimidos y una incertidumbre que frena cualquier decisi\u00f3n de inversi\u00f3n o consumo.<\/p>\n\n\n\n<figure class=\"wp-block-embed is-type-wp-embed is-provider-incrustado wp-block-embed-incrustado\"><div class=\"wp-block-embed__wrapper\">\n<blockquote class=\"wp-embedded-content\" data-secret=\"ywxNBeXIVd\"><a href=\"https:\/\/www.enorsai.com\/noticias\/opinion\/alfredo-serrano-mancilla-la-deudoestafa-de-milei-un-laberinto-financiero-que-asfixia-al-pais\/\">Alfredo Serrano Mancilla: \u00abLa deudoestafa de Milei\u00bb, un laberinto financiero que asfixia al pais<\/a><\/blockquote><iframe loading=\"lazy\" class=\"wp-embedded-content\" sandbox=\"allow-scripts\" security=\"restricted\" style=\"position: absolute; visibility: hidden;\" title=\"\u00abAlfredo Serrano Mancilla: \u00abLa deudoestafa de Milei\u00bb, un laberinto financiero que asfixia al pais\u00bb \u2014 \" src=\"https:\/\/www.enorsai.com\/noticias\/opinion\/alfredo-serrano-mancilla-la-deudoestafa-de-milei-un-laberinto-financiero-que-asfixia-al-pais\/embed\/#?secret=X2uWoa54Y7#?secret=ywxNBeXIVd\" data-secret=\"ywxNBeXIVd\" width=\"600\" height=\"338\" frameborder=\"0\" marginwidth=\"0\" marginheight=\"0\" scrolling=\"no\"><\/iframe>\n<\/div><\/figure>\n\n\n\n<p><strong>Mentiras, euforia e inflaci\u00f3n contenida<\/strong><\/p>\n\n\n\n<p>Para \u00c1lvarez Agis, la comunicaci\u00f3n oficial deber\u00eda abandonar la euforia injustificada y reconocer las limitaciones del plan econ\u00f3mico. \u00abEl Gobierno de Milei deber\u00eda empezar diciendo la verdad sobre la salida del cepo y el estancamiento de la baja de inflaci\u00f3n\u00bb. La estrategia de minimizar los problemas y exagerar los logros podr\u00eda volverse en su contra cuando la realidad se imponga.<\/p>\n\n\n\n<p>Sobre la inflaci\u00f3n, el economista fue contundente: \u00abEs una pelea por la distribuci\u00f3n del ingreso y el fen\u00f3meno monetario es un reflejo, no una causa\u00bb. De esta manera, desmiente la visi\u00f3n ortodoxa que la atribuye exclusivamente a la emisi\u00f3n de dinero.<\/p>\n\n\n\n<p><strong>Conclusi\u00f3n<\/strong><\/p>\n\n\n\n<p>El plan econ\u00f3mico de Milei est\u00e1 lleno de contradicciones que tarde o temprano le pasar\u00e1n factura. Mientras el Gobierno se aferra a un discurso triunfalista, la realidad econ\u00f3mica marca otra cosa: un ajuste brutal sin garant\u00edas de crecimiento, una estrategia de comunicaci\u00f3n basada en promesas y un d\u00f3lar \u00abbarato\u00bb que no se traduce en beneficios para la mayor\u00eda. Si el oficialismo no corrige el rumbo, podr\u00eda enfrentar un 2025 mucho m\u00e1s complejo del que imagina.<\/p>\n\n\n\n<hr class=\"wp-block-separator has-alpha-channel-opacity\"\/>\n","protected":false},"excerpt":{"rendered":"<p>Emmanuel \u00c1lvarez Agis<\/p>\n","protected":false},"author":4,"featured_media":2966,"comment_status":"open","ping_status":"open","sticky":false,"template":"","format":"standard","meta":{"_monsterinsights_skip_tracking":false,"_monsterinsights_sitenote_active":false,"_monsterinsights_sitenote_note":"","_monsterinsights_sitenote_category":0,"footnotes":"","jetpack_publicize_message":"","jetpack_publicize_feature_enabled":true,"jetpack_social_post_already_shared":true,"jetpack_social_options":{"image_generator_settings":{"template":"highway","default_image_id":0,"font":"","enabled":false},"version":2}},"categories":[3],"tags":[1154,334,1156,1130,1155],"class_list":["post-2965","post","type-post","status-publish","format-standard","has-post-thumbnail","hentry","category-economia","tag-ajuste-fiscal-argentina-2025","tag-crisis-economica-argentina","tag-dolar-barato-argentina","tag-inflacion-y-fmi","tag-plan-economico-de-milei"],"jetpack_publicize_connections":[],"_links":{"self":[{"href":"https:\/\/www.enorsai.com\/noticias\/wp-json\/wp\/v2\/posts\/2965","targetHints":{"allow":["GET"]}}],"collection":[{"href":"https:\/\/www.enorsai.com\/noticias\/wp-json\/wp\/v2\/posts"}],"about":[{"href":"https:\/\/www.enorsai.com\/noticias\/wp-json\/wp\/v2\/types\/post"}],"author":[{"embeddable":true,"href":"https:\/\/www.enorsai.com\/noticias\/wp-json\/wp\/v2\/users\/4"}],"replies":[{"embeddable":true,"href":"https:\/\/www.enorsai.com\/noticias\/wp-json\/wp\/v2\/comments?post=2965"}],"version-history":[{"count":1,"href":"https:\/\/www.enorsai.com\/noticias\/wp-json\/wp\/v2\/posts\/2965\/revisions"}],"predecessor-version":[{"id":2967,"href":"https:\/\/www.enorsai.com\/noticias\/wp-json\/wp\/v2\/posts\/2965\/revisions\/2967"}],"wp:featuredmedia":[{"embeddable":true,"href":"https:\/\/www.enorsai.com\/noticias\/wp-json\/wp\/v2\/media\/2966"}],"wp:attachment":[{"href":"https:\/\/www.enorsai.com\/noticias\/wp-json\/wp\/v2\/media?parent=2965"}],"wp:term":[{"taxonomy":"category","embeddable":true,"href":"https:\/\/www.enorsai.com\/noticias\/wp-json\/wp\/v2\/categories?post=2965"},{"taxonomy":"post_tag","embeddable":true,"href":"https:\/\/www.enorsai.com\/noticias\/wp-json\/wp\/v2\/tags?post=2965"}],"curies":[{"name":"wp","href":"https:\/\/api.w.org\/{rel}","templated":true}]}}