{"id":2938,"date":"2025-03-31T05:31:37","date_gmt":"2025-03-31T08:31:37","guid":{"rendered":"https:\/\/www.enorsai.com\/noticias\/?p=2938"},"modified":"2025-07-04T18:51:01","modified_gmt":"2025-07-04T21:51:01","slug":"el-gobierno-de-milei-busca-paralizar-la-ex-esma-otro-golpe-a-la-memoria-y-los-derechos-humanos","status":"publish","type":"post","link":"https:\/\/www.enorsai.com\/noticias\/derechos-humanos\/el-gobierno-de-milei-busca-paralizar-la-ex-esma-otro-golpe-a-la-memoria-y-los-derechos-humanos\/","title":{"rendered":"El Gobierno de Milei busca paralizar la ex ESMA: Otro golpe a la memoria y los derechos humanos"},"content":{"rendered":"\n<p><strong>La estrategia de Javier Milei para desmantelar las pol\u00edticas de memoria, verdad y justicia avanza con fuerza. Ahora, el Ministerio de Justicia ha decidido congelar los fondos destinados a la ex ESMA, poniendo en riesgo su funcionamiento.<\/strong><\/p>\n\n\n\n<p>El gobierno de Javier Milei ha dado un nuevo paso en su cruzada contra las pol\u00edticas de derechos humanos en Argentina. Apenas dos d\u00edas despu\u00e9s de la multitudinaria movilizaci\u00f3n del 24 de marzo, el Ministerio de Justicia anunci\u00f3 la realizaci\u00f3n de una auditor\u00eda sobre el funcionamiento de la ex Escuela de Mec\u00e1nica de la Armada (ESMA), el emblem\u00e1tico espacio de memoria que fue declarado Patrimonio de la Humanidad por la UNESCO en 2023. Pero la medida no es una simple revisi\u00f3n de documentos: tambi\u00e9n implica la suspensi\u00f3n de las transferencias de fondos por 60 d\u00edas, lo que paralizar\u00eda sus actividades y dejar\u00eda a los trabajadores sin salario.<\/p>\n\n\n\n<p>Esta decisi\u00f3n, que lleva la firma del subsecretario de Gesti\u00f3n Administrativa del Ministerio de Justicia, Juan Cruz Montero, representa un golpe directo a la memoria colectiva. La ex ESMA no solo es un sitio de recuerdo, sino un espacio donde se construye el presente desde la memoria y la justicia. Pero para el gobierno libertario, los derechos humanos son un \u00abcurro\u00bb que debe ser desmontado.<\/p>\n\n\n\n<h3 class=\"wp-block-heading\"><strong>Un golpe anunciado: la estrategia de Milei contra la memoria<\/strong><\/h3>\n\n\n\n<p>El vaciamiento de la ex ESMA no es un hecho aislado, sino parte de una ofensiva m\u00e1s amplia. La administraci\u00f3n de Javier Milei ha dejado en claro desde el inicio su desprecio por las pol\u00edticas de memoria. La decisi\u00f3n de Mariano C\u00faneo Libarona, ministro de Justicia, de auditar la ex ESMA y suspender los fondos replica la estrategia ya utilizada para frenar las reparaciones econ\u00f3micas a las v\u00edctimas del terrorismo de Estado. En ese caso, el gobierno instal\u00f3 medi\u00e1ticamente la narrativa de una \u00abestafa al Estado\u00bb por parte de quienes reclaman justicia, cuando en realidad la supuesta \u00abbanda\u00bb fraudulenta hab\u00eda sido denunciada por las mismas v\u00edctimas.<\/p>\n\n\n\n<p>El mismo d\u00eda que se anunci\u00f3 la auditor\u00eda en la ex ESMA, el gobierno libertario lanz\u00f3 otras iniciativas con el claro objetivo de disputar la agenda del 24 de marzo. Primero, difundi\u00f3 un video con el polit\u00f3logo Agust\u00edn Laje relativizando los cr\u00edmenes de la dictadura. Luego, el vocero Manuel Adorni anunci\u00f3 la desclasificaci\u00f3n de archivos de la ex Secretar\u00eda de Inteligencia de Estado (SIDE), sin precisar detalles, lo que genera sospechas sobre un posible intento de intervenir el Archivo Nacional de la Memoria. Adem\u00e1s, el gobierno firm\u00f3 un acuerdo para equiparar un crimen de la d\u00e9cada del &#8217;70 con delitos de lesa humanidad, en un claro intento de validar la teor\u00eda de los dos demonios.<\/p>\n\n\n\n<div class=\"wp-block-jetpack-related-posts has-medium-font-size\"><\/div>\n\n\n\n<p><\/p>\n\n\n\n<h3 class=\"wp-block-heading\"><strong>Sin fondos, sin salarios y sin memoria<\/strong><\/h3>\n\n\n\n<p>La ex ESMA es administrada por un ente tripartito compuesto por el Estado Nacional, la Ciudad de Buenos Aires y organismos de derechos humanos. Este ente es responsable del mantenimiento del predio, la seguridad, las visitas guiadas y las actividades de memoria. Sin embargo, la decisi\u00f3n del gobierno de Milei de congelar los fondos lo pone en una situaci\u00f3n cr\u00edtica.<\/p>\n\n\n\n<p>El directorio del ente ya inform\u00f3 a los trabajadores que en sus cuentas solo quedaban 267.603 pesos, una cifra insuficiente para cubrir siquiera una porci\u00f3n m\u00ednima de los salarios. Ante esta situaci\u00f3n, la Asociaci\u00f3n de Trabajadores del Estado (ATE) declar\u00f3 un cese de tareas durante el fin de semana y convoc\u00f3 a una asamblea para evaluar los pasos a seguir.<\/p>\n\n\n\n<p>La posibilidad de una judicializaci\u00f3n del conflicto es alta. En enero, el juez federal Ariel Lijo advirti\u00f3 que el secretario de Derechos Humanos, Alberto Ba\u00f1os, ten\u00eda la obligaci\u00f3n de garantizar el funcionamiento de los espacios de memoria. Sin embargo, Ba\u00f1os ha demostrado ser un ejecutor fiel de la pol\u00edtica de vaciamiento de Milei. En febrero, suspendi\u00f3 un recital de Milo J en la ex ESMA utilizando una cautelar y orden\u00f3 el retiro de una gigantograf\u00eda de N\u00e9stor Kirchner descolgando los cuadros de los dictadores Videla y Bignone. Actos de censura y negacionismo que forman parte del mismo libreto.<\/p>\n\n\n\n<h3 class=\"wp-block-heading\"><strong>Represi\u00f3n y espionaje: la avanzada de la dictadura libertaria<\/strong><\/h3>\n\n\n\n<p>El ataque del gobierno de Milei a la ex ESMA es m\u00e1s profundo de lo que parece. No se trata solo de un recorte presupuestario, sino de una estrategia de represi\u00f3n y control. Desde fines de 2023, las fuerzas de seguridad han aumentado su presencia en el predio. A fines de diciembre, un abrazo simb\u00f3lico al espacio de memoria fue seguido de tareas de inteligencia ilegal contra los manifestantes.<\/p>\n\n\n\n<p>La Polic\u00eda Federal ha tomado el control de los accesos a la ex ESMA y ha filmado asambleas de trabajadores. El resultado ha sido una ola de despidos, justificados con argumentos de \u00abindisciplina\u00bb. A mediados de enero, Ba\u00f1os orden\u00f3 el cierre del Centro Cultural Haroldo Conti, un espacio de expresi\u00f3n y debate que funcionaba desde 2008. Pese a las promesas de reabrirlo con una \u00abnueva programaci\u00f3n\u00bb, el cierre sigue vigente y la intenci\u00f3n de vaciar el predio es evidente.<\/p>\n\n\n\n<h3 class=\"wp-block-heading\"><strong>Un pueblo que no olvida<\/strong><\/h3>\n\n\n\n<p>Pero la memoria no se borra con decretos ni con auditor\u00edas ama\u00f1adas. La resistencia contra el desmantelamiento de la ex ESMA se ha hecho sentir con fuerza. El 24 de marzo, la organizaci\u00f3n H.I.J.O.S. reinstal\u00f3 la gigantograf\u00eda de Kirchner en el predio, acompa\u00f1ados por dirigentes pol\u00edticos y organismos de derechos humanos. La expresidenta Cristina Fern\u00e1ndez de Kirchner comparti\u00f3 im\u00e1genes del acto y sentenci\u00f3: \u00abPor m\u00e1s que quieran, no van a poder\u00bb.<\/p>\n\n\n\n<p>El gobierno de Milei est\u00e1 decidido a destruir las pol\u00edticas de memoria, verdad y justicia, pero no lograr\u00e1 borrar la historia. La ex ESMA seguir\u00e1 siendo un s\u00edmbolo de lucha contra el olvido, porque el pueblo argentino no est\u00e1 dispuesto a ceder ante el negacionismo y la impunidad.<\/p>\n\n\n\n<p>Fuente:<\/p>\n\n\n\n<ul class=\"wp-block-list\">\n<li><a href=\"https:\/\/www.pagina12.com.ar\/814582-el-gobierno-busca-paralizar-el-funcionamiento-de-la-ex-esma\">https:\/\/www.pagina12.com.ar\/814582-el-gobierno-busca-paralizar-el-funcionamiento-de-la-ex-esma<\/a><\/li>\n<\/ul>\n","protected":false},"excerpt":{"rendered":"<p>El gobierno de Javier Milei avanza en su ataque a la memoria hist\u00f3rica. Suspendi\u00f3 los fondos de la ex ESMA, dejando sin salarios a los trabajadores y amenazando su funcionamiento. Con auditor\u00edas como excusa, busca vaciar los espacios de memoria y reinstalar discursos negacionistas. La resistencia crece.<\/p>\n","protected":false},"author":12,"featured_media":2940,"comment_status":"open","ping_status":"open","sticky":false,"template":"","format":"standard","meta":{"_monsterinsights_skip_tracking":false,"_monsterinsights_sitenote_active":false,"_monsterinsights_sitenote_note":"","_monsterinsights_sitenote_category":0,"footnotes":"","jetpack_publicize_message":"El Gobierno de Milei busca paralizar la ex ESMA: Otro golpe a la memoria y los derechos humanos","jetpack_publicize_feature_enabled":true,"jetpack_social_post_already_shared":false,"jetpack_social_options":{"image_generator_settings":{"template":"highway","enabled":false},"version":2}},"categories":[1908],"tags":[1138,78,207,1137,99,98,70,97,45,365],"class_list":["post-2938","post","type-post","status-publish","format-standard","has-post-thumbnail","hentry","category-derechos-humanos","tag-auditoria","tag-derechos-humanos","tag-dictadura","tag-esma","tag-historia","tag-impunidad","tag-justicia","tag-memoria","tag-milei","tag-represion"],"jetpack_publicize_connections":[],"_links":{"self":[{"href":"https:\/\/www.enorsai.com\/noticias\/wp-json\/wp\/v2\/posts\/2938","targetHints":{"allow":["GET"]}}],"collection":[{"href":"https:\/\/www.enorsai.com\/noticias\/wp-json\/wp\/v2\/posts"}],"about":[{"href":"https:\/\/www.enorsai.com\/noticias\/wp-json\/wp\/v2\/types\/post"}],"author":[{"embeddable":true,"href":"https:\/\/www.enorsai.com\/noticias\/wp-json\/wp\/v2\/users\/12"}],"replies":[{"embeddable":true,"href":"https:\/\/www.enorsai.com\/noticias\/wp-json\/wp\/v2\/comments?post=2938"}],"version-history":[{"count":1,"href":"https:\/\/www.enorsai.com\/noticias\/wp-json\/wp\/v2\/posts\/2938\/revisions"}],"predecessor-version":[{"id":2941,"href":"https:\/\/www.enorsai.com\/noticias\/wp-json\/wp\/v2\/posts\/2938\/revisions\/2941"}],"wp:featuredmedia":[{"embeddable":true,"href":"https:\/\/www.enorsai.com\/noticias\/wp-json\/wp\/v2\/media\/2940"}],"wp:attachment":[{"href":"https:\/\/www.enorsai.com\/noticias\/wp-json\/wp\/v2\/media?parent=2938"}],"wp:term":[{"taxonomy":"category","embeddable":true,"href":"https:\/\/www.enorsai.com\/noticias\/wp-json\/wp\/v2\/categories?post=2938"},{"taxonomy":"post_tag","embeddable":true,"href":"https:\/\/www.enorsai.com\/noticias\/wp-json\/wp\/v2\/tags?post=2938"}],"curies":[{"name":"wp","href":"https:\/\/api.w.org\/{rel}","templated":true}]}}