{"id":2937,"date":"2025-03-30T16:12:37","date_gmt":"2025-03-30T19:12:37","guid":{"rendered":"https:\/\/www.enorsai.com\/noticias\/politica\/adorni-el-alfil-de-karina-milei-listo-para-destruir-caba-a-pura-motosierra\/"},"modified":"2025-03-30T16:12:37","modified_gmt":"2025-03-30T19:12:37","slug":"adorni-el-alfil-de-karina-milei-listo-para-destruir-caba-a-pura-motosierra","status":"publish","type":"post","link":"https:\/\/www.enorsai.com\/noticias\/politica\/adorni-el-alfil-de-karina-milei-listo-para-destruir-caba-a-pura-motosierra\/","title":{"rendered":"Adorni, el alfil de Karina Milei, listo para destruir CABA a pura motosierra"},"content":{"rendered":"\n<p>La Libertad Avanza lanza su ofensiva en CABA con una lista que busca debilitar al PRO y aplicar la \u00abmotosierra\u00bb en la Legislatura<\/p>\n\n\n\n<p>La interna del oficialismo libertario avanza a paso firme y, en la Ciudad de Buenos Aires, tiene un nuevo protagonista: Manuel Adorni. El vocero presidencial fue ungido por Karina Milei como cabeza de lista para las elecciones legislativas porte\u00f1as, en una jugada que busca consolidar la presencia de La Libertad Avanza (LLA) en el distrito y desplazar al PRO del tablero pol\u00edtico local. A su lado estar\u00e1 Solana Pelayo, directora del Banco Naci\u00f3n, en una f\u00f3rmula que responde directamente a la hermana del presidente.<\/p>\n\n\n\n<p>La campa\u00f1a estar\u00e1 comandada por Karina Milei y Pilar Ram\u00edrez, marcando el dominio absoluto de la \u00abdama de hierro\u00bb libertaria en las decisiones estrat\u00e9gicas. La ausencia de nombres cercanos a Santiago Caputo, el enigm\u00e1tico asesor de Milei, evidencia una interna cada vez m\u00e1s visible dentro del oficialismo.<\/p>\n\n\n\n<p><\/p>\n\n\n\n<p><strong>Un PRO debilitado y la amenaza libertaria<\/strong><\/p>\n\n\n\n<p>La apuesta de Karina Milei es clara: erosionar la hegemon\u00eda del PRO en la Ciudad, aprovechando el desgaste de Jorge Macri y su incapacidad para diferenciarse del ala dura del macrismo. En Balcarce 50 sostienen que el modelo del PRO est\u00e1 agotado y que LLA puede captar al electorado desencantado con los amarillos.<\/p>\n\n\n\n<p>El discurso de Adorni se centrar\u00e1 en la eliminaci\u00f3n de \u00abgastos innecesarios\u00bb, una ret\u00f3rica que ya anticipa una ofensiva contra el presupuesto de la Ciudad y el posible desmantelamiento de \u00e1reas clave. La \u00abmotosierra\u00bb vuelve a ser el eje central de campa\u00f1a, con una r\u00e9plica del ic\u00f3nico objeto de Milei acompa\u00f1ando al vocero en sus actos.<\/p>\n\n\n\n<p><\/p>\n\n\n\n<p><strong>Una interna que no se silencia<\/strong><\/p>\n\n\n\n<p>Aunque la candidatura de Adorni parece gozar del respaldo de la c\u00fapula libertaria, las tensiones internas est\u00e1n lejos de resolverse. Santiago Caputo, estratega de comunicaci\u00f3n del gobierno, mantiene una disputa con Adorni por el control del discurso oficialista, lo que ha generado roces dentro del equipo libertario. Pese a ello, ambos sellaron una tregua temporal con una foto en la Casa Rosada que simboliza una paz fr\u00e1gil.<\/p>\n\n\n\n<p>Otra inc\u00f3gnita que persiste es si Adorni asumir\u00e1 efectivamente su banca en caso de resultar electo. La Constituci\u00f3n porte\u00f1a impide que un legislador porte\u00f1o ejerza simult\u00e1neamente otro cargo p\u00fablico, lo que podr\u00eda obligarlo a abandonar su puesto como vocero presidencial. En el entorno de Karina Milei no descartan que su candidatura sea meramente testimonial, dependiendo del resultado electoral y las necesidades del gobierno nacional.<\/p>\n\n\n\n<p><\/p>\n\n\n\n<p><strong>Un tablero pol\u00edtico en ebullici\u00f3n<\/strong><\/p>\n\n\n\n<p>El avance de La Libertad Avanza en CABA no solo afecta al PRO, sino que tambi\u00e9n genera movimientos en otras fuerzas pol\u00edticas. La irrupci\u00f3n de Ramiro Marra, exdirigente libertario, con su propia lista bajo el sello de la UCEDE, amenaza con fragmentar el voto violeta y captar sectores desencantados con la conducci\u00f3n de Karina Milei. Por su parte, el MID, liderado por Oscar Zago, apuesta a restarle votos a LLA con figuras medi\u00e1ticas como Ricardo Caruso Lombardi.<\/p>\n\n\n\n<p>A pesar de las tensiones y las disputas internas, la estrategia libertaria en la Ciudad avanza con un objetivo claro: consolidar su poder y ampliar su representaci\u00f3n en la Legislatura. La campa\u00f1a ya est\u00e1 en marcha y, con Adorni al frente, la motosierra libertaria se prepara para entrar en acci\u00f3n nuevamente.<\/p>\n\n\n\n<p>Fuente:<\/p>\n\n\n\n<ul class=\"wp-block-list\">\n<li>https:\/\/www.tiempoar.com.ar\/ta_article\/adorni-candidato-karina-ciudad\/<\/li>\n<\/ul>\n","protected":false},"excerpt":{"rendered":"<p>La Libertad Avanza lanza su ofensiva en CABA con una lista que busca debilitar al PRO y aplicar la \u00abmotosierra\u00bb en la Legislatura La interna del oficialismo libertario avanza a paso firme y, en la Ciudad de Buenos Aires, tiene un nuevo protagonista: Manuel Adorni. El vocero presidencial fue ungido por Karina Milei como cabeza&#8230;<\/p>\n","protected":false},"author":1,"featured_media":2936,"comment_status":"open","ping_status":"open","sticky":false,"template":"","format":"standard","meta":{"_monsterinsights_skip_tracking":false,"_monsterinsights_sitenote_active":false,"_monsterinsights_sitenote_note":"","_monsterinsights_sitenote_category":0,"footnotes":"","jetpack_publicize_message":"","jetpack_publicize_feature_enabled":true,"jetpack_social_post_already_shared":true,"jetpack_social_options":{"image_generator_settings":{"template":"highway","default_image_id":0,"font":"","enabled":false},"version":2}},"categories":[2],"tags":[],"class_list":["post-2937","post","type-post","status-publish","format-standard","has-post-thumbnail","hentry","category-politica"],"jetpack_publicize_connections":[],"_links":{"self":[{"href":"https:\/\/www.enorsai.com\/noticias\/wp-json\/wp\/v2\/posts\/2937","targetHints":{"allow":["GET"]}}],"collection":[{"href":"https:\/\/www.enorsai.com\/noticias\/wp-json\/wp\/v2\/posts"}],"about":[{"href":"https:\/\/www.enorsai.com\/noticias\/wp-json\/wp\/v2\/types\/post"}],"author":[{"embeddable":true,"href":"https:\/\/www.enorsai.com\/noticias\/wp-json\/wp\/v2\/users\/1"}],"replies":[{"embeddable":true,"href":"https:\/\/www.enorsai.com\/noticias\/wp-json\/wp\/v2\/comments?post=2937"}],"version-history":[{"count":0,"href":"https:\/\/www.enorsai.com\/noticias\/wp-json\/wp\/v2\/posts\/2937\/revisions"}],"wp:featuredmedia":[{"embeddable":true,"href":"https:\/\/www.enorsai.com\/noticias\/wp-json\/wp\/v2\/media\/2936"}],"wp:attachment":[{"href":"https:\/\/www.enorsai.com\/noticias\/wp-json\/wp\/v2\/media?parent=2937"}],"wp:term":[{"taxonomy":"category","embeddable":true,"href":"https:\/\/www.enorsai.com\/noticias\/wp-json\/wp\/v2\/categories?post=2937"},{"taxonomy":"post_tag","embeddable":true,"href":"https:\/\/www.enorsai.com\/noticias\/wp-json\/wp\/v2\/tags?post=2937"}],"curies":[{"name":"wp","href":"https:\/\/api.w.org\/{rel}","templated":true}]}}