{"id":2931,"date":"2025-03-30T10:46:21","date_gmt":"2025-03-30T13:46:21","guid":{"rendered":"https:\/\/www.enorsai.com\/noticias\/?p=2931"},"modified":"2025-03-30T10:46:21","modified_gmt":"2025-03-30T13:46:21","slug":"economista-fernando-solino-la-crisis-que-milei-niega-incertidumbre-dolar-en-alza-y-un-mercado-sin-rumbo","status":"publish","type":"post","link":"https:\/\/www.enorsai.com\/noticias\/economia\/economista-fernando-solino-la-crisis-que-milei-niega-incertidumbre-dolar-en-alza-y-un-mercado-sin-rumbo\/","title":{"rendered":"Economista Fernando Soli\u00f1o: La crisis que Milei niega, incertidumbre, d\u00f3lar en alza y un mercado sin rumbo"},"content":{"rendered":"\n<p><strong>El mercado no cree en Milei: el d\u00f3lar se dispara y las reservas caen<\/strong><\/p>\n\n\n\n<p>El gobierno de Javier Milei se enfrenta a una realidad ineludible: el mercado est\u00e1 inquieto y la econom\u00eda tambalea a pesar de los discursos oficiales. A pocos meses de haber asumido, la administraci\u00f3n libertaria enfrenta la desconfianza de los sectores financieros, una suba incontrolable del d\u00f3lar paralelo y una ca\u00edda alarmante de las reservas del Banco Central. <strong>El economista Fernando Soli\u00f1o<\/strong> lo dijo sin eufemismos: \u00abEl mercado est\u00e1 inquieto porque el gobierno trastabilla\u00bb.<\/p>\n\n\n\n<p>Mientras Milei insiste en que no devaluar\u00e1 el peso, los hechos muestran lo contrario. La brecha cambiaria se ampl\u00eda, el d\u00f3lar blue sigue subiendo y el supuesto super\u00e1vit fiscal con el que se jacta el gobierno no alcanza para calmar las aguas. \u00abSi ten\u00e9s un d\u00f3lar atrasado, el \u00fanico camino es la correcci\u00f3n, la devaluaci\u00f3n\u00bb, explic\u00f3 Soli\u00f1o en di\u00e1logo con Radio Rivadavia. Sin embargo, el presidente y su equipo econ\u00f3mico persisten en una estrategia que el mercado ya desminti\u00f3.<\/p>\n\n\n\n<figure class=\"wp-block-embed is-type-wp-embed is-provider-incrustado wp-block-embed-incrustado\"><div class=\"wp-block-embed__wrapper\">\n<blockquote class=\"wp-embedded-content\" data-secret=\"8wTMenDlEE\"><a href=\"https:\/\/www.enorsai.com\/noticias\/economia\/martin-redrado-la-trampa-cambiaria-como-el-gobierno-juega-con-fuego-en-la-economia-argentina\/\">Mart\u00edn Redrado: La trampa cambiaria, c\u00f3mo el gobierno juega con fuego en la econom\u00eda argentina<\/a><\/blockquote><iframe loading=\"lazy\" class=\"wp-embedded-content\" sandbox=\"allow-scripts\" security=\"restricted\" style=\"position: absolute; visibility: hidden;\" title=\"\u00abMart\u00edn Redrado: La trampa cambiaria, c\u00f3mo el gobierno juega con fuego en la econom\u00eda argentina\u00bb \u2014 \" src=\"https:\/\/www.enorsai.com\/noticias\/economia\/martin-redrado-la-trampa-cambiaria-como-el-gobierno-juega-con-fuego-en-la-economia-argentina\/embed\/#?secret=yslBBImwKn#?secret=8wTMenDlEE\" data-secret=\"8wTMenDlEE\" width=\"600\" height=\"338\" frameborder=\"0\" marginwidth=\"0\" marginheight=\"0\" scrolling=\"no\"><\/iframe>\n<\/div><\/figure>\n\n\n\n<p>El Ejecutivo confirm\u00f3 que pedir\u00e1 20 mil millones de d\u00f3lares al Fondo Monetario Internacional, pero sin aclarar las condiciones del acuerdo. \u00abSe habla de ajuste fiscal, pero el FMI tambi\u00e9n pide devaluaciones cuando es necesario\u00bb, advirti\u00f3 Soli\u00f1o. La combinaci\u00f3n de alta inflaci\u00f3n, falta de credibilidad y un mercado que no conf\u00eda en la estabilidad del tipo de cambio generan una tormenta perfecta que el gobierno no logra contener.<\/p>\n\n\n\n<h3 class=\"wp-block-heading\">Inflaci\u00f3n en alza y d\u00f3lar a $1400: lo que viene<\/h3>\n\n\n\n<p>El gobierno argumenta que el aumento de precios es \u00abestacional\u00bb, pero Soli\u00f1o desmiente ese relato: \u00abEn marzo los alimentos, carnes, frutas y verduras ya tienen un alza del 2,4%. Todos los marzos suben, pero no se aquietan, como quieren hacernos creer\u00bb. La proyecci\u00f3n para el d\u00f3lar futuro tampoco es alentadora. \u00abSi hoy est\u00e1 en $1080, con un 30% de inflaci\u00f3n proyectada, podr\u00eda alcanzar los $1400 a fin de a\u00f1o\u00bb, sostuvo el economista.<\/p>\n\n\n\n<figure class=\"wp-block-embed is-type-wp-embed is-provider-incrustado wp-block-embed-incrustado\"><div class=\"wp-block-embed__wrapper\">\n<blockquote class=\"wp-embedded-content\" data-secret=\"mx8sonvXhS\"><a href=\"https:\/\/www.enorsai.com\/noticias\/opinion\/alfredo-serrano-mancilla-la-deudoestafa-de-milei-un-laberinto-financiero-que-asfixia-al-pais\/\">Alfredo Serrano Mancilla: \u00abLa deudoestafa de Milei\u00bb, un laberinto financiero que asfixia al pais<\/a><\/blockquote><iframe loading=\"lazy\" class=\"wp-embedded-content\" sandbox=\"allow-scripts\" security=\"restricted\" style=\"position: absolute; visibility: hidden;\" title=\"\u00abAlfredo Serrano Mancilla: \u00abLa deudoestafa de Milei\u00bb, un laberinto financiero que asfixia al pais\u00bb \u2014 \" src=\"https:\/\/www.enorsai.com\/noticias\/opinion\/alfredo-serrano-mancilla-la-deudoestafa-de-milei-un-laberinto-financiero-que-asfixia-al-pais\/embed\/#?secret=0b9Ug4EgC0#?secret=mx8sonvXhS\" data-secret=\"mx8sonvXhS\" width=\"600\" height=\"338\" frameborder=\"0\" marginwidth=\"0\" marginheight=\"0\" scrolling=\"no\"><\/iframe>\n<\/div><\/figure>\n\n\n\n<p>En este contexto, hasta Mauricio Macri decidi\u00f3 marcar distancia del oficialismo. En sus recientes declaraciones, el ex presidente asegur\u00f3 que la \u00abinestabilidad institucional\u00bb del gobierno de Milei est\u00e1 afectando a la econom\u00eda. Para Soli\u00f1o, sin embargo, esto no es m\u00e1s que \u00abuna chicana\u00bb de Macri, que busca diferenciarse sin perder pie en el armado pol\u00edtico del oficialismo.<\/p>\n\n\n\n<p>Lo cierto es que la econom\u00eda argentina sigue sin rumbo claro. Con una inflaci\u00f3n desbocada, reservas en ca\u00edda y un plan econ\u00f3mico que genera m\u00e1s dudas que certezas, el gobierno de Milei enfrenta su primer gran desaf\u00edo: convencer a un mercado que, por ahora, le da la espalda.<\/p>\n","protected":false},"excerpt":{"rendered":"<p>El mercado no cree en Milei: el d\u00f3lar se dispara y las reservas caen El gobierno de Javier Milei se enfrenta a una realidad ineludible: el mercado est\u00e1 inquieto y la econom\u00eda tambalea a pesar de los discursos oficiales. A pocos meses de haber asumido, la administraci\u00f3n libertaria enfrenta la desconfianza de los sectores financieros,&#8230;<\/p>\n","protected":false},"author":4,"featured_media":2932,"comment_status":"open","ping_status":"open","sticky":false,"template":"","format":"standard","meta":{"_monsterinsights_skip_tracking":false,"_monsterinsights_sitenote_active":false,"_monsterinsights_sitenote_note":"","_monsterinsights_sitenote_category":0,"footnotes":"","jetpack_publicize_message":"Lo cierto es que la econom\u00eda argentina sigue sin rumbo claro. Con una inflaci\u00f3n desbocada, reservas en ca\u00edda y un plan econ\u00f3mico que genera m\u00e1s dudas que certezas","jetpack_publicize_feature_enabled":true,"jetpack_social_post_already_shared":false,"jetpack_social_options":{"image_generator_settings":{"template":"highway","enabled":false},"version":2}},"categories":[3],"tags":[1133,1136,1132,15,1134,1135,45],"class_list":["post-2931","post","type-post","status-publish","format-standard","has-post-thumbnail","hentry","category-economia","tag-crisis-economica-javier-milei","tag-devaluacion-y-reservas-banco-central","tag-dolar-blue-hoy-argentina","tag-economia","tag-fmi-prestamo-argentina","tag-inflacion-marzo-202447","tag-milei"],"jetpack_publicize_connections":[],"_links":{"self":[{"href":"https:\/\/www.enorsai.com\/noticias\/wp-json\/wp\/v2\/posts\/2931","targetHints":{"allow":["GET"]}}],"collection":[{"href":"https:\/\/www.enorsai.com\/noticias\/wp-json\/wp\/v2\/posts"}],"about":[{"href":"https:\/\/www.enorsai.com\/noticias\/wp-json\/wp\/v2\/types\/post"}],"author":[{"embeddable":true,"href":"https:\/\/www.enorsai.com\/noticias\/wp-json\/wp\/v2\/users\/4"}],"replies":[{"embeddable":true,"href":"https:\/\/www.enorsai.com\/noticias\/wp-json\/wp\/v2\/comments?post=2931"}],"version-history":[{"count":1,"href":"https:\/\/www.enorsai.com\/noticias\/wp-json\/wp\/v2\/posts\/2931\/revisions"}],"predecessor-version":[{"id":2933,"href":"https:\/\/www.enorsai.com\/noticias\/wp-json\/wp\/v2\/posts\/2931\/revisions\/2933"}],"wp:featuredmedia":[{"embeddable":true,"href":"https:\/\/www.enorsai.com\/noticias\/wp-json\/wp\/v2\/media\/2932"}],"wp:attachment":[{"href":"https:\/\/www.enorsai.com\/noticias\/wp-json\/wp\/v2\/media?parent=2931"}],"wp:term":[{"taxonomy":"category","embeddable":true,"href":"https:\/\/www.enorsai.com\/noticias\/wp-json\/wp\/v2\/categories?post=2931"},{"taxonomy":"post_tag","embeddable":true,"href":"https:\/\/www.enorsai.com\/noticias\/wp-json\/wp\/v2\/tags?post=2931"}],"curies":[{"name":"wp","href":"https:\/\/api.w.org\/{rel}","templated":true}]}}