{"id":2922,"date":"2025-03-30T10:12:24","date_gmt":"2025-03-30T13:12:24","guid":{"rendered":"https:\/\/www.enorsai.com\/noticias\/?p=2922"},"modified":"2025-03-30T10:47:25","modified_gmt":"2025-03-30T13:47:25","slug":"el-sarampion-resurge-en-argentina-el-impacto-del-descenso-en-la-vacunacion-y-el-avance-del-movimiento-antivacunas","status":"publish","type":"post","link":"https:\/\/www.enorsai.com\/noticias\/economia\/el-sarampion-resurge-en-argentina-el-impacto-del-descenso-en-la-vacunacion-y-el-avance-del-movimiento-antivacunas\/","title":{"rendered":"El sarampi\u00f3n resurge en Argentina: el impacto del descenso en la vacunaci\u00f3n y el avance del movimiento antivacunas"},"content":{"rendered":"\n<h2 class=\"wp-block-heading\"><strong>El avance del virus y la falta de pol\u00edticas de inmunizaci\u00f3n generan preocupaci\u00f3n en la comunidad m\u00e9dica<\/strong><\/h2>\n\n\n\n<p>La confirmaci\u00f3n de 14 casos de sarampi\u00f3n en el \u00c1rea Metropolitana de Buenos Aires (AMBA) encendi\u00f3 las alarmas en las autoridades sanitarias. La reaparici\u00f3n de una enfermedad que se cre\u00eda erradicada en Argentina vuelve a poner en el centro del debate las pol\u00edticas de vacunaci\u00f3n, el impacto del movimiento antivacunas y la falta de acceso a la salud p\u00fablica en el contexto de ajuste econ\u00f3mico.<\/p>\n\n\n\n<p>El doctor Jorge Geffner, investigador del CONICET y profesor de la UBA, advirti\u00f3 en una reciente entrevista que la situaci\u00f3n es preocupante debido a la alta contagiosidad del virus. \u00abEl sarampi\u00f3n es la enfermedad m\u00e1s transmisible de persona a persona entre todas las infecciosas\u00bb, explic\u00f3, enfatizando que el pa\u00eds est\u00e1 por debajo del umbral de inmunizaci\u00f3n recomendado. La cobertura de vacunaci\u00f3n apenas alcanza el 80%, lejos del 95% necesario para evitar brotes.<\/p>\n\n\n\n<h3 class=\"wp-block-heading\"><strong>Vacunaci\u00f3n en retroceso y riesgo sanitario<\/strong><\/h3>\n\n\n\n<p>La pandemia y la desinformaci\u00f3n han afectado gravemente la confianza en las vacunas. \u00abHemos bajado entre un 5% y un 15% los niveles de vacunaci\u00f3n\u00bb, advirti\u00f3 Geffner, responsabilizando en parte a la \u00abcharlataner\u00eda antivacunas\u00bb que se expandi\u00f3 en redes sociales y en algunos sectores pol\u00edticos. Estados Unidos, uno de los pa\u00edses donde este movimiento gan\u00f3 terreno, registra m\u00e1s de 500 casos de sarampi\u00f3n en el \u00faltimo mes y dos muertes recientes.<\/p>\n\n\n\n<p>El impacto no es menor en Argentina. \u00abNo estamos como en Asia o \u00c1frica, pero tampoco podemos relajarnos\u00bb, insisti\u00f3 el especialista. La baja en la cobertura vacunal expone a ni\u00f1os y adultos a un virus que puede derivar en complicaciones graves como neumon\u00eda, encefalitis y, en los casos m\u00e1s extremos, la muerte. \u00abEn 2023, m\u00e1s de 100.000 ni\u00f1os murieron de sarampi\u00f3n en regiones con baja vacunaci\u00f3n\u00bb, ejemplific\u00f3.<\/p>\n\n\n\n<h3 class=\"wp-block-heading\"><strong>Desidia estatal y urgencia de acci\u00f3n<\/strong><\/h3>\n\n\n\n<p>El gobierno de Javier Milei, en su cruzada contra el \u00abgasto p\u00fablico\u00bb, ha recortado partidas clave en salud, lo que afecta la provisi\u00f3n de vacunas y la capacidad de respuesta ante brotes. En este contexto, las medidas anunciadas por la Provincia de Buenos Aires y la Ciudad de Buenos Aires para reforzar la vacunaci\u00f3n infantil aparecen como parches insuficientes ante un problema estructural. \u00abEs necesario intensificar las campa\u00f1as de vacunaci\u00f3n con una estrategia masiva y sostenida\u00bb, recomend\u00f3 Geffner, alertando sobre la falta de pol\u00edticas educativas y comunicacionales que incentiven la inmunizaci\u00f3n.<\/p>\n\n\n\n<p>En un pa\u00eds donde el 40% de la poblaci\u00f3n vive en la pobreza, la preocupaci\u00f3n por la subsistencia diaria relega a un segundo plano la prevenci\u00f3n sanitaria. \u00abMuchos padres tienen otras urgencias y no siguen el calendario de vacunaci\u00f3n\u00bb, explic\u00f3 el especialista, se\u00f1alando que el Estado deber\u00eda reforzar la presencia en los barrios m\u00e1s vulnerables. \u00abLas campa\u00f1as en las escuelas, en la calle, en los medios p\u00fablicos son fundamentales para garantizar que los chicos reciban la vacuna\u00bb, insisti\u00f3.<\/p>\n\n\n\n<h3 class=\"wp-block-heading\"><strong>Sarampi\u00f3n en adultos: el riesgo latente<\/strong><\/h3>\n\n\n\n<p>Si bien el 90% de los casos de sarampi\u00f3n se da en ni\u00f1os, los adultos tambi\u00e9n pueden padecer cuadros graves, sobre todo aquellos mayores de 60 a\u00f1os. \u00abSi naciste antes de 1960, es probable que hayas tenido sarampi\u00f3n y desarrollaras inmunidad natural, pero si no est\u00e1s seguro de estar vacunado, lo recomendable es aplicarse la dosis\u00bb, explic\u00f3 Geffner.<\/p>\n\n\n\n<p>Los s\u00edntomas en adultos incluyen fiebre prolongada, dolor de cabeza intenso, n\u00e1useas y malestar general. Ante cualquier sospecha, el especialista recomend\u00f3 la consulta inmediata con un m\u00e9dico y el uso de barbijo para evitar contagios. \u00abDebemos recuperar el concepto del m\u00e9dico de familia, alguien que haga un seguimiento real del paciente y no solo derive a estudios\u00bb, lament\u00f3, criticando la despersonalizaci\u00f3n del sistema de salud.<\/p>\n\n\n\n<h3 class=\"wp-block-heading\"><strong>La soluci\u00f3n es clara: vacunarse<\/strong><\/h3>\n\n\n\n<p>La evidencia hist\u00f3rica es contundente: las vacunas salvaron millones de vidas. \u00abAntes de la introducci\u00f3n de la vacuna contra el sarampi\u00f3n, la tasa de mortalidad infantil era alt\u00edsima. Tras su aplicaci\u00f3n, los casos y muertes cayeron dr\u00e1sticamente\u00bb, record\u00f3 el especialista.<\/p>\n\n\n\n<p>En un momento en que el discurso negacionista gana adeptos y el Estado se repliega, la comunidad m\u00e9dica advierte que el riesgo es demasiado alto como para quedarse de brazos cruzados. \u00abEl sarampi\u00f3n no es solo un problema individual, sino colectivo. Si no nos vacunamos, el virus circula y pone en peligro a toda la sociedad\u00bb, concluy\u00f3 Geffner.<\/p>\n","protected":false},"excerpt":{"rendered":"<p>Alerta sanitaria: el sarampi\u00f3n reaparece en Argentina mientras cae la vacunaci\u00f3n<\/p>\n","protected":false},"author":4,"featured_media":2924,"comment_status":"open","ping_status":"open","sticky":false,"template":"","format":"standard","meta":{"_monsterinsights_skip_tracking":false,"_monsterinsights_sitenote_active":false,"_monsterinsights_sitenote_note":"","_monsterinsights_sitenote_category":0,"footnotes":"","jetpack_publicize_message":"","jetpack_publicize_feature_enabled":true,"jetpack_social_post_already_shared":true,"jetpack_social_options":{"image_generator_settings":{"template":"highway","default_image_id":0,"font":"","enabled":false},"version":2}},"categories":[6,3],"tags":[1122,1124,1111,1089,1125,1123,1126],"class_list":["post-2922","post","type-post","status-publish","format-standard","has-post-thumbnail","hentry","category-ciencia-y-tecnologia","category-economia","tag-brote-sarampion-amba","tag-caida-vacunacion-argentina","tag-dolor-de-cabeza-intenso","tag-encefalitis-y","tag-movimiento-antivacunas-argentina","tag-politica-sanitaria-milei","tag-sarampion-argentina"],"jetpack_publicize_connections":[],"_links":{"self":[{"href":"https:\/\/www.enorsai.com\/noticias\/wp-json\/wp\/v2\/posts\/2922","targetHints":{"allow":["GET"]}}],"collection":[{"href":"https:\/\/www.enorsai.com\/noticias\/wp-json\/wp\/v2\/posts"}],"about":[{"href":"https:\/\/www.enorsai.com\/noticias\/wp-json\/wp\/v2\/types\/post"}],"author":[{"embeddable":true,"href":"https:\/\/www.enorsai.com\/noticias\/wp-json\/wp\/v2\/users\/4"}],"replies":[{"embeddable":true,"href":"https:\/\/www.enorsai.com\/noticias\/wp-json\/wp\/v2\/comments?post=2922"}],"version-history":[{"count":2,"href":"https:\/\/www.enorsai.com\/noticias\/wp-json\/wp\/v2\/posts\/2922\/revisions"}],"predecessor-version":[{"id":2926,"href":"https:\/\/www.enorsai.com\/noticias\/wp-json\/wp\/v2\/posts\/2922\/revisions\/2926"}],"wp:featuredmedia":[{"embeddable":true,"href":"https:\/\/www.enorsai.com\/noticias\/wp-json\/wp\/v2\/media\/2924"}],"wp:attachment":[{"href":"https:\/\/www.enorsai.com\/noticias\/wp-json\/wp\/v2\/media?parent=2922"}],"wp:term":[{"taxonomy":"category","embeddable":true,"href":"https:\/\/www.enorsai.com\/noticias\/wp-json\/wp\/v2\/categories?post=2922"},{"taxonomy":"post_tag","embeddable":true,"href":"https:\/\/www.enorsai.com\/noticias\/wp-json\/wp\/v2\/tags?post=2922"}],"curies":[{"name":"wp","href":"https:\/\/api.w.org\/{rel}","templated":true}]}}