{"id":2912,"date":"2025-03-29T08:51:26","date_gmt":"2025-03-29T11:51:26","guid":{"rendered":"https:\/\/www.enorsai.com\/noticias\/?p=2912"},"modified":"2025-03-29T08:51:26","modified_gmt":"2025-03-29T11:51:26","slug":"piden-la-renuncia-de-adorni-por-uso-indebido-del-cargo-quiere-hacer-campana-con-fondos-publicos","status":"publish","type":"post","link":"https:\/\/www.enorsai.com\/noticias\/politica\/piden-la-renuncia-de-adorni-por-uso-indebido-del-cargo-quiere-hacer-campana-con-fondos-publicos\/","title":{"rendered":"Piden la renuncia de Adorni por uso indebido del cargo: \u00abQuiere hacer campa\u00f1a con fondos p\u00fablicos\u00bb"},"content":{"rendered":"\n<p>El vocero presidencial Manuel Adorni, convertido en el rostro comunicacional del gobierno de Javier Milei, vuelve a estar en el centro de la pol\u00e9mica. Su posible candidatura como legislador en la Ciudad de Buenos Aires ha desatado un fuerte cuestionamiento sobre la utilizaci\u00f3n de recursos estatales con fines partidarios. Un legislador porte\u00f1o present\u00f3 un pedido formal ante la Oficina Anticorrupci\u00f3n para exigir su renuncia o una licencia sin goce de sueldo, bajo la premisa de que est\u00e1 incurriendo en un \u00abinaceptable aprovechamiento de su funci\u00f3n para una finalidad ajena a la misma\u00bb.<\/p>\n\n\n\n<p>Detr\u00e1s del pedido no solo hay una disputa electoral dentro del universo libertario, sino tambi\u00e9n una cuesti\u00f3n de fondo que expone, una vez m\u00e1s, la hipocres\u00eda del oficialismo. La administraci\u00f3n de Javier Milei ha hecho de la supuesta \u00abpureza ideol\u00f3gica\u00bb una bandera, denostando la \u00abcasta\u00bb y proclamando una transparencia institucional que, a la luz de este esc\u00e1ndalo, se desmorona con brutalidad. Adorni, quien desde su puesto manipula el relato oficial, ahora pretende hacer campa\u00f1a sin soltar las riendas del aparato estatal de comunicaci\u00f3n.<\/p>\n\n\n\n<p><strong>El uso del Estado como trinchera pol\u00edtica<\/strong><\/p>\n\n\n\n<p>El pedido est\u00e1 respaldado en la Ley 25.188 de \u00c9tica en el Ejercicio de la Funci\u00f3n P\u00fablica, que establece que los funcionarios deben abstenerse de utilizar su posici\u00f3n para beneficios personales o partidarios. Tambi\u00e9n invoca el C\u00f3digo de \u00c9tica de la Funci\u00f3n P\u00fablica (Decreto 41\/99), cuyo art\u00edculo 9\u00ba establece que toda acci\u00f3n de un funcionario debe estar exenta de intereses personales que \u00abpongan en riesgo la finalidad de la funci\u00f3n p\u00fablica y la confianza ciudadana en las instituciones\u00bb. En otras palabras, la comunicaci\u00f3n del gobierno debe ser imparcial y no un meg\u00e1fono de campa\u00f1a.<\/p>\n\n\n\n<p>Pero la realidad es muy distinta. Desde que asumi\u00f3 Milei, Adorni se ha convertido en un portavoz que no se limita a brindar informaci\u00f3n oficial, sino que constantemente opera como un vocero partidario, atacando opositores y legitimando el ajuste brutal que est\u00e1 llevando a cabo el gobierno. Su potencial candidatura no har\u00eda m\u00e1s que cristalizar una pr\u00e1ctica ya evidente: el uso del aparato estatal para construir una plataforma pol\u00edtica personal.<\/p>\n\n\n\n<p><strong>Un esquema que se repite: el Estado al servicio del oficialismo<\/strong><\/p>\n\n\n\n<p>El caso de Adorni no es un hecho aislado dentro del esquema libertario. Lejos de la \u00abcasta\u00bb que tanto denuncian, el gobierno de Milei viene acumulando denuncias por nepotismo, abuso de poder y desmanejos administrativos. Desde la designaci\u00f3n de amigos y familiares en puestos clave hasta los esc\u00e1ndalos de financiaci\u00f3n partidaria encubierta, la estructura libertaria demuestra que la \u00abmeritocracia\u00bb de la que hablan no es m\u00e1s que un disfraz para encubrir las mismas pr\u00e1cticas que dec\u00edan combatir.<\/p>\n\n\n\n<p>Mientras la Oficina Anticorrupci\u00f3n eval\u00faa el pedido, la discusi\u00f3n sigue abierta. El caso de Adorni no solo pone en jaque su propia continuidad, sino que tambi\u00e9n desnuda la contradicci\u00f3n de un gobierno que se autoproclama \u00abanticasta\u00bb mientras se aferra con u\u00f1as y dientes a los recursos p\u00fablicos para sostener sus propias ambiciones pol\u00edticas. La pregunta ahora es si Milei estar\u00e1 dispuesto a aplicar a su vocero las mismas exigencias de transparencia que clama para sus adversarios, o si, como todo indica, seguir\u00e1 utilizando el Estado como una trinchera partidaria.<\/p>\n","protected":false},"excerpt":{"rendered":"<p>Yamil Santoro pidi\u00f3 la renuncia de Manuel Adorni por utilizar su cargo como Secretario de Comunicaci\u00f3n y Medios con fines electorales. Su posible candidatura pone en evidencia el uso del Estado con fines partidarios, desvirtuando principios de \u00e9tica p\u00fablica y transparencia.<\/p>\n","protected":false},"author":9,"featured_media":2913,"comment_status":"open","ping_status":"open","sticky":false,"template":"","format":"standard","meta":{"_monsterinsights_skip_tracking":false,"_monsterinsights_sitenote_active":false,"_monsterinsights_sitenote_note":"","_monsterinsights_sitenote_category":0,"footnotes":"","jetpack_publicize_message":"Piden la renuncia de Adorni por uso indebido del cargo: \"Quiere hacer campa\u00f1a con fondos p\u00fablicos\"","jetpack_publicize_feature_enabled":true,"jetpack_social_post_already_shared":false,"jetpack_social_options":{"image_generator_settings":{"template":"highway","enabled":false},"version":2}},"categories":[2],"tags":[1076,75,1075,1041,27,106,1073,196,769,1074],"class_list":["post-2912","post","type-post","status-publish","format-standard","has-post-thumbnail","hentry","category-politica","tag-campana-electoral","tag-corrupcion","tag-etica-publica","tag-funcionarios","tag-gobierno","tag-javier-milei","tag-manuel-adorni","tag-politica-argentina","tag-transparencia","tag-yamil-santoro"],"jetpack_publicize_connections":[],"_links":{"self":[{"href":"https:\/\/www.enorsai.com\/noticias\/wp-json\/wp\/v2\/posts\/2912","targetHints":{"allow":["GET"]}}],"collection":[{"href":"https:\/\/www.enorsai.com\/noticias\/wp-json\/wp\/v2\/posts"}],"about":[{"href":"https:\/\/www.enorsai.com\/noticias\/wp-json\/wp\/v2\/types\/post"}],"author":[{"embeddable":true,"href":"https:\/\/www.enorsai.com\/noticias\/wp-json\/wp\/v2\/users\/9"}],"replies":[{"embeddable":true,"href":"https:\/\/www.enorsai.com\/noticias\/wp-json\/wp\/v2\/comments?post=2912"}],"version-history":[{"count":1,"href":"https:\/\/www.enorsai.com\/noticias\/wp-json\/wp\/v2\/posts\/2912\/revisions"}],"predecessor-version":[{"id":2914,"href":"https:\/\/www.enorsai.com\/noticias\/wp-json\/wp\/v2\/posts\/2912\/revisions\/2914"}],"wp:featuredmedia":[{"embeddable":true,"href":"https:\/\/www.enorsai.com\/noticias\/wp-json\/wp\/v2\/media\/2913"}],"wp:attachment":[{"href":"https:\/\/www.enorsai.com\/noticias\/wp-json\/wp\/v2\/media?parent=2912"}],"wp:term":[{"taxonomy":"category","embeddable":true,"href":"https:\/\/www.enorsai.com\/noticias\/wp-json\/wp\/v2\/categories?post=2912"},{"taxonomy":"post_tag","embeddable":true,"href":"https:\/\/www.enorsai.com\/noticias\/wp-json\/wp\/v2\/tags?post=2912"}],"curies":[{"name":"wp","href":"https:\/\/api.w.org\/{rel}","templated":true}]}}