{"id":291,"date":"2025-01-30T10:15:37","date_gmt":"2025-01-30T10:15:37","guid":{"rendered":"http:\/\/www.enorsai.com\/noticias\/?p=291"},"modified":"2025-01-30T10:15:37","modified_gmt":"2025-01-30T10:15:37","slug":"de-la-negacion-al-abandono-tenemos-un-femicidio-cada-27-horas","status":"publish","type":"post","link":"https:\/\/www.enorsai.com\/noticias\/sociedad\/de-la-negacion-al-abandono-tenemos-un-femicidio-cada-27-horas\/","title":{"rendered":"De la negaci\u00f3n al abandono: \u00abTenemos un femicidio cada 27 horas\u00bb"},"content":{"rendered":"\n<hr class=\"wp-block-separator has-alpha-channel-opacity\"\/>\n\n\n\n<p><em>En 2025, el panorama de la lucha por los derechos de las mujeres en Argentina parece haberse transformado en un campo de batalla donde los avances alcanzados durante d\u00e9cadas est\u00e1n siendo desmantelados. Clara Santamarina, abogada de \u2018La Casa del Encuentro\u2019, en di\u00e1logo con Andrea Rec\u00fapero en AM530, Somos Radio, ha trazado un an\u00e1lisis desolador sobre el impacto de las pol\u00edticas del gobierno de Javier Milei en este \u00e1mbito.<\/em><\/p>\n\n\n\n<p>\u201cAntes, los femicidios se consideraban cr\u00edmenes pasionales. Trabajamos mucho para erradicar esto\u201d, record\u00f3 Santamarina, subrayando el arduo camino recorrido para instalar una perspectiva que reconociera la violencia de g\u00e9nero como un problema estructural. Sin embargo, lo que parec\u00eda una pol\u00edtica de Estado consolidada ha sido desmantelado en pocos meses.<\/p>\n\n\n\n<p>(AUDIO) <a href=\"https:\/\/radiocut.fm\/audiocut\/clara-santamarina-casa-del-encuentro-tenemos-un-femicidio-cada-27-horas\">Clara Santamarina (Casa del Encuentro): \u00abTenemos un femicidio cada 27 horas\u00bb<\/a><\/p>\n\n\n\n<p>Eliminar el agravante por femicidio de las figuras legales no solo es un retroceso simb\u00f3lico, sino una herramienta que condena a las v\u00edctimas a la desprotecci\u00f3n jur\u00eddica. El argumento oficial del gobierno de Milei, que asegura que la medida no implica impunidad, ha sido ampliamente cuestionado por especialistas en derecho y g\u00e9nero. \u201cQue desaparezca el agravante no quiere decir que los casos queden impunes, pero s\u00ed diluye el car\u00e1cter espec\u00edfico de la violencia de g\u00e9nero, borrando su dimensi\u00f3n sist\u00e9mica\u201d, afirm\u00f3 Santamarina.<\/p>\n\n\n\n<p>En este nuevo escenario, no sorprende que figuras como el economista y asesor oficial Carlos Adorni afirmen sin datos concretos que \u201clos femicidios han bajado\u201d. Santamarina fue categ\u00f3rica: \u201cNo tengo idea qu\u00e9 estad\u00edsticas utiliza Adorni como para decir que bajan los femicidios\u201d. Las declaraciones del asesor, lejos de ofrecer claridad, revelan una estrategia gubernamental para minimizar el problema, negando su gravedad mientras se desmantelan las estructuras destinadas a enfrentarlo.<\/p>\n\n\n\n<div class=\"wp-block-jetpack-related-posts\">\n<h4 class=\"wp-block-heading\">Te puede interesar<\/h4>\n<\/div>\n\n\n\n<p>Desde 2015, la Corte Suprema de Justicia publica un informe anual sobre femicidios. Estos datos han sido cruciales para visibilizar la violencia extrema que sufren las mujeres en el pa\u00eds. Sin embargo, bajo la actual administraci\u00f3n, los informes no solo han sido desfinanciados sino tambi\u00e9n cuestionados p\u00fablicamente. Este movimiento responde a un plan m\u00e1s amplio que, seg\u00fan Santamarina, busca desarticular la lucha feminista y desacreditar a sus protagonistas.<\/p>\n\n\n\n<p>\u201cEs muy desesperante volver a discutir esto en 2025. Pens\u00e1bamos que era una pol\u00edtica de Estado\u201d, lament\u00f3 la abogada, resaltando la angustia de enfrentar un retroceso que hace apenas unos a\u00f1os parec\u00eda imposible.<\/p>\n\n\n\n<p>La eliminaci\u00f3n de herramientas legales no es la \u00fanica medida preocupante. La narrativa impulsada desde el oficialismo ha reinstalado discursos que d\u00e9cadas atr\u00e1s eran comunes, como la idea de que los femicidios son incidentes aislados o \u201ccr\u00edmenes pasionales\u201d. Este retroceso discursivo, acompa\u00f1ado de medidas concretas, pone en evidencia lo que Santamarina denomina \u201cun plan sistem\u00e1tico para desacreditar la lucha de las mujeres\u201d.<\/p>\n\n\n\n<p>Las acciones del gobierno de Milei tambi\u00e9n han tenido un impacto devastador en los refugios y programas de asistencia a v\u00edctimas. Organizaciones como \u2018La Casa del Encuentro\u2019 han denunciado recortes presupuestarios que dificultan la atenci\u00f3n a mujeres en situaci\u00f3n de violencia. \u201cYa no es una cuesti\u00f3n discursiva, son medidas puntuales\u201d, advirti\u00f3 Santamarina, se\u00f1alando que la falta de fondos no solo limita la capacidad de respuesta, sino que expone a las v\u00edctimas a una mayor vulnerabilidad.<\/p>\n\n\n\n<p>En un contexto donde el oficialismo acusa a las organizaciones feministas de \u201cideologizaci\u00f3n\u201d y manipulaci\u00f3n de datos, las denuncias por violencia de g\u00e9nero enfrentan un clima de deslegitimaci\u00f3n. \u201cEl falso testimonio est\u00e1 penado, si alguien miente puede ser denunciado\u201d, explic\u00f3 Santamarina, desmontando uno de los argumentos recurrentes del gobierno para desacreditar a las v\u00edctimas y sus defensores.<\/p>\n\n\n\n<p>Sin embargo, esta deslegitimaci\u00f3n no se limita a lo judicial. Desde los medios alineados con el oficialismo, la violencia de g\u00e9nero es presentada como un problema sobredimensionado, cuando no directamente como una invenci\u00f3n. Este discurso no solo invisibiliza a las v\u00edctimas, sino que refuerza un entorno de permisividad hacia los agresores.<\/p>\n\n\n\n<p>El gobierno de Javier Milei ha logrado en pocos meses lo que parec\u00eda imposible: reinstalar el paradigma de los \u201ccr\u00edmenes pasionales\u201d y borrar del debate p\u00fablico la perspectiva de g\u00e9nero como eje central para abordar la violencia contra las mujeres. Las declaraciones de Clara Santamarina no solo denuncian este retroceso, sino que tambi\u00e9n llaman a la acci\u00f3n: \u201cEs muy angustiante que despu\u00e9s de tantos a\u00f1os tengamos que volver a hablar de esto\u201d.<\/p>\n\n\n\n<p>Argentina enfrenta un momento crucial. La lucha feminista, que parec\u00eda haber alcanzado conquistas irrenunciables, hoy se encuentra en peligro de ser relegada al olvido. La pregunta que queda es si como sociedad estamos dispuestos a aceptar este retroceso o si seremos capaces de resistirlo.<\/p>\n\n\n","protected":false},"excerpt":{"rendered":"<p>La lucha feminista en Argentina enfrenta un retroceso hist\u00f3rico bajo el gobierno de Javier Milei. Sin agravantes por femicidio y con recortes en refugios, los derechos de las mujeres est\u00e1n en jaque.<\/p>\n","protected":false},"author":1,"featured_media":292,"comment_status":"open","ping_status":"open","sticky":false,"template":"","format":"standard","meta":{"_monsterinsights_skip_tracking":false,"_monsterinsights_sitenote_active":false,"_monsterinsights_sitenote_note":"","_monsterinsights_sitenote_category":0,"footnotes":"","jetpack_publicize_message":"","jetpack_publicize_feature_enabled":true,"jetpack_social_post_already_shared":true,"jetpack_social_options":{"image_generator_settings":{"template":"highway","default_image_id":0,"font":"","enabled":false},"version":2}},"categories":[4],"tags":[69,68,70,71,72],"class_list":["post-291","post","type-post","status-publish","format-standard","has-post-thumbnail","hentry","category-sociedad","tag-derechos","tag-femicidios","tag-justicia","tag-mujeres","tag-politica"],"jetpack_publicize_connections":[],"_links":{"self":[{"href":"https:\/\/www.enorsai.com\/noticias\/wp-json\/wp\/v2\/posts\/291","targetHints":{"allow":["GET"]}}],"collection":[{"href":"https:\/\/www.enorsai.com\/noticias\/wp-json\/wp\/v2\/posts"}],"about":[{"href":"https:\/\/www.enorsai.com\/noticias\/wp-json\/wp\/v2\/types\/post"}],"author":[{"embeddable":true,"href":"https:\/\/www.enorsai.com\/noticias\/wp-json\/wp\/v2\/users\/1"}],"replies":[{"embeddable":true,"href":"https:\/\/www.enorsai.com\/noticias\/wp-json\/wp\/v2\/comments?post=291"}],"version-history":[{"count":1,"href":"https:\/\/www.enorsai.com\/noticias\/wp-json\/wp\/v2\/posts\/291\/revisions"}],"predecessor-version":[{"id":293,"href":"https:\/\/www.enorsai.com\/noticias\/wp-json\/wp\/v2\/posts\/291\/revisions\/293"}],"wp:featuredmedia":[{"embeddable":true,"href":"https:\/\/www.enorsai.com\/noticias\/wp-json\/wp\/v2\/media\/292"}],"wp:attachment":[{"href":"https:\/\/www.enorsai.com\/noticias\/wp-json\/wp\/v2\/media?parent=291"}],"wp:term":[{"taxonomy":"category","embeddable":true,"href":"https:\/\/www.enorsai.com\/noticias\/wp-json\/wp\/v2\/categories?post=291"},{"taxonomy":"post_tag","embeddable":true,"href":"https:\/\/www.enorsai.com\/noticias\/wp-json\/wp\/v2\/tags?post=291"}],"curies":[{"name":"wp","href":"https:\/\/api.w.org\/{rel}","templated":true}]}}