{"id":2899,"date":"2025-03-28T16:09:56","date_gmt":"2025-03-28T19:09:56","guid":{"rendered":"http:\/\/www.enorsai.com\/noticias\/?p=2899"},"modified":"2025-03-28T16:15:47","modified_gmt":"2025-03-28T19:15:47","slug":"ajuste-libertario-dos-importantes-marcas-de-indumentaria-femenina-cerraron-despues-de-tres-decadas-de-historia","status":"publish","type":"post","link":"https:\/\/www.enorsai.com\/noticias\/economia\/ajuste-libertario-dos-importantes-marcas-de-indumentaria-femenina-cerraron-despues-de-tres-decadas-de-historia\/","title":{"rendered":"Ajuste libertario: Dos importantes marcas de indumentaria femenina cerraron despu\u00e9s de tres d\u00e9cadas de historia"},"content":{"rendered":"\n<p><strong><em>Mientras el Gobierno de Javier Milei insiste en que la econom\u00eda se \u00abordenar\u00e1\u00bb, la realidad golpea a la industria textil: Vitamina y Uma cerraron sus \u00faltimas tiendas tras meses de incertidumbre y remataron su mercader\u00eda en liquidaci\u00f3n final. La crisis econ\u00f3mica y el deterioro del mercado interno se cobran nuevas v\u00edctimas.<\/em><\/strong><\/p>\n\n\n\n<p>El tel\u00f3n ha ca\u00eddo para Vitamina y Uma, dos marcas emblem\u00e1ticas de la moda femenina argentina que, tras m\u00e1s de tres d\u00e9cadas de historia, cerraron definitivamente sus \u00faltimos locales f\u00edsicos. Lo que en otro momento habr\u00eda sido una reestructuraci\u00f3n comercial, hoy se convierte en un reflejo brutal de una econom\u00eda que se desploma, arrastrando consigo a empresas hist\u00f3ricas que alguna vez marcaron tendencia en el mercado local. El desenlace final se consum\u00f3 el 27 de marzo de 2024 con el cierre del \u00faltimo punto de venta en Palermo Chico, pocos d\u00edas despu\u00e9s de la clausura de su tienda en el barrio de Caballito.<\/p>\n\n\n\n<p>Las \u00faltimas semanas de operaci\u00f3n de ambas marcas fueron una muestra desoladora de lo que queda de la industria textil argentina bajo el programa de ajuste de Javier Milei. Con descuentos del 70% y la advertencia de que no habr\u00eda cambios ni devoluciones, la mercader\u00eda se remat\u00f3 en una suerte de liquidaci\u00f3n forzada, donde las clientas adquirieron los \u00faltimos retazos de lo que alguna vez fueron marcas sin\u00f3nimo de exclusividad y dise\u00f1o de vanguardia.<\/p>\n\n\n\n<p>Los mensajes de despedida en redes sociales no ocultaron la nostalgia, pero tampoco ofrecieron respuestas. Vitamina agradeci\u00f3 \u00abtantos a\u00f1os compartiendo momentos y experiencias incre\u00edbles\u00bb, mientras que Uma apel\u00f3 a su \u00abesp\u00edritu rockero y sofisticado\u00bb en un \u00faltimo adi\u00f3s. Sin embargo, detr\u00e1s de la emotividad de los posteos, lo que queda es un vac\u00edo comercial y la sombra de un mercado cada vez m\u00e1s reducido por la falta de consumo y la pol\u00edtica de apertura indiscriminada a las importaciones que impulsa el Gobierno.<\/p>\n\n\n\n<p>Vitamina y Uma, ambas bajo la gesti\u00f3n de VIU S.A., intentaron durante meses encontrar un comprador o redefinir su modelo de negocio a trav\u00e9s de licencias, pero la crisis econ\u00f3mica y la contracci\u00f3n del consumo impidieron cualquier soluci\u00f3n viable. Lo que en 2023 parec\u00eda una reorientaci\u00f3n empresarial, en 2024 se transform\u00f3 en una agon\u00eda. Uno a uno, los locales en shoppings estrat\u00e9gicos como Unicenter, Galer\u00edas Pac\u00edfico y Alto Palermo cerraron sus puertas, dejando en claro que la ca\u00edda no era temporal, sino definitiva.<\/p>\n\n\n\n<div class=\"wp-block-jetpack-related-posts has-medium-font-size\"><\/div>\n\n\n\n<p>Este fen\u00f3meno no es aislado. La pol\u00edtica econ\u00f3mica de Milei ha desatado una tormenta perfecta para la industria textil: ca\u00edda del poder adquisitivo, desregulaci\u00f3n del mercado y una apertura comercial que pone en desventaja a las marcas nacionales frente a las multinacionales con estructuras financieras m\u00e1s robustas. Bajo estas condiciones, empresas hist\u00f3ricas como Vitamina y Uma no tienen margen para competir y terminan por desaparecer.<\/p>\n\n\n\n<p>Los antecedentes de estas marcas son una radiograf\u00eda de la inestabilidad cr\u00f3nica del sector. Vitamina, nacida en 1986, se convirti\u00f3 en una referencia ineludible de la moda femenina de los \u201890 y principios de los 2000, hasta que entr\u00f3 en convocatoria de acreedores y fue adquirida por la familia Navilli en 2003. Uma, fundada en 2000, sigui\u00f3 una trayectoria similar hasta que en 2009 tambi\u00e9n pas\u00f3 a manos del mismo grupo empresario. Con una red de tiendas propias en Argentina y presencia en Uruguay, Brasil y Chile, parec\u00eda que su futuro estaba asegurado. Sin embargo, el giro pol\u00edtico y econ\u00f3mico de los \u00faltimos meses sell\u00f3 su destino.<\/p>\n\n\n\n<p>A pesar de que algunos productos, como los perfumes de Uma, podr\u00edan mantenerse bajo un esquema de licencias, el cierre de sus locales f\u00edsicos es una p\u00e9rdida tangible para el ecosistema comercial argentino. Lo que antes eran negocios con una identidad de dise\u00f1o definida, ahora se desvanecen en la incertidumbre de un mercado cada vez m\u00e1s hostil para las marcas nacionales.<\/p>\n\n\n\n<p>El Gobierno de Milei, que prometi\u00f3 \u00abliberar\u00bb la econom\u00eda, est\u00e1 logrando, en cambio, asfixiarla. El relato de la \u00abreactivaci\u00f3n\u00bb choca de frente con la realidad de cierres, despidos y una industria nacional en terapia intensiva. La historia de Vitamina y Uma es solo otro cap\u00edtulo en el desmantelamiento del sector productivo, una consecuencia directa de pol\u00edticas que priorizan el ajuste sobre el desarrollo. Y mientras el Presidente sigue hablando de \u00absangre, sudor y l\u00e1grimas\u00bb, las marcas argentinas siguen cayendo, una tras otra, en un mercado donde ya no hay lugar para ellas.<\/p>\n\n\n\n<p><strong>Fuente<\/strong>:<\/p>\n\n\n\n<ul class=\"wp-block-list\">\n<li><a href=\"https:\/\/www.infobae.com\/economia\/2025\/03\/28\/final-anunciado-las-historicas-marcas-de-ropa-femenina-vitamina-y-uma-cerraron-sus-puertas\/\">https:\/\/www.infobae.com\/economia\/2025\/03\/28\/final-anunciado-las-historicas-marcas-de-ropa-femenina-vitamina-y-uma-cerraron-sus-puertas\/<\/a><\/li>\n<\/ul>\n","protected":false},"excerpt":{"rendered":"<p>Vitamina y Uma, dos \u00edconos de la moda femenina argentina, cerraron sus \u00faltimos locales tras m\u00e1s de 30 a\u00f1os de historia. La crisis econ\u00f3mica y el ajuste de Javier Milei golpean duramente a la industria textil, dejando sin margen a las marcas nacionales frente a la competencia internacional y la ca\u00edda del consumo.<\/p>\n","protected":false},"author":1,"featured_media":2902,"comment_status":"open","ping_status":"open","sticky":false,"template":"","format":"standard","meta":{"_monsterinsights_skip_tracking":false,"_monsterinsights_sitenote_active":false,"_monsterinsights_sitenote_note":"","_monsterinsights_sitenote_category":0,"footnotes":"","jetpack_publicize_message":"Ajuste libertario: Dos  importantes marcas de indumentaria femenina cerraron despu\u00e9s de tres d\u00e9cadas de historia","jetpack_publicize_feature_enabled":true,"jetpack_social_post_already_shared":false,"jetpack_social_options":{"image_generator_settings":{"template":"highway","enabled":false},"version":2}},"categories":[3],"tags":[58,93,43,15,936,29,790,45,1068,1067],"class_list":["post-2899","post","type-post","status-publish","format-standard","has-post-thumbnail","hentry","category-economia","tag-ajuste","tag-argentina","tag-crisis","tag-economia","tag-importaciones","tag-industria","tag-mercado","tag-milei","tag-moda","tag-textiles"],"jetpack_publicize_connections":[],"_links":{"self":[{"href":"https:\/\/www.enorsai.com\/noticias\/wp-json\/wp\/v2\/posts\/2899","targetHints":{"allow":["GET"]}}],"collection":[{"href":"https:\/\/www.enorsai.com\/noticias\/wp-json\/wp\/v2\/posts"}],"about":[{"href":"https:\/\/www.enorsai.com\/noticias\/wp-json\/wp\/v2\/types\/post"}],"author":[{"embeddable":true,"href":"https:\/\/www.enorsai.com\/noticias\/wp-json\/wp\/v2\/users\/1"}],"replies":[{"embeddable":true,"href":"https:\/\/www.enorsai.com\/noticias\/wp-json\/wp\/v2\/comments?post=2899"}],"version-history":[{"count":5,"href":"https:\/\/www.enorsai.com\/noticias\/wp-json\/wp\/v2\/posts\/2899\/revisions"}],"predecessor-version":[{"id":2905,"href":"https:\/\/www.enorsai.com\/noticias\/wp-json\/wp\/v2\/posts\/2899\/revisions\/2905"}],"wp:featuredmedia":[{"embeddable":true,"href":"https:\/\/www.enorsai.com\/noticias\/wp-json\/wp\/v2\/media\/2902"}],"wp:attachment":[{"href":"https:\/\/www.enorsai.com\/noticias\/wp-json\/wp\/v2\/media?parent=2899"}],"wp:term":[{"taxonomy":"category","embeddable":true,"href":"https:\/\/www.enorsai.com\/noticias\/wp-json\/wp\/v2\/categories?post=2899"},{"taxonomy":"post_tag","embeddable":true,"href":"https:\/\/www.enorsai.com\/noticias\/wp-json\/wp\/v2\/tags?post=2899"}],"curies":[{"name":"wp","href":"https:\/\/api.w.org\/{rel}","templated":true}]}}