{"id":2852,"date":"2025-03-27T07:26:29","date_gmt":"2025-03-27T10:26:29","guid":{"rendered":"https:\/\/www.enorsai.com\/noticias\/?p=2852"},"modified":"2025-03-27T07:26:29","modified_gmt":"2025-03-27T10:26:29","slug":"es-una-realidad-el-derrumbe-record-de-milei-en-las-encuestas-preocupacion-en-la-rosada","status":"publish","type":"post","link":"https:\/\/www.enorsai.com\/noticias\/politica\/es-una-realidad-el-derrumbe-record-de-milei-en-las-encuestas-preocupacion-en-la-rosada\/","title":{"rendered":"Es una realidad el derrumbe r\u00e9cord de Milei en las encuestas: preocupaci\u00f3n en la Rosada"},"content":{"rendered":"\n<p><strong><em>El gobierno de Milei atraviesa una nueva ca\u00edda en su nivel de confianza. Descubr\u00ed las claves detr\u00e1s de este descenso y su impacto.<\/em><\/strong><\/p>\n\n\n\n<p>El \u00cdndice de Confianza en el Gobierno (ICG) de Javier Milei sufri\u00f3 una importante baja del 5,4% en marzo, seg\u00fan los \u00faltimos datos proporcionados por la Escuela de Gobierno de la Universidad Torcuato Di Tella. El informe refleja una variaci\u00f3n negativa en diversas \u00e1reas clave de la gesti\u00f3n del presidente, aunque el \u00edndice a\u00fan se mantiene por encima de los registros de los gobiernos de Mauricio Macri y Alberto Fern\u00e1ndez en el mismo per\u00edodo.<\/p>\n\n\n\n<p>Encuesta 2025: Milei enfrenta su mayor ca\u00edda en la aprobaci\u00f3n de los j\u00f3venes<\/p>\n\n\n\n<p>En t\u00e9rminos absolutos, el ICG de marzo result\u00f3 en 2,42 puntos, lo que representa una disminuci\u00f3n tanto respecto al mes anterior como en comparaci\u00f3n interanual (-5,5%). A pesar de esta ca\u00edda, la cifra actual es 4,5% mayor que en marzo de 2017, durante el segundo a\u00f1o del gobierno de Macri, y 35,7% mayor que en el mismo mes de 2021, bajo la administraci\u00f3n de Fern\u00e1ndez.<\/p>\n\n\n\n<p>An\u00e1lisis por componentes<\/p>\n\n\n\n<p>A nivel de los cinco componentes que conforman el \u00edndice, s\u00f3lo uno muestra un repunte: la Preocupaci\u00f3n por el inter\u00e9s general, que aument\u00f3 en 2,16 puntos (11,1%). Sin embargo, el resto de los componentes registraron variaciones negativas. La Capacidad para resolver los problemas del pa\u00eds cay\u00f3 en 2,85 puntos (-5,5%), mientras que la Honestidad de los funcionarios se redujo en 2,62 puntos (-5,4%). Tambi\u00e9n se observ\u00f3 un descenso en la Eficiencia en la administraci\u00f3n del gasto p\u00fablico (2,36 puntos, -11,1%) y en la Evaluaci\u00f3n general del gobierno (2,13 puntos, -12,2%).<\/p>\n\n\n\n<p>Factores detr\u00e1s de la baja en confianza<\/p>\n\n\n\n<p>El estudio realizado entre el 5 y el 14 de marzo incluy\u00f3 1.000 casos en 42 ciudades de todo el pa\u00eds. Los datos muestran que la ca\u00edda en la confianza se concentra principalmente en ciertos sectores y regiones. El segmento de j\u00f3venes entre 18 y 29 a\u00f1os sigue siendo el que mejor eval\u00faa al gobierno, a pesar de una ca\u00edda del 7,9%. Por otro lado, los residentes del Gran Buenos Aires y los adultos mayores tambi\u00e9n reportaron una baja significativa en su confianza en la gesti\u00f3n presidencial.<\/p>\n\n\n\n<p>\u00bfQui\u00e9nes siguen confiando en Milei?<\/p>\n\n\n\n<p>El an\u00e1lisis revela que quienes consideran que la situaci\u00f3n econ\u00f3mica mejorar\u00e1 dentro de un a\u00f1o son los que siguen evaluando positivamente al gobierno de Milei, con un \u00edndice de confianza de 4,19 puntos, lo que representa un aumento del 2,4%. Sin embargo, aquellos que creen que la situaci\u00f3n econ\u00f3mica empeorar\u00e1 o se mantendr\u00e1 igual contin\u00faan con un bajo nivel de apoyo.<\/p>\n\n\n\n<p>Ca\u00edda consecutiva y comparaciones hist\u00f3ricas<\/p>\n\n\n\n<p>La ca\u00edda del 5,4% en marzo marca la cuarta disminuci\u00f3n mensual consecutiva del ICG bajo la gesti\u00f3n de Milei. Este descenso es el tercero m\u00e1s pronunciado desde el inicio de su mandato, despu\u00e9s de los ajustes de enero de 2024 (-8,7%) y septiembre de 2024 (-14,8%). A lo largo de estos 16 meses de gobierno, el promedio de confianza de la gesti\u00f3n de Milei se ha situado en 2,53 puntos, que es ligeramente inferior al de la administraci\u00f3n de Macri (2,63 puntos) pero superior al de Alberto Fern\u00e1ndez (2,29 puntos).<\/p>\n\n\n\n<p>El consumo de combustibles sigue en baja: 15 meses consecutivos de ca\u00edda en el pa\u00eds<\/p>\n\n\n\n<p>En cuanto a las zonas geogr\u00e1ficas, quienes residen en el interior del pa\u00eds siguen siendo los que muestran un mayor nivel de confianza en la gesti\u00f3n de Milei, con un \u00edndice de 2,60 puntos, a pesar de una disminuci\u00f3n del 3,3%. En comparaci\u00f3n, quienes viven en CABA y el Gran Buenos Aires reportan ca\u00eddas m\u00e1s pronunciadas en su confianza.<\/p>\n\n\n\n<p>Por Juan Manuel Villarreal para Grupo La Provincia<\/p>\n","protected":false},"excerpt":{"rendered":"<p>El gobierno de Milei atraviesa una nueva ca\u00edda en su nivel de confianza. Descubr\u00ed las claves detr\u00e1s de este descenso y su impacto. El \u00cdndice de Confianza en el Gobierno (ICG) de Javier Milei sufri\u00f3 una importante baja del 5,4% en marzo, seg\u00fan los \u00faltimos datos proporcionados por la Escuela de Gobierno de la Universidad&#8230;<\/p>\n","protected":false},"author":5,"featured_media":2092,"comment_status":"open","ping_status":"open","sticky":false,"template":"","format":"standard","meta":{"_monsterinsights_skip_tracking":false,"_monsterinsights_sitenote_active":false,"_monsterinsights_sitenote_note":"","_monsterinsights_sitenote_category":0,"footnotes":"","jetpack_publicize_message":"","jetpack_publicize_feature_enabled":true,"jetpack_social_post_already_shared":true,"jetpack_social_options":{"image_generator_settings":{"template":"highway","default_image_id":0,"font":"","enabled":false},"version":2}},"categories":[2],"tags":[75,1047,45],"class_list":["post-2852","post","type-post","status-publish","format-standard","has-post-thumbnail","hentry","category-politica","tag-corrupcion","tag-encuestas","tag-milei"],"jetpack_publicize_connections":[],"_links":{"self":[{"href":"https:\/\/www.enorsai.com\/noticias\/wp-json\/wp\/v2\/posts\/2852","targetHints":{"allow":["GET"]}}],"collection":[{"href":"https:\/\/www.enorsai.com\/noticias\/wp-json\/wp\/v2\/posts"}],"about":[{"href":"https:\/\/www.enorsai.com\/noticias\/wp-json\/wp\/v2\/types\/post"}],"author":[{"embeddable":true,"href":"https:\/\/www.enorsai.com\/noticias\/wp-json\/wp\/v2\/users\/5"}],"replies":[{"embeddable":true,"href":"https:\/\/www.enorsai.com\/noticias\/wp-json\/wp\/v2\/comments?post=2852"}],"version-history":[{"count":1,"href":"https:\/\/www.enorsai.com\/noticias\/wp-json\/wp\/v2\/posts\/2852\/revisions"}],"predecessor-version":[{"id":2853,"href":"https:\/\/www.enorsai.com\/noticias\/wp-json\/wp\/v2\/posts\/2852\/revisions\/2853"}],"wp:featuredmedia":[{"embeddable":true,"href":"https:\/\/www.enorsai.com\/noticias\/wp-json\/wp\/v2\/media\/2092"}],"wp:attachment":[{"href":"https:\/\/www.enorsai.com\/noticias\/wp-json\/wp\/v2\/media?parent=2852"}],"wp:term":[{"taxonomy":"category","embeddable":true,"href":"https:\/\/www.enorsai.com\/noticias\/wp-json\/wp\/v2\/categories?post=2852"},{"taxonomy":"post_tag","embeddable":true,"href":"https:\/\/www.enorsai.com\/noticias\/wp-json\/wp\/v2\/tags?post=2852"}],"curies":[{"name":"wp","href":"https:\/\/api.w.org\/{rel}","templated":true}]}}