{"id":2848,"date":"2025-03-27T06:17:23","date_gmt":"2025-03-27T09:17:23","guid":{"rendered":"https:\/\/www.enorsai.com\/noticias\/?p=2848"},"modified":"2025-03-27T06:17:23","modified_gmt":"2025-03-27T09:17:23","slug":"gas-pimienta-contra-adultos-mayores-y-una-nina-mientras-el-gobierno-oficializa-un-aumento-miserable-del-24-en-jubilaciones","status":"publish","type":"post","link":"https:\/\/www.enorsai.com\/noticias\/politica\/gas-pimienta-contra-adultos-mayores-y-una-nina-mientras-el-gobierno-oficializa-un-aumento-miserable-del-24-en-jubilaciones\/","title":{"rendered":"Gas pimienta contra adultos mayores y una ni\u00f1a, mientras el Gobierno oficializa un aumento miserable del 2,4% en jubilaciones"},"content":{"rendered":"\n<p>Una vez m\u00e1s, la represi\u00f3n fue la respuesta oficial ante una manifestaci\u00f3n de jubilados frente al Congreso. Con un despliegue desproporcionado de fuerzas de seguridad, gases lacrim\u00f3genos y golpes, el gobierno de Javier Milei sum\u00f3 otro cap\u00edtulo a su largo historial de atropellos contra los sectores m\u00e1s vulnerables. Esta vez, entre los 38 heridos, la polic\u00eda alcanz\u00f3 incluso a una nena de 8 a\u00f1os que pasaba por el lugar junto a su padre.<\/p>\n\n\n\n<p><strong>La represi\u00f3n como \u00fanico di\u00e1logo<\/strong><\/p>\n\n\n\n<p>Pasadas las seis de la tarde, mientras los jubilados realizaban su habitual ronda frente al Congreso para reclamar por sus derechos, la Polic\u00eda Federal despleg\u00f3 su brazo m\u00e1s represivo. La divisi\u00f3n motorizada comenz\u00f3 a amedrentar a los manifestantes en Hip\u00f3lito Yrigoyen y avenida Entre R\u00edos, para luego avanzar con golpes y gases pimienta en la esquina de Rivadavia y Callao. Entre las v\u00edctimas, Ludmila, una nena de 8 a\u00f1os que volv\u00eda con su padre del dentista, qued\u00f3 atrapada en la brutalidad policial.<\/p>\n\n\n\n<p>\u201cAtendimos a 38 personas afectadas por el gas\u201d, confirm\u00f3 Esteban Chal\u00e1, presidente del CEPA. La escena de una criatura entre los heridos recuerda un episodio similar de septiembre pasado, cuando otra menor fue gaseada en un operativo dirigido por la ministra de Seguridad, Patricia Bullrich, quien ya acumula denuncias por su sistem\u00e1tica pol\u00edtica de represi\u00f3n.<\/p>\n\n\n\n<p><strong>Un despliegue de guerra contra jubilados<\/strong><\/p>\n\n\n\n<p>El operativo fue desmesurado: cientos de efectivos de Prefectura, Gendarmer\u00eda, Polic\u00eda Aeroportuaria y la Polic\u00eda Federal se desplegaron en una muestra de fuerza totalmente innecesaria. \u201cHubo m\u00e1s milicos que jubilados\u201d, denunci\u00f3 Rub\u00e9n Cocurullo, de Jubilados Insurgentes. La Comisi\u00f3n Provincial de la Memoria (CPM) y la Asociaci\u00f3n Contra la Violencia Institucional confirmaron agresiones tambi\u00e9n contra sus equipos de monitoreo.<\/p>\n\n\n\n<p>Pero la represi\u00f3n no solo se centr\u00f3 en quienes ya estaban congregados. Un cord\u00f3n policial impidi\u00f3 que la columna de la Uni\u00f3n Obrera Metal\u00fargica (UOM) encabezada por Abel Furl\u00e1n se sumara a la movilizaci\u00f3n. \u201cNos impidieron llegar al Congreso en un claro ataque al derecho a la protesta\u201d, denunciaron desde el sindicato.<\/p>\n\n\n\n<p><strong>Pobreza y represi\u00f3n: el doble castigo a los jubilados<\/strong><\/p>\n\n\n\n<p>El violento operativo se dio en el mismo d\u00eda en que el gobierno oficializ\u00f3 un aumento irrisorio del 2,4% para jubilaciones y pensiones a partir de abril, sumado a la ratificaci\u00f3n del bono extraordinario de 70.000 pesos, congelado desde marzo de 2024. Esto deja la jubilaci\u00f3n m\u00ednima en unos miserables 285.820 pesos, muy por debajo de la l\u00ednea de indigencia.<\/p>\n\n\n\n<p>Como si fuera poco, esta semana tambi\u00e9n se concret\u00f3 el vencimiento de la moratoria previsional, dejando fuera del sistema a m\u00e1s de 250.000 personas, en su mayor\u00eda mujeres. La integrante del Plenario Nora Biaggio advirti\u00f3 sobre el drama que esto implica: \u201cNueve de cada diez mujeres y ocho de cada diez hombres no podr\u00e1n jubilarse. Exigimos la restituci\u00f3n inmediata de la moratoria y un haber digno de al menos 1,2 millones de pesos\u201d.<\/p>\n\n\n\n<p><strong>Un pa\u00eds que castiga a sus mayores<\/strong><\/p>\n\n\n\n<p>Mientras Milei se jacta de su \u201cajuste sin anestesia\u201d, los jubilados deben elegir entre comprar alimentos o medicamentos. \u201cRobar a los jubilados es un crimen social\u201d, dec\u00eda una de las banderas en la manifestaci\u00f3n. Pero la violencia del gobierno no solo es econ\u00f3mica: la represi\u00f3n es una herramienta sistem\u00e1tica para silenciar a quienes se atreven a protestar.<\/p>\n\n\n\n<p>Lejos de amedrentarse, los jubilados ya preparan nuevas acciones. Este s\u00e1bado 29 se realizar\u00e1 un tercer plenario de organizaciones en la Mutual Sentimiento para definir un nuevo plan de lucha. \u201cNos organizamos porque sabemos que la historia nos da la raz\u00f3n. Milei pasar\u00e1, pero la lucha por una vejez digna continuar\u00e1\u201d, afirmaron.<\/p>\n\n\n\n<p>En un pa\u00eds donde los jubilados son golpeados y gaseados mientras el poder financiero celebra, la pregunta es hasta cu\u00e1ndo la sociedad tolerar\u00e1 este nivel de atropello. Porque, como advert\u00eda otra pancarta en la marcha: \u201cTodos seremos jubilados, es solo cuesti\u00f3n de tiempo\u201d.<\/p>\n\n\n\n<p>Fuente:<\/p>\n\n\n\n<ul class=\"wp-block-list\">\n<li><a href=\"https:\/\/www.pagina12.com.ar\/813773-otro-operativo-desmedido-con-jubilados-reprimidos-y-una-nena\">https:\/\/www.pagina12.com.ar\/813773-otro-operativo-desmedido-con-jubilados-reprimidos-y-una-nena<\/a><\/li>\n<\/ul>\n","protected":false},"excerpt":{"rendered":"<p>El gobierno de Javier Milei reprimi\u00f3 brutalmente a jubilados que protestaban frente al Congreso, dejando 38 heridos, incluida una ni\u00f1a de 8 a\u00f1os. Mientras tanto, las jubilaciones quedan por debajo de la indigencia y miles quedan sin acceso al sistema previsional. Ajuste y violencia, el combo oficial para los mayores.<\/p>\n","protected":false},"author":1,"featured_media":2849,"comment_status":"open","ping_status":"open","sticky":false,"template":"","format":"standard","meta":{"_monsterinsights_skip_tracking":false,"_monsterinsights_sitenote_active":false,"_monsterinsights_sitenote_note":"","_monsterinsights_sitenote_category":0,"footnotes":"","jetpack_publicize_message":"\ud83d\udce2 \u00a1Vergonzoso! Milei reprime a los jubilados que exigen una vida digna. \ud83d\udea8 Con 38 heridos, entre ellos una nena de 8 a\u00f1os, el gobierno responde con violencia mientras las jubilaciones caen por debajo de la indigencia. \u274c","jetpack_publicize_feature_enabled":true,"jetpack_social_post_already_shared":false,"jetpack_social_options":{"image_generator_settings":{"template":"highway","enabled":false},"version":2}},"categories":[2],"tags":[58,69,15,1046,509,45,475,371,365,711],"class_list":["post-2848","post","type-post","status-publish","format-standard","has-post-thumbnail","hentry","category-politica","tag-ajuste","tag-derechos","tag-economia","tag-indigencia","tag-jubilados","tag-milei","tag-pobreza","tag-protesta","tag-represion","tag-violencia"],"jetpack_publicize_connections":[],"_links":{"self":[{"href":"https:\/\/www.enorsai.com\/noticias\/wp-json\/wp\/v2\/posts\/2848","targetHints":{"allow":["GET"]}}],"collection":[{"href":"https:\/\/www.enorsai.com\/noticias\/wp-json\/wp\/v2\/posts"}],"about":[{"href":"https:\/\/www.enorsai.com\/noticias\/wp-json\/wp\/v2\/types\/post"}],"author":[{"embeddable":true,"href":"https:\/\/www.enorsai.com\/noticias\/wp-json\/wp\/v2\/users\/1"}],"replies":[{"embeddable":true,"href":"https:\/\/www.enorsai.com\/noticias\/wp-json\/wp\/v2\/comments?post=2848"}],"version-history":[{"count":1,"href":"https:\/\/www.enorsai.com\/noticias\/wp-json\/wp\/v2\/posts\/2848\/revisions"}],"predecessor-version":[{"id":2850,"href":"https:\/\/www.enorsai.com\/noticias\/wp-json\/wp\/v2\/posts\/2848\/revisions\/2850"}],"wp:featuredmedia":[{"embeddable":true,"href":"https:\/\/www.enorsai.com\/noticias\/wp-json\/wp\/v2\/media\/2849"}],"wp:attachment":[{"href":"https:\/\/www.enorsai.com\/noticias\/wp-json\/wp\/v2\/media?parent=2848"}],"wp:term":[{"taxonomy":"category","embeddable":true,"href":"https:\/\/www.enorsai.com\/noticias\/wp-json\/wp\/v2\/categories?post=2848"},{"taxonomy":"post_tag","embeddable":true,"href":"https:\/\/www.enorsai.com\/noticias\/wp-json\/wp\/v2\/tags?post=2848"}],"curies":[{"name":"wp","href":"https:\/\/api.w.org\/{rel}","templated":true}]}}