{"id":2837,"date":"2025-03-27T05:41:36","date_gmt":"2025-03-27T08:41:36","guid":{"rendered":"https:\/\/www.enorsai.com\/noticias\/?p=2837"},"modified":"2025-03-27T05:41:36","modified_gmt":"2025-03-27T08:41:36","slug":"el-mileismo-en-modo-electoral-de-la-poda-sangrienta-a-la-benevolencia-oportunista","status":"publish","type":"post","link":"https:\/\/www.enorsai.com\/noticias\/politica\/el-mileismo-en-modo-electoral-de-la-poda-sangrienta-a-la-benevolencia-oportunista\/","title":{"rendered":"El Mileismo en Modo Electoral: De la poda sangrienta a la benevolencia oportunista"},"content":{"rendered":"\n<p><strong><em>Con la campa\u00f1a en el horizonte, el gobierno de Javier Milei suaviza su postura interna y cambia su estrategia de purgas r\u00e1pidas por una aparente estabilidad. La supervivencia pol\u00edtica se impone sobre la intransigencia ideol\u00f3gica.<\/em><\/strong><\/p>\n\n\n\n<p>Atr\u00e1s quedaron los despidos fulminantes y las desvinculaciones intempestivas en el gobierno y la bancada oficialista. La pr\u00f3xima contienda electoral obliga a La Libertad Avanza a proteger a sus propios cuadros, incluso cuando sus conductas antes hubieran sido imperdonables. La realpolitik libertaria, en su m\u00e1xima expresi\u00f3n.<\/p>\n\n\n\n<p>El gobierno de Javier Milei ha entrado en una nueva fase: la del pragmatismo electoral. Atr\u00e1s qued\u00f3 la primera etapa de su mandato, marcada por purgas veloces y un estilo de gesti\u00f3n que convert\u00eda cualquier traspi\u00e9 en una condena definitiva. Ahora, con la urgencia de consolidar su poder en un escenario pol\u00edtico incierto, el mileismo se ha vuelto sorprendentemente clemente con su propia tropa. Lo que antes era motivo de expulsi\u00f3n inmediata ahora se maneja con cautela y contenci\u00f3n.<\/p>\n\n\n\n<p>Este cambio no es casualidad ni signo de madurez pol\u00edtica, sino una jugada de supervivencia. En la era de la polarizaci\u00f3n extrema que propici\u00f3 el propio Milei, la lealtad ciega era la moneda de cambio m\u00e1s valiosa. Pero en la actualidad, el gobierno sabe que necesita retener sus cuadros a toda costa, aun cuando estos incurran en \u00aberrores\u00bb que meses atr\u00e1s hubieran significado su destierro inmediato.<\/p>\n\n\n\n<p>El caso de la diputada nacional Marcela Pagano es un claro ejemplo de esta flexibilidad reci\u00e9n adquirida. A pesar de haber jugado en contra del gobierno en el debate por el DNU sobre el acuerdo con el Fondo Monetario Internacional, no s\u00f3lo se mantiene en su banca, sino que tambi\u00e9n se le garantiza continuidad. En otra etapa, haber \u00abcomplicado\u00bb una sesi\u00f3n tan crucial la habr\u00eda convertido en un cad\u00e1ver pol\u00edtico. Sin embargo, la necesidad de sostener la estructura legislativa libertaria parece haberle ganado a la rigidez ideol\u00f3gica.<\/p>\n\n\n\n<p>El jefe de asesores, Demian Reidel, tambi\u00e9n se benefici\u00f3 de este cambio de paradigma. Luego de haber afirmado que \u00abel problema de Argentina son los argentinos\u00bb, y de haber redoblado su postura con burlas en redes sociales, en otra \u00e9poca habr\u00eda sido despedido sin miramientos. En lugar de eso, recibi\u00f3 una reprimenda simb\u00f3lica en redes por parte del inefable \u00abGordo Dan\u00bb, uno de los guardianes medi\u00e1ticos del relato mileista, y luego fue acogido en la Casa Rosada con una invitaci\u00f3n de Karina Milei. La redenci\u00f3n, en tiempos de elecciones, es un bien accesible para quienes ostenten la cuota de poder correcta.<\/p>\n\n\n\n<p>Otro caso paradigm\u00e1tico es el de Patricia Bullrich. A pesar de la ineficacia de su operaci\u00f3n durante la marcha de los jubilados, el gobierno opt\u00f3 por blindarla en lugar de castigarla. La ministra de Seguridad sigue gozando del respaldo del oficialismo, incluso cuando sus decisiones generan malestar puertas adentro. El mileismo sabe que no puede permitirse dar se\u00f1ales de debilidad en uno de los \u00fanicos terrenos en los que conserva cierto apoyo popular: el orden y la represi\u00f3n.<\/p>\n\n\n\n<p>Este giro estrat\u00e9gico tambi\u00e9n queda reflejado en la situaci\u00f3n de Mart\u00edn Menem. Tras la filtraci\u00f3n de un audio en el que arengaba a los diputados libertarios a \u00abagitar\u00bb la sesi\u00f3n sobre la deuda con el FMI, el gobierno decidi\u00f3 minimizar el esc\u00e1ndalo. Aunque desde la propia bancada admitieron por lo bajo que el audio era real, nadie os\u00f3 sugerir una posible expulsi\u00f3n. Menem, primo del principal asesor de Karina Milei, es intocable. La lealtad de sangre pesa m\u00e1s que cualquier traspi\u00e9.<\/p>\n\n\n\n<p>El mileismo, que en sus inicios se vendi\u00f3 como una fuerza incorruptible, muestra as\u00ed su cara m\u00e1s pragm\u00e1tica y oportunista. El gobierno sabe que, con la elecci\u00f3n en el horizonte, la estabilidad interna es m\u00e1s valiosa que la pureza ideol\u00f3gica. Los d\u00edas de ejecuciones pol\u00edticas sumarias han quedado en pausa. No porque Milei haya cambiado, sino porque la coyuntura lo obliga.<\/p>\n\n\n\n<p>La pregunta es qu\u00e9 suceder\u00e1 despu\u00e9s de los comicios. \u00bfVolver\u00e1 el modo despiadado, o la red de supervivencia pol\u00edtica que el gobierno est\u00e1 tejiendo se convertir\u00e1 en un modelo de gesti\u00f3n m\u00e1s estable? En un gobierno que ha hecho de la imprevisibilidad su marca registrada, la respuesta es incierta. Pero por ahora, Milei y su entorno han optado por protegerse entre ellos, aun cuando eso implique tragar sapos que antes consideraban indigeribles.<\/p>\n\n\n\n<p>Fuente:<\/p>\n\n\n\n<ul class=\"wp-block-list\">\n<li><a href=\"https:\/\/www.infobae.com\/politica\/2025\/03\/27\/el-gobierno-cambia-las-formas-por-la-epoca-electoral-y-se-muestra-en-modo-conciliador-con-la-tropa-propia\/\">https:\/\/www.infobae.com\/politica\/2025\/03\/27\/el-gobierno-cambia-las-formas-por-la-epoca-electoral-y-se-muestra-en-modo-conciliador-con-la-tropa-propia\/<\/a><\/li>\n<\/ul>\n\n\n\n<p><\/p>\n","protected":false},"excerpt":{"rendered":"<p>El Gobierno de Javier Milei cambia de estrategia en \u00e9poca electoral: deja atr\u00e1s las purgas y adopta un tono conciliador con su tropa. Figuras que antes hubieran sido despedidas ahora son protegidas. La pol\u00edtica de mano dura cede a la conveniencia pol\u00edtica, evidenciando su pragmatismo oportunista.<\/p>\n","protected":false},"author":1,"featured_media":2838,"comment_status":"open","ping_status":"open","sticky":false,"template":"","format":"standard","meta":{"_monsterinsights_skip_tracking":false,"_monsterinsights_sitenote_active":false,"_monsterinsights_sitenote_note":"","_monsterinsights_sitenote_category":0,"footnotes":"","jetpack_publicize_message":"Con la campa\u00f1a en el horizonte, el gobierno de Javier Milei suaviza su postura interna y cambia su estrategia de purgas r\u00e1pidas por una aparente estabilidad. La supervivencia pol\u00edtica se impone sobre la intransigencia ideol\u00f3gica.","jetpack_publicize_feature_enabled":true,"jetpack_social_post_already_shared":false,"jetpack_social_options":{"image_generator_settings":{"template":"highway","enabled":false},"version":2}},"categories":[2],"tags":[93,257,43,190,1040,27,605,45,1039,72],"class_list":["post-2837","post","type-post","status-publish","format-standard","has-post-thumbnail","hentry","category-politica","tag-argentina","tag-congreso","tag-crisis","tag-elecciones","tag-estrategia","tag-gobierno","tag-libertarios","tag-milei","tag-poder","tag-politica"],"jetpack_publicize_connections":[],"_links":{"self":[{"href":"https:\/\/www.enorsai.com\/noticias\/wp-json\/wp\/v2\/posts\/2837","targetHints":{"allow":["GET"]}}],"collection":[{"href":"https:\/\/www.enorsai.com\/noticias\/wp-json\/wp\/v2\/posts"}],"about":[{"href":"https:\/\/www.enorsai.com\/noticias\/wp-json\/wp\/v2\/types\/post"}],"author":[{"embeddable":true,"href":"https:\/\/www.enorsai.com\/noticias\/wp-json\/wp\/v2\/users\/1"}],"replies":[{"embeddable":true,"href":"https:\/\/www.enorsai.com\/noticias\/wp-json\/wp\/v2\/comments?post=2837"}],"version-history":[{"count":1,"href":"https:\/\/www.enorsai.com\/noticias\/wp-json\/wp\/v2\/posts\/2837\/revisions"}],"predecessor-version":[{"id":2839,"href":"https:\/\/www.enorsai.com\/noticias\/wp-json\/wp\/v2\/posts\/2837\/revisions\/2839"}],"wp:featuredmedia":[{"embeddable":true,"href":"https:\/\/www.enorsai.com\/noticias\/wp-json\/wp\/v2\/media\/2838"}],"wp:attachment":[{"href":"https:\/\/www.enorsai.com\/noticias\/wp-json\/wp\/v2\/media?parent=2837"}],"wp:term":[{"taxonomy":"category","embeddable":true,"href":"https:\/\/www.enorsai.com\/noticias\/wp-json\/wp\/v2\/categories?post=2837"},{"taxonomy":"post_tag","embeddable":true,"href":"https:\/\/www.enorsai.com\/noticias\/wp-json\/wp\/v2\/tags?post=2837"}],"curies":[{"name":"wp","href":"https:\/\/api.w.org\/{rel}","templated":true}]}}