{"id":2834,"date":"2025-03-26T21:51:22","date_gmt":"2025-03-27T00:51:22","guid":{"rendered":"https:\/\/www.enorsai.com\/noticias\/politica\/vergonzoso-bullrich-otra-vez-reprimio-a-los-jubilados\/"},"modified":"2025-03-26T21:51:22","modified_gmt":"2025-03-27T00:51:22","slug":"vergonzoso-bullrich-otra-vez-reprimio-a-los-jubilados","status":"publish","type":"post","link":"https:\/\/www.enorsai.com\/noticias\/politica\/vergonzoso-bullrich-otra-vez-reprimio-a-los-jubilados\/","title":{"rendered":"Vergonzoso: Bullrich otra vez reprimi\u00f3 a los jubilados"},"content":{"rendered":"\n<p>El operativo desmedido de Bullrich contra un pu\u00f1ado de manifestantes deja en evidencia la violencia institucional y econ\u00f3mica del gobierno de Javier Milei.<\/p>\n\n\n\n<p>Por tercera vez en el mes, los jubilados volvieron a marchar en soledad y, otra vez, fueron reprimidos con violencia por un despliegue policial desproporcionado. Con gases, palos y empujones, el Ministerio de Seguridad dirigido por Patricia Bullrich envi\u00f3 m\u00e1s de 700 efectivos de las fuerzas federales para contener a un peque\u00f1o grupo de adultos mayores que protestaban frente al Congreso por la brutal p\u00e9rdida de poder adquisitivo de sus jubilaciones.<\/p>\n\n\n\n<p>La imagen es la misma de las \u00faltimas semanas: calles valladas, camiones hidrantes, escuadrones motorizados y un ej\u00e9rcito policial persiguiendo a jubilados que, lejos de rendirse, se autodenominan \u00ablos viejos y las viejas de todos los mi\u00e9rcoles\u00bb. Del otro lado, un gobierno que responde con represi\u00f3n a las demandas de los m\u00e1s vulnerables, dejando claro que la violencia es su \u00fanica pol\u00edtica de Estado.<\/p>\n\n\n\n<p><\/p>\n\n\n\n<p>Gases lacrim\u00f3genos contra jubilados: la nueva normalidad en Argentina<\/p>\n\n\n\n<p>El operativo de este mi\u00e9rcoles 26 de marzo fue a\u00fan m\u00e1s feroz que los anteriores. Los manifestantes fueron acorralados por efectivos de la Gendarmer\u00eda y la Polic\u00eda de Seguridad Aeroportuaria (PSA), mientras que grupos motorizados sembraban el terror en las inmediaciones del Congreso.<\/p>\n\n\n\n<p>Los pocos jubilados que lograron llegar a la Plaza de los Dos Congresos se encontraron con un enorme vallado que los manten\u00eda alejados del parlamento. Muchos terminaron refugi\u00e1ndose en la vereda de la hist\u00f3rica confiter\u00eda El Molino, donde nuevamente fueron rociados con gas pimienta.<\/p>\n\n\n\n<p>Un grupo reducido de la UOM, ATE, la UTEP y el Partido Obrero lleg\u00f3 m\u00e1s tarde para solidarizarse con los jubilados. Sin embargo, su presencia no logr\u00f3 cambiar la ecuaci\u00f3n: la represi\u00f3n continu\u00f3 y el caos generado por la propia polic\u00eda termin\u00f3 colapsando el tr\u00e1nsito en la zona.<\/p>\n\n\n\n<p><\/p>\n\n\n\n<p>La jubilaci\u00f3n en ca\u00edda libre y la indiferencia del gobierno<\/p>\n\n\n\n<p>Desde la asunci\u00f3n de Javier Milei, el ajuste sobre los jubilados ha sido brutal. La eliminaci\u00f3n de la f\u00f3rmula de movilidad y la falta de aumentos reales han pulverizado los ingresos de los adultos mayores, quienes ya ven\u00edan golpeados por la crisis inflacionaria.<\/p>\n\n\n\n<p>Mientras la inflaci\u00f3n no da tregua, los haberes m\u00ednimos quedaron por debajo de la l\u00ednea de indigencia. El gobierno no solo recorta derechos, sino que tambi\u00e9n criminaliza a quienes se atreven a protestar por su supervivencia.<\/p>\n\n\n\n<p>El cinismo del oficialismo qued\u00f3 expuesto cuando el vocero presidencial, Manuel Adorni, minimiz\u00f3 la represi\u00f3n y sugiri\u00f3 que \u00abse trat\u00f3 de un operativo preventivo para garantizar la seguridad\u00bb. Pero, \u00bfde qui\u00e9n deben protegerse los argentinos? \u00bfDe un pu\u00f1ado de jubilados con carteles pidiendo aumentos dignos?<\/p>\n\n\n\n<p><\/p>\n\n\n\n<p>Un modelo de ajuste sostenido con represi\u00f3n<\/p>\n\n\n\n<p>El caso de los jubilados es solo una muestra m\u00e1s del modelo de gobierno que impulsa Milei: ajuste feroz para los sectores populares, entrega de recursos a los grandes grupos econ\u00f3micos y represi\u00f3n sistem\u00e1tica para cualquier intento de protesta.<\/p>\n\n\n\n<p>La persecuci\u00f3n de los manifestantes no es casual. En un contexto de crisis social creciente, el gobierno necesita infundir miedo para desactivar cualquier resistencia a sus pol\u00edticas de saqueo.<\/p>\n\n\n\n<p>Pero la imagen de los jubilados enfrentando a la polic\u00eda con dignidad es un s\u00edmbolo que crece semana a semana. Son pocos, pero son la demostraci\u00f3n de que, pese a la violencia estatal, la lucha sigue en las calles.<\/p>\n\n\n\n<p>Fuente:<\/p>\n\n\n\n<ul class=\"wp-block-list\">\n<li>https:\/\/www.tiempoar.com.ar\/ta_article\/los-jubilados-volvieron-a-marchar-en-soledad-y-otra-vez-bullrich-los-mando-a-reprimir\/<\/li>\n\n\n\n<li><\/li>\n<\/ul>\n","protected":false},"excerpt":{"rendered":"<p>El operativo desmedido de Bullrich contra un pu\u00f1ado de manifestantes deja en evidencia la violencia institucional y econ\u00f3mica del gobierno de Javier Milei. Por tercera vez en el mes, los jubilados volvieron a marchar en soledad y, otra vez, fueron reprimidos con violencia por un despliegue policial desproporcionado. Con gases, palos y empujones, el Ministerio&#8230;<\/p>\n","protected":false},"author":1,"featured_media":2833,"comment_status":"open","ping_status":"open","sticky":false,"template":"","format":"standard","meta":{"_monsterinsights_skip_tracking":false,"_monsterinsights_sitenote_active":false,"_monsterinsights_sitenote_note":"","_monsterinsights_sitenote_category":0,"footnotes":"","jetpack_publicize_message":"","jetpack_publicize_feature_enabled":true,"jetpack_social_post_already_shared":true,"jetpack_social_options":{"image_generator_settings":{"template":"highway","default_image_id":0,"font":"","enabled":false},"version":2}},"categories":[2],"tags":[509,893,431],"class_list":["post-2834","post","type-post","status-publish","format-standard","has-post-thumbnail","hentry","category-politica","tag-jubilados","tag-jubilados-marcha-represion","tag-patricia-bullrich"],"jetpack_publicize_connections":[],"_links":{"self":[{"href":"https:\/\/www.enorsai.com\/noticias\/wp-json\/wp\/v2\/posts\/2834","targetHints":{"allow":["GET"]}}],"collection":[{"href":"https:\/\/www.enorsai.com\/noticias\/wp-json\/wp\/v2\/posts"}],"about":[{"href":"https:\/\/www.enorsai.com\/noticias\/wp-json\/wp\/v2\/types\/post"}],"author":[{"embeddable":true,"href":"https:\/\/www.enorsai.com\/noticias\/wp-json\/wp\/v2\/users\/1"}],"replies":[{"embeddable":true,"href":"https:\/\/www.enorsai.com\/noticias\/wp-json\/wp\/v2\/comments?post=2834"}],"version-history":[{"count":0,"href":"https:\/\/www.enorsai.com\/noticias\/wp-json\/wp\/v2\/posts\/2834\/revisions"}],"wp:featuredmedia":[{"embeddable":true,"href":"https:\/\/www.enorsai.com\/noticias\/wp-json\/wp\/v2\/media\/2833"}],"wp:attachment":[{"href":"https:\/\/www.enorsai.com\/noticias\/wp-json\/wp\/v2\/media?parent=2834"}],"wp:term":[{"taxonomy":"category","embeddable":true,"href":"https:\/\/www.enorsai.com\/noticias\/wp-json\/wp\/v2\/categories?post=2834"},{"taxonomy":"post_tag","embeddable":true,"href":"https:\/\/www.enorsai.com\/noticias\/wp-json\/wp\/v2\/tags?post=2834"}],"curies":[{"name":"wp","href":"https:\/\/api.w.org\/{rel}","templated":true}]}}