{"id":282,"date":"2025-01-29T23:02:38","date_gmt":"2025-01-29T23:02:38","guid":{"rendered":"https:\/\/www.enorsai.com\/noticias\/politica\/piden-juicio-politico-a-milei-por-su-discurso-en-davos\/"},"modified":"2025-01-30T10:45:33","modified_gmt":"2025-01-30T10:45:33","slug":"piden-juicio-politico-a-milei-por-su-discurso-en-davos","status":"publish","type":"post","link":"https:\/\/www.enorsai.com\/noticias\/politica\/piden-juicio-politico-a-milei-por-su-discurso-en-davos\/","title":{"rendered":"Piden juicio pol\u00edtico a Milei por su discurso en Davos"},"content":{"rendered":"\n<p>Lo present\u00f3 el abogado constitucionalista Eduardo Barcesat, por el ataque a la comunidad LGBT.<\/p>\n\n\n\n<p>El Presidente Javier Milei ya sum\u00f3 tres pedidos de juicio pol\u00edtico en el Congreso de la Naci\u00f3n. El \u00faltimo se sum\u00f3 esta semana y fue impulsado a ra\u00edz de las \u00abexpresiones amenazantes\u00bb del mandatario en el Foro Econ\u00f3mico de Davos, donde apunt\u00f3 con dureza a la comunidad LGBT+ y la lucha del feminismo. La presentaci\u00f3n fue impulsada por el abogado constitucionalista Eduardo Barcesat, y respaldada por un amplio grupo de dirigentes del campo de los derechos humanos.<\/p>\n\n\n\n<p>En declaraciones Barcesat explic\u00f3 que el centro de la denuncia tiene que ver con los dichos de Milei contra el colectivo LGTB+ y hacia los<strong>\u00a0\u201czurdos de mierda hijos de puta\u201d<\/strong>\u00a0a los que asegur\u00f3 que va a\u00a0<strong>\u201cir a buscar\u201d<\/strong>\u00a0adonde sea que vayan. Se trat\u00f3 de dos declaraciones distintas: una en su discurso en Davos y la otra, d\u00edas antes, a trav\u00e9s de X.<\/p>\n\n\n\n<p>Aqu\u00ed no solo se trata de defenderse frente a las amenazas intimidatorias, se trata de c\u00f3mo tira abajo la institucionalidad. No solo protegemos la vida, libertad f\u00edsica y ps\u00edquica que puedan sentirse comprendidos en este \u00e1mbito, sino que ingresa en las figuras penales que tutelan el orden constitucional y la vida democr\u00e1tica\u201d, dijo Barcesat.<\/p>\n\n\n\n<p>Luego, Barcesat a\u00f1adi\u00f3 que los ataques \u201cconllevan la declaraci\u00f3n de traici\u00f3n a la Patria. En este grado de gravedad est\u00e1n estas expresiones. Porque es una privaci\u00f3n de derechos. Todos los anuncios apuntan a eso\u201d. \u201cEstamos en presencia de una amenaza directa a la vida y la integridad de las personas. Porque cualquiera puede decir un disparate en la calle, pero no tiene el poder material para cometer los delitos que se refieren al orden p\u00fablico y la vida constitucional, hay que tener una presencia institucional y un poder decisi\u00f3n que solo tienen las autoridades, por eso es m\u00e1s gravosa la acci\u00f3n que ha emprendido Milei contra la izquierda, el progresismo\u201d, enfatiz\u00f3.<\/p>\n\n\n\n<p><strong>Fuente<\/strong>:<\/p>\n\n\n\n<p>https:\/\/www.elancasti.com.ar\/politica-y-economia\/piden-juicio-politico-milei-su-discurso-davos-n575623<\/p>\n\n\n\n<p><\/p>\n","protected":false},"excerpt":{"rendered":"<p>El abogado Eduardo Barcesat present\u00f3 un nuevo pedido de juicio pol\u00edtico contra Javier Milei por sus declaraciones intimidatorias hacia la comunidad LGBT+ y el feminismo. Sus dichos, calificados como una amenaza a la democracia y los derechos humanos, encienden alarmas sobre la institucionalidad y la libertad en Argentina.<\/p>\n","protected":false},"author":1,"featured_media":281,"comment_status":"open","ping_status":"open","sticky":false,"template":"","format":"standard","meta":{"_monsterinsights_skip_tracking":false,"_monsterinsights_sitenote_active":false,"_monsterinsights_sitenote_note":"","_monsterinsights_sitenote_category":0,"footnotes":"","jetpack_publicize_message":"","jetpack_publicize_feature_enabled":true,"jetpack_social_post_already_shared":true,"jetpack_social_options":{"image_generator_settings":{"template":"highway","default_image_id":0,"font":"","enabled":false},"version":2}},"categories":[2],"tags":[78,80,77,79,45],"class_list":["post-282","post","type-post","status-publish","format-standard","has-post-thumbnail","hentry","category-politica","tag-derechos-humanos","tag-feminismo","tag-juicio-politico","tag-lgbt","tag-milei"],"jetpack_publicize_connections":[],"_links":{"self":[{"href":"https:\/\/www.enorsai.com\/noticias\/wp-json\/wp\/v2\/posts\/282","targetHints":{"allow":["GET"]}}],"collection":[{"href":"https:\/\/www.enorsai.com\/noticias\/wp-json\/wp\/v2\/posts"}],"about":[{"href":"https:\/\/www.enorsai.com\/noticias\/wp-json\/wp\/v2\/types\/post"}],"author":[{"embeddable":true,"href":"https:\/\/www.enorsai.com\/noticias\/wp-json\/wp\/v2\/users\/1"}],"replies":[{"embeddable":true,"href":"https:\/\/www.enorsai.com\/noticias\/wp-json\/wp\/v2\/comments?post=282"}],"version-history":[{"count":2,"href":"https:\/\/www.enorsai.com\/noticias\/wp-json\/wp\/v2\/posts\/282\/revisions"}],"predecessor-version":[{"id":303,"href":"https:\/\/www.enorsai.com\/noticias\/wp-json\/wp\/v2\/posts\/282\/revisions\/303"}],"wp:featuredmedia":[{"embeddable":true,"href":"https:\/\/www.enorsai.com\/noticias\/wp-json\/wp\/v2\/media\/281"}],"wp:attachment":[{"href":"https:\/\/www.enorsai.com\/noticias\/wp-json\/wp\/v2\/media?parent=282"}],"wp:term":[{"taxonomy":"category","embeddable":true,"href":"https:\/\/www.enorsai.com\/noticias\/wp-json\/wp\/v2\/categories?post=282"},{"taxonomy":"post_tag","embeddable":true,"href":"https:\/\/www.enorsai.com\/noticias\/wp-json\/wp\/v2\/tags?post=282"}],"curies":[{"name":"wp","href":"https:\/\/api.w.org\/{rel}","templated":true}]}}