{"id":2819,"date":"2025-03-26T14:13:03","date_gmt":"2025-03-26T17:13:03","guid":{"rendered":"https:\/\/www.enorsai.com\/noticias\/?p=2819"},"modified":"2025-03-26T15:56:50","modified_gmt":"2025-03-26T18:56:50","slug":"el-gobierno-de-milei-impone-por-decreto-un-salario-minimo-docente-insuficiente-y-desoye-reclamos-gremiales","status":"publish","type":"post","link":"https:\/\/www.enorsai.com\/noticias\/uncategorized\/el-gobierno-de-milei-impone-por-decreto-un-salario-minimo-docente-insuficiente-y-desoye-reclamos-gremiales\/","title":{"rendered":"El gobierno de Milei impone por decreto un salario m\u00ednimo docente insuficiente y desoye reclamos gremiales"},"content":{"rendered":"\n<p>En una nueva muestra de autoritarismo y desprecio por el di\u00e1logo social, el gobierno de Javier Milei ha decidido fijar unilateralmente el salario m\u00ednimo docente en 500.000 pesos mensuales. Esta cifra, establecida a trav\u00e9s de la Resoluci\u00f3n 381\/2025 publicada en el Bolet\u00edn Oficial, no solo se encuentra por debajo de la l\u00ednea de pobreza, sino que tambi\u00e9n ignora las leg\u00edtimas demandas de los gremios docentes que exigen una remuneraci\u00f3n acorde con la realidad econ\u00f3mica del pa\u00eds.\ue206<\/p>\n\n\n\n<p>La medida, firmada por el secretario de Educaci\u00f3n, Carlos Torrendell, establece que el nuevo piso salarial ser\u00e1 retroactivo al 1 de febrero de 2025 y aplicable al cargo testigo de maestro de grado com\u00fan, jornada simple, sin antig\u00fcedad o su equivalente en horas c\u00e1tedra. Sin embargo, este incremento del 19% respecto al salario m\u00ednimo anterior de 420.000 pesos, fijado en agosto del a\u00f1o pasado, queda muy por debajo de la inflaci\u00f3n acumulada en el mismo per\u00edodo, que alcanz\u00f3 el 20,1%. \ue200cite\ue202turn0search7\ue201\ue206<\/p>\n\n\n\n<p>La decisi\u00f3n del Ejecutivo se produce despu\u00e9s de que las negociaciones paritarias fracasaran debido a la intransigencia gubernamental. En la reuni\u00f3n del 24 de febrero, los gremios docentes rechazaron la propuesta oficial por considerarla insuficiente y aguardaron una nueva convocatoria que nunca lleg\u00f3. Lejos de retomar el di\u00e1logo, el gobierno opt\u00f3 por imponer su voluntad mediante un decreto, evidenciando una vez m\u00e1s su falta de compromiso con la educaci\u00f3n p\u00fablica y sus trabajadores. \ue200cite\ue202turn0search4\ue201\ue206<\/p>\n\n\n\n<p>Es alarmante que el nuevo salario m\u00ednimo docente se sit\u00fae por debajo de la l\u00ednea de pobreza, calculada en 964.620 pesos para una familia tipo. Esto significa que un maestro que reci\u00e9n inicia su carrera percibir\u00e1 menos de la mitad de lo necesario para cubrir las necesidades b\u00e1sicas de su hogar. Esta realidad no solo desvaloriza la labor docente, sino que tambi\u00e9n atenta contra la calidad educativa al desmotivar a quienes tienen la responsabilidad de formar a las futuras generaciones. \ue200cite\ue202turn0search7\ue201\ue206<\/p>\n\n\n\n<p>La Secretar\u00eda de Educaci\u00f3n justific\u00f3 la medida argumentando que refleja la decisi\u00f3n pol\u00edtica del Consejo Federal de Educaci\u00f3n y del gobierno nacional de garantizar que ning\u00fan docente perciba una remuneraci\u00f3n inferior a la fijada. Sin embargo, esta afirmaci\u00f3n resulta vac\u00eda cuando se observa que el monto establecido no alcanza para cubrir las necesidades b\u00e1sicas de los trabajadores de la educaci\u00f3n. \ue200cite\ue202turn0search7\ue201\ue206<\/p>\n\n\n\n<p>Los gremios docentes, por su parte, han manifestado su profundo rechazo a esta imposici\u00f3n. Sergio Romero, secretario de Pol\u00edticas Educativas de la CGT y l\u00edder de la Uni\u00f3n Docentes Argentinos (UDA), calific\u00f3 la propuesta gubernamental de \u00abpaup\u00e9rrima\u00bb y repudi\u00f3 la pretensi\u00f3n de cerrar las negociaciones por decreto. Adem\u00e1s, confirm\u00f3 la realizaci\u00f3n de un paro nacional el 5 de marzo en protesta por esta medida arbitraria. \ue200cite\ue202turn0search4\ue201\ue206<\/p>\n\n\n\n<p>Es evidente que el gobierno de Javier Milei no solo desoye las demandas de los trabajadores de la educaci\u00f3n, sino que tambi\u00e9n incumple con su responsabilidad de garantizar condiciones laborales dignas. Al fijar un salario m\u00ednimo docente que no se condice con la realidad econ\u00f3mica del pa\u00eds, se profundiza la crisis en el sector educativo y se pone en riesgo el futuro de millones de estudiantes.\ue206<\/p>\n\n\n\n<p>La comunidad educativa y la sociedad en su conjunto deben mantenerse alerta y exigir que las autoridades rectifiquen esta medida injusta. Es imperativo que se retomen las negociaciones paritarias en un marco de respeto y di\u00e1logo genuino, con el objetivo de alcanzar acuerdos que dignifiquen la labor docente y fortalezcan el sistema educativo argentino.<\/p>\n\n\n\n<p>En tiempos donde la educaci\u00f3n deber\u00eda ser una prioridad, el gobierno de Javier Milei elige el camino de la confrontaci\u00f3n y la desvalorizaci\u00f3n de quienes d\u00eda a d\u00eda construyen el futuro del pa\u00eds desde las aulas. Es hora de que las autoridades escuchen el clamor de los docentes y de toda la sociedad, y act\u00faen en consecuencia para garantizar una educaci\u00f3n p\u00fablica de calidad, sustentada en el respeto y la dignidad de sus trabajadores.<\/p>\n\n\n\n<p>Fuente:<\/p>\n\n\n\n<ul class=\"wp-block-list\">\n<li><a href=\"https:\/\/www.infobae.com\/politica\/2025\/03\/26\/el-gobierno-aumento-el-salario-minimo-docente-a-500-mil-pesos\/?utm_source=chatgpt.com\">https:\/\/www.infobae.com\/politica\/2025\/03\/26\/el-gobierno-aumento-el-salario-minimo-docente-a-500-mil-pesos\/?utm_source=chatgpt.com<\/a><\/li>\n\n\n\n<li><a href=\"https:\/\/www.pagina12.com.ar\/813586-el-gobierno-fijo-por-decreto-el-salario-minimo-docente\">https:\/\/www.pagina12.com.ar\/813586-el-gobierno-fijo-por-decreto-el-salario-minimo-docente<\/a><\/li>\n\n\n\n<li><\/li>\n<\/ul>\n","protected":false},"excerpt":{"rendered":"<p>En una nueva muestra de autoritarismo y desprecio por el di\u00e1logo social, el gobierno de Javier Milei ha decidido fijar unilateralmente el salario m\u00ednimo docente en 500.000 pesos mensuales. Esta cifra, establecida a trav\u00e9s de la Resoluci\u00f3n 381\/2025 publicada en el Bolet\u00edn Oficial, no solo se encuentra por debajo de la l\u00ednea de pobreza, sino&#8230;<\/p>\n","protected":false},"author":1,"featured_media":2822,"comment_status":"open","ping_status":"open","sticky":false,"template":"","format":"standard","meta":{"_monsterinsights_skip_tracking":false,"_monsterinsights_sitenote_active":false,"_monsterinsights_sitenote_note":"","_monsterinsights_sitenote_category":0,"footnotes":"","jetpack_publicize_message":"El gobierno de Milei impone por decreto un salario m\u00ednimo docente insuficiente y desoye reclamos gremiales","jetpack_publicize_feature_enabled":true,"jetpack_social_post_already_shared":true,"jetpack_social_options":{"image_generator_settings":{"template":"highway","enabled":false},"version":2}},"categories":[1],"tags":[],"class_list":["post-2819","post","type-post","status-publish","format-standard","has-post-thumbnail","hentry","category-uncategorized"],"jetpack_publicize_connections":[],"_links":{"self":[{"href":"https:\/\/www.enorsai.com\/noticias\/wp-json\/wp\/v2\/posts\/2819","targetHints":{"allow":["GET"]}}],"collection":[{"href":"https:\/\/www.enorsai.com\/noticias\/wp-json\/wp\/v2\/posts"}],"about":[{"href":"https:\/\/www.enorsai.com\/noticias\/wp-json\/wp\/v2\/types\/post"}],"author":[{"embeddable":true,"href":"https:\/\/www.enorsai.com\/noticias\/wp-json\/wp\/v2\/users\/1"}],"replies":[{"embeddable":true,"href":"https:\/\/www.enorsai.com\/noticias\/wp-json\/wp\/v2\/comments?post=2819"}],"version-history":[{"count":4,"href":"https:\/\/www.enorsai.com\/noticias\/wp-json\/wp\/v2\/posts\/2819\/revisions"}],"predecessor-version":[{"id":2826,"href":"https:\/\/www.enorsai.com\/noticias\/wp-json\/wp\/v2\/posts\/2819\/revisions\/2826"}],"wp:featuredmedia":[{"embeddable":true,"href":"https:\/\/www.enorsai.com\/noticias\/wp-json\/wp\/v2\/media\/2822"}],"wp:attachment":[{"href":"https:\/\/www.enorsai.com\/noticias\/wp-json\/wp\/v2\/media?parent=2819"}],"wp:term":[{"taxonomy":"category","embeddable":true,"href":"https:\/\/www.enorsai.com\/noticias\/wp-json\/wp\/v2\/categories?post=2819"},{"taxonomy":"post_tag","embeddable":true,"href":"https:\/\/www.enorsai.com\/noticias\/wp-json\/wp\/v2\/tags?post=2819"}],"curies":[{"name":"wp","href":"https:\/\/api.w.org\/{rel}","templated":true}]}}