{"id":2817,"date":"2025-03-26T14:13:31","date_gmt":"2025-03-26T17:13:31","guid":{"rendered":"http:\/\/www.enorsai.com\/noticias\/?p=2817"},"modified":"2025-03-26T15:56:35","modified_gmt":"2025-03-26T18:56:35","slug":"patricia-bullrich-desafia-a-milei-y-rechaza-ser-candidata-en-la-ciudad-tensiones-conspiraciones-y-riesgo-de-ruptura","status":"publish","type":"post","link":"https:\/\/www.enorsai.com\/noticias\/politica\/patricia-bullrich-desafia-a-milei-y-rechaza-ser-candidata-en-la-ciudad-tensiones-conspiraciones-y-riesgo-de-ruptura\/","title":{"rendered":"Patricia Bullrich desaf\u00eda a Milei y rechaza ser candidata en la Ciudad: tensiones, conspiraciones y riesgo de ruptura"},"content":{"rendered":"\n<p><strong><em>La ministra de Seguridad se niega a encabezar la lista legislativa de La Libertad Avanza en CABA, desatando una crisis en el oficialismo y alimentando rumores de su salida del gabinete.<\/em><\/strong><\/p>\n\n\n\n<p>Con el cierre de listas a la vuelta de la esquina, la presi\u00f3n de Karina Milei sobre Patricia Bullrich para convertirla en la principal candidata en la Ciudad de Buenos Aires choca con la f\u00e9rrea negativa de la ministra. En un Gobierno atravesado por luchas internas, la disputa expone la fragilidad de la estructura libertaria y el temor a una derrota frente al PRO.<\/p>\n\n\n\n<hr class=\"wp-block-separator has-alpha-channel-opacity\"\/>\n\n\n\n<p>A pocos d\u00edas del cierre de listas para la Legislatura porte\u00f1a, una nueva tormenta sacude el interior del Gobierno de Javier Milei. En esta ocasi\u00f3n, la protagonista es la ministra de Seguridad, Patricia Bullrich, quien rechaz\u00f3 rotundamente la posibilidad de encabezar la lista de legisladores de La Libertad Avanza en la Ciudad de Buenos Aires. La negativa, lejos de ser un desacuerdo menor, ha escalado hasta convertirse en una batalla soterrada con Karina Milei, la omnipresente hermana del presidente y arquitecta del armado electoral libertario. Mientras los libertarios buscan con desesperaci\u00f3n un candidato competitivo en la Capital, la resistencia de Bullrich expone las tensiones y las ambiciones personales que atraviesan a un oficialismo cada vez m\u00e1s fragmentado.Desde hace semanas, en los pasillos de la Casa Rosada se barajaba la posibilidad de que Bullrich encabezara la lista de legisladores porte\u00f1os como una estrategia para asegurarle a Milei una victoria simb\u00f3lica frente a los Macri, quienes han convertido CABA en su \u00faltimo basti\u00f3n de poder. Sin embargo, la ministra dej\u00f3 en claro a su entorno que no est\u00e1 dispuesta a dejar su cartera para ser parte de una maniobra electoral que considera menor y que, en su visi\u00f3n, la apartar\u00eda de su rol central en el Gobierno. \u00abLos va a sacar cagando\u00bb, resumi\u00f3, sin sutilezas, uno de sus colaboradores m\u00e1s cercanos.<\/p>\n\n\n\n<p>El rechazo de Bullrich no solo irrit\u00f3 a Karina Milei, sino que tambi\u00e9n agit\u00f3 una serie de operaciones dentro del oficialismo, donde algunos sectores comenzaron a difundir versiones sobre su posible renuncia. En este contexto, Diego Kravetz, el secretario de Seguridad porte\u00f1o y hombre de confianza del PRO, aparece en escena como un potencial sucesor que busca capitalizar la situaci\u00f3n para quedarse con el Ministerio de Seguridad. La versi\u00f3n fue desmentida de manera categ\u00f3rica por el entorno de Bullrich, pero la desconfianza dentro del Gobierno sigue creciendo.<\/p>\n\n\n\n<p>En paralelo, el oficialismo enfrenta un problema mayor: la falta de figuras con peso electoral en la Ciudad de Buenos Aires. Con la negativa de Bullrich y la resistencia del vocero presidencial Manuel Adorni a postularse, los libertarios se encuentran al borde del vac\u00edo pol\u00edtico en un distrito clave. La pelea con el PRO es crucial para el futuro de La Libertad Avanza, ya que una derrota en la Ciudad pondr\u00eda en riesgo la narrativa de Milei como l\u00edder absoluto de la nueva derecha y debilitar\u00eda su capacidad de negociaci\u00f3n con los sectores m\u00e1s duros del macrismo.<\/p>\n\n\n\n<p>La desesperaci\u00f3n dentro del oficialismo se hace evidente. En la intimidad, Milei y su hermana han transmitido a su c\u00edrculo cercano la urgencia de encontrar un candidato con peso suficiente para evitar una debacle electoral. \u00abYa le dijeron a Milei que tiene que poner al mejor candidato posible, la Capital es la vidriera del pa\u00eds y no pueden exponerse a que Macri les gane porque quedan muy debilitados para el resto de las elecciones\u00bb, asegur\u00f3 un dirigente libertario. Pero, hasta ahora, esa b\u00fasqueda ha resultado infructuosa.<\/p>\n\n\n\n<p>Mientras tanto, Bullrich sigue fortaleciendo su propio juego pol\u00edtico, manteniendo estrechos lazos con dirigentes del PRO y del radicalismo. La ministra sabe que su permanencia en el Gobierno es clave para su futuro, pero tambi\u00e9n que cualquier movimiento en falso puede convertirla en la pr\u00f3xima v\u00edctima de las purgas internas que han caracterizado la gesti\u00f3n de Milei. A pesar de que la inseguridad es hoy una de las principales preocupaciones de la ciudadan\u00eda, y que su imagen sigue siendo alta dentro del electorado libertario, Bullrich enfrenta un dilema: seguir como una funcionaria clave dentro del Gobierno o romper definitivamente con Milei si la presi\u00f3n en su contra se intensifica.<\/p>\n\n\n\n<p>Lo cierto es que la negativa de Bullrich a ser candidata es solo un s\u00edntoma de un problema mayor dentro del oficialismo. Las tensiones internas, la falta de un liderazgo claro m\u00e1s all\u00e1 de la figura del Presidente y las crecientes diferencias con el macrismo han convertido al espacio libertario en un campo minado de ambiciones y desconfianza. Con un Milei cada vez m\u00e1s aislado y una Karina Milei obsesionada con consolidar el control sobre el armado electoral, el Gobierno enfrenta una encrucijada: imponer a la fuerza una candidatura sin consenso o aceptar que su estrategia pol\u00edtica est\u00e1 al borde del colapso.<\/p>\n\n\n\n<p>En este contexto, la crisis por la lista de legisladores en CABA es apenas un adelanto de lo que podr\u00eda suceder a nivel nacional. Con la fragilidad estructural de La Libertad Avanza expuesta a la vista de todos, la pregunta ya no es solo qui\u00e9n encabezar\u00e1 la boleta en la Ciudad, sino cu\u00e1nto tiempo m\u00e1s podr\u00e1 Milei sostener un Gobierno cada vez m\u00e1s asediado por sus propias contradicciones. La negativa de Bullrich no solo deja al descubierto la falta de conducci\u00f3n pol\u00edtica del presidente, sino que tambi\u00e9n abre la puerta a un enfrentamiento con consecuencias imprevisibles dentro del oficialismo.<\/p>\n\n\n\n<p>Fuente:<\/p>\n\n\n\n<ul class=\"wp-block-list\">\n<li><a href=\"https:\/\/www.lapoliticaonline.com\/politica\/tension-con-patricia-porque-no-quiere-ser-candidata-a-legisladora\/\">https:\/\/www.lapoliticaonline.com\/politica\/tension-con-patricia-porque-no-quiere-ser-candidata-a-legisladora\/<\/a><\/li>\n<\/ul>\n\n\n\n<p><\/p>\n","protected":false},"excerpt":{"rendered":"<p>La ministra de Seguridad se niega a encabezar la lista legislativa de La Libertad Avanza en CABA, desatando una crisis en el oficialismo y alimentando rumores de su salida del gabinete. Con el cierre de listas a la vuelta de la esquina, la presi\u00f3n de Karina Milei sobre Patricia Bullrich para convertirla en la principal&#8230;<\/p>\n","protected":false},"author":1,"featured_media":2446,"comment_status":"open","ping_status":"open","sticky":false,"template":"","format":"standard","meta":{"_monsterinsights_skip_tracking":false,"_monsterinsights_sitenote_active":false,"_monsterinsights_sitenote_note":"","_monsterinsights_sitenote_category":0,"footnotes":"","jetpack_publicize_message":"","jetpack_publicize_feature_enabled":true,"jetpack_social_post_already_shared":true,"jetpack_social_options":{"image_generator_settings":{"template":"highway","default_image_id":0,"font":"","enabled":false},"version":2}},"categories":[2],"tags":[],"class_list":["post-2817","post","type-post","status-publish","format-standard","has-post-thumbnail","hentry","category-politica"],"jetpack_publicize_connections":[],"_links":{"self":[{"href":"https:\/\/www.enorsai.com\/noticias\/wp-json\/wp\/v2\/posts\/2817","targetHints":{"allow":["GET"]}}],"collection":[{"href":"https:\/\/www.enorsai.com\/noticias\/wp-json\/wp\/v2\/posts"}],"about":[{"href":"https:\/\/www.enorsai.com\/noticias\/wp-json\/wp\/v2\/types\/post"}],"author":[{"embeddable":true,"href":"https:\/\/www.enorsai.com\/noticias\/wp-json\/wp\/v2\/users\/1"}],"replies":[{"embeddable":true,"href":"https:\/\/www.enorsai.com\/noticias\/wp-json\/wp\/v2\/comments?post=2817"}],"version-history":[{"count":2,"href":"https:\/\/www.enorsai.com\/noticias\/wp-json\/wp\/v2\/posts\/2817\/revisions"}],"predecessor-version":[{"id":2825,"href":"https:\/\/www.enorsai.com\/noticias\/wp-json\/wp\/v2\/posts\/2817\/revisions\/2825"}],"wp:featuredmedia":[{"embeddable":true,"href":"https:\/\/www.enorsai.com\/noticias\/wp-json\/wp\/v2\/media\/2446"}],"wp:attachment":[{"href":"https:\/\/www.enorsai.com\/noticias\/wp-json\/wp\/v2\/media?parent=2817"}],"wp:term":[{"taxonomy":"category","embeddable":true,"href":"https:\/\/www.enorsai.com\/noticias\/wp-json\/wp\/v2\/categories?post=2817"},{"taxonomy":"post_tag","embeddable":true,"href":"https:\/\/www.enorsai.com\/noticias\/wp-json\/wp\/v2\/tags?post=2817"}],"curies":[{"name":"wp","href":"https:\/\/api.w.org\/{rel}","templated":true}]}}