{"id":2808,"date":"2025-03-26T08:05:04","date_gmt":"2025-03-26T11:05:04","guid":{"rendered":"https:\/\/www.enorsai.com\/noticias\/?p=2808"},"modified":"2025-03-26T11:18:28","modified_gmt":"2025-03-26T14:18:28","slug":"elecciones-2025-en-caba-caras-de-preocupacion-en-el-pj-porteno","status":"publish","type":"post","link":"https:\/\/www.enorsai.com\/noticias\/politica\/elecciones-2025-en-caba-caras-de-preocupacion-en-el-pj-porteno\/","title":{"rendered":"Elecciones 2025 en CABA: caras de preocupaci\u00f3n en el PJ porte\u00f1o"},"content":{"rendered":"\n<p>A pocos d\u00edas del cierre de listas (29 de marzo) para la legislatura porte\u00f1a, el \u201coficialismo\u201d del PJ en CABA sigue sin poder resolver una de sus mayores preocupaciones: Abal Medina. <\/p>\n\n\n\n<p>Luego de confirmarse que el partido Seamos Libres no formar\u00e1 parte del frente \u201cAhora Buenos Aires\u201d que tiene a Leandro Santoro como figura principal la hip\u00f3tesis que circulaba en el PJ porte\u00f1o de \u201cquieren golpear para negociar\u201d qued\u00f3 lejana y los n\u00fameros no estar\u00edan cerrando como se esperaba.<\/p>\n\n\n\n<p>La candidatura de Leandro Santoro, de corte vecinalista, de gesti\u00f3n, resulta simp\u00e1tica en sectores de clase media, en los viejos votantes de alternativas progresistas, pero no termina de penetrar en el votante peronista que en un escenario de triple empate t\u00e9cnico ser\u00e1 definitorio.<\/p>\n\n\n\n<p>En un escenario de fragmentaci\u00f3n, donde se deciden bancas y no la jefatura de gobierno, Santoro parece ser el \u00fanico candidato con un nivel de conocimiento alto en la lista del PJ porte\u00f1o, y no habr\u00eda nombres de peso que compensen su identidad alfonsinista-kirchnerista, y su amistad con el ex presidente Alberto Fern\u00e1ndez.<\/p>\n\n\n\n<p>Es que a las autoridades del PJ les resulta f\u00e1cil explicar por qu\u00e9 encabeza la lista Santoro, a quien apuestan hace a\u00f1os, pero mucho m\u00e1s dif\u00edcil con qu\u00e9 criterio ubican al resto.<\/p>\n\n\n\n<p>\u201cLos espacios con los que acordamos los lugares expectantes est\u00e1n ofreciendo perfectos desconocidos, mientras que Abal Medina por su trayectoria y por su apellido puede comerse una parte del descontento con la lista\u201d se\u00f1alan allegados al PJ que no creen que convenga arriesgarse en la primera oportunidad real de salir primeros. Abal Medina mantiene una presencia importante en medios locales y nacionales, y su pasado como jefe de gabinete y senador nacional lo colocan en una posici\u00f3n preferencial.<\/p>\n\n\n\n<p>Abal Medina, seg\u00fan encuestas recientes, se ubicar\u00eda entre los 3,5 y 5 puntos, n\u00fameros m\u00e1s que holgados para ser legislador. Mientras que Santoro decidi\u00f3 polarizar por temas de gesti\u00f3n con Jorge Macri, y no intervenir en lo nacional, Abal Medina pelea a dos puntas. <\/p>\n\n\n\n<p>Hoy Santoro, por el perfil construido, podr\u00eda perder puntos no solo por ese flanco sino tambi\u00e9n por la irrupci\u00f3n de Larreta, ya que si el eje es s\u00f3lo la gesti\u00f3n, tiene la experiencia que a \u00e9l le falta.<\/p>\n\n\n\n<p>Ante la necesidad de definiciones, desde el campamento de Abal Medina comentan que \u201cEstas son elecciones legislativas y lo importante es meter la mayor cantidad de legisladores posibles y que est\u00e9n a la altura de las circunstancias\u201d<\/p>\n\n\n\n<p>Frente a la consulta sobre si existe posibilidad de acuerdo el entorno de Abal Medina afirma que \u201cNosotros siempre tuvimos la voluntad de acordar pero la verdad es que nadie nos llam\u00f3. Hace m\u00e1s de un a\u00f1o estamos planteando que vamos a participar y reci\u00e9n ahora parece que se dieron cuenta.\u201d<\/p>\n\n\n\n<p>El partido Seamos Libres ya present\u00f3 colores, nombre de lista y logo y no pareciera tener intenciones de bajarse. \u201cTenemos una lista donde hay referentes de sectores sociales, sindicales, de la lucha estudiantil, de la industria, de la cultura. Estamos muy contentos con lo que se est\u00e1 armando\u201d <\/p>\n\n\n\n<p>En unos pocos d\u00edas sabremos c\u00f3mo termina esta historia aunque pareciera que ya no hay vuelta atr\u00e1s.<\/p>\n","protected":false},"excerpt":{"rendered":"<p>A pocos d\u00edas del cierre de listas (29 de marzo) para la legislatura porte\u00f1a, el \u201coficialismo\u201d del PJ en CABA sigue sin poder resolver una de sus mayores preocupaciones: Abal Medina. Luego de confirmarse que el partido Seamos Libres no formar\u00e1 parte del frente \u201cAhora Buenos Aires\u201d que tiene a Leandro Santoro como figura principal&#8230;<\/p>\n","protected":false},"author":1,"featured_media":2816,"comment_status":"open","ping_status":"open","sticky":false,"template":"","format":"standard","meta":{"_monsterinsights_skip_tracking":false,"_monsterinsights_sitenote_active":false,"_monsterinsights_sitenote_note":"","_monsterinsights_sitenote_category":0,"footnotes":"","jetpack_publicize_message":"","jetpack_publicize_feature_enabled":false,"jetpack_social_post_already_shared":false,"jetpack_social_options":{"image_generator_settings":{"template":"highway","enabled":false},"version":2}},"categories":[2],"tags":[],"class_list":["post-2808","post","type-post","status-publish","format-standard","has-post-thumbnail","hentry","category-politica"],"jetpack_publicize_connections":[],"_links":{"self":[{"href":"https:\/\/www.enorsai.com\/noticias\/wp-json\/wp\/v2\/posts\/2808","targetHints":{"allow":["GET"]}}],"collection":[{"href":"https:\/\/www.enorsai.com\/noticias\/wp-json\/wp\/v2\/posts"}],"about":[{"href":"https:\/\/www.enorsai.com\/noticias\/wp-json\/wp\/v2\/types\/post"}],"author":[{"embeddable":true,"href":"https:\/\/www.enorsai.com\/noticias\/wp-json\/wp\/v2\/users\/1"}],"replies":[{"embeddable":true,"href":"https:\/\/www.enorsai.com\/noticias\/wp-json\/wp\/v2\/comments?post=2808"}],"version-history":[{"count":1,"href":"https:\/\/www.enorsai.com\/noticias\/wp-json\/wp\/v2\/posts\/2808\/revisions"}],"predecessor-version":[{"id":2810,"href":"https:\/\/www.enorsai.com\/noticias\/wp-json\/wp\/v2\/posts\/2808\/revisions\/2810"}],"wp:featuredmedia":[{"embeddable":true,"href":"https:\/\/www.enorsai.com\/noticias\/wp-json\/wp\/v2\/media\/2816"}],"wp:attachment":[{"href":"https:\/\/www.enorsai.com\/noticias\/wp-json\/wp\/v2\/media?parent=2808"}],"wp:term":[{"taxonomy":"category","embeddable":true,"href":"https:\/\/www.enorsai.com\/noticias\/wp-json\/wp\/v2\/categories?post=2808"},{"taxonomy":"post_tag","embeddable":true,"href":"https:\/\/www.enorsai.com\/noticias\/wp-json\/wp\/v2\/tags?post=2808"}],"curies":[{"name":"wp","href":"https:\/\/api.w.org\/{rel}","templated":true}]}}