{"id":2805,"date":"2025-03-26T07:47:31","date_gmt":"2025-03-26T10:47:31","guid":{"rendered":"https:\/\/www.enorsai.com\/noticias\/?p=2805"},"modified":"2025-03-26T07:47:31","modified_gmt":"2025-03-26T10:47:31","slug":"trabajadores-del-indec-denuncian-que-sus-salarios-estan-por-debajo-de-la-linea-de-pobreza-que-ellos-mismos-calculan","status":"publish","type":"post","link":"https:\/\/www.enorsai.com\/noticias\/economia\/trabajadores-del-indec-denuncian-que-sus-salarios-estan-por-debajo-de-la-linea-de-pobreza-que-ellos-mismos-calculan\/","title":{"rendered":"Trabajadores del INDEC denuncian que sus salarios est\u00e1n por debajo de la l\u00ednea de pobreza que ellos mismos calculan"},"content":{"rendered":"\n<p>La junta interna de ATE-INDEC revel\u00f3 que gran parte de los empleados que trabajan precisamente de calcular los \u00edndices de pobreza en Argentina perciben salarios inferiores a la Canasta B\u00e1sica Total, lo que los ubica en la misma condici\u00f3n de vulnerabilidad que analizan. Denuncian la p\u00e9rdida de poder adquisitivo y exigen la incorporaci\u00f3n de su estudio al calendario oficial de difusi\u00f3n, as\u00ed como una urgente recomposici\u00f3n salarial.<\/p>\n\n\n\n<p>La junta interna de ATE del Instituto Nacional de Estad\u00edstica y Censos (INDEC) denunci\u00f3 que la mayor\u00eda de los empleados que calculan los \u00edndices de pobreza en Argentina perciben salarios inferiores a la Canasta B\u00e1sica Total (CBT), lo que los sit\u00faa por debajo de la l\u00ednea de pobreza que ellos mismos determinan.<\/p>\n\n\n\n<p>El reclamo surge a partir de un estudio realizado por los propios trabajadores del organismo, basado en informaci\u00f3n oficial del INDEC, donde se establece que una familia trabajadora necesit\u00f3 en febrero de 2024 un ingreso m\u00ednimo de $1.693.576 para cubrir no solo la alimentaci\u00f3n y los bienes y servicios b\u00e1sicos, sino tambi\u00e9n algunas actividades de esparcimiento. Esta cifra equivale a 5,8 veces el Salario M\u00ednimo, Vital y M\u00f3vil (SMVM) vigente en ese momento, que se encontraba en $292.446.<\/p>\n\n\n\n<p>Los trabajadores de ATE-INDEC exigen que este informe sea incorporado al calendario de difusi\u00f3n oficial y que se establezca como referencia para los salarios del sector p\u00fablico, particularmente para la categor\u00eda D0 del convenio SINEP. Seg\u00fan el estudio, el poder adquisitivo de esa categor\u00eda ha ca\u00eddo un 29% desde la asunci\u00f3n del gobierno de Javier Milei y un 51,3% desde diciembre de 2015.<\/p>\n\n\n\n<p>En un comunicado, los trabajadores resaltaron la paradoja de que \u201clos trabajadores que calculamos la pobreza, tenemos salarios debajo de la l\u00ednea de pobreza\u201d. Adem\u00e1s, denunciaron la grave situaci\u00f3n salarial dentro del organismo que lidera Marco Lavagna:<\/p>\n\n\n\n<p>12 empleados cobran menos de $400.000 mensuales (aproximadamente $14.000 por d\u00eda).<\/p>\n\n\n\n<p>49 empleados perciben menos de $500.000.<\/p>\n\n\n\n<p>185 trabajadores ganan menos de $600.000.<\/p>\n\n\n\n<p>280 empleados cobran menos de $700.000.<\/p>\n\n\n\n<p>M\u00e1s de 370 trabajadores tienen salarios inferiores a $800.000.<\/p>\n\n\n\n<p>500 empleados perciben menos de $900.000.<\/p>\n\n\n\n<p>600 trabajadores no llegan al mill\u00f3n de pesos.<\/p>\n\n\n\n<p>Ante esta situaci\u00f3n, los empleados del INDEC tambi\u00e9n denunciaron la eliminaci\u00f3n del pago por la \u201cfunci\u00f3n estad\u00edstica\u201d, un adicional que representaba un porcentaje significativo de sus ingresos. \u201cEsta situaci\u00f3n es insostenible\u201d, concluye el comunicado, mientras los trabajadores contin\u00faan con sus reclamos para mejorar sus condiciones laborales y salariales.<\/p>\n\n\n\n<p>Por Infogremiales<\/p>\n","protected":false},"excerpt":{"rendered":"<p>La junta interna de ATE-INDEC revel\u00f3 que gran parte de los empleados que trabajan precisamente de calcular los \u00edndices de pobreza en Argentina perciben salarios inferiores a la Canasta B\u00e1sica Total, lo que los ubica en la misma condici\u00f3n de vulnerabilidad que analizan. Denuncian la p\u00e9rdida de poder adquisitivo y exigen la incorporaci\u00f3n de su&#8230;<\/p>\n","protected":false},"author":5,"featured_media":2806,"comment_status":"open","ping_status":"open","sticky":false,"template":"","format":"standard","meta":{"_monsterinsights_skip_tracking":false,"_monsterinsights_sitenote_active":false,"_monsterinsights_sitenote_note":"","_monsterinsights_sitenote_category":0,"footnotes":"","jetpack_publicize_message":"","jetpack_publicize_feature_enabled":true,"jetpack_social_post_already_shared":true,"jetpack_social_options":{"image_generator_settings":{"template":"highway","default_image_id":0,"font":"","enabled":false},"version":2}},"categories":[3],"tags":[58,43,549,227],"class_list":["post-2805","post","type-post","status-publish","format-standard","has-post-thumbnail","hentry","category-economia","tag-ajuste","tag-crisis","tag-indec","tag-inflacion"],"jetpack_publicize_connections":[],"_links":{"self":[{"href":"https:\/\/www.enorsai.com\/noticias\/wp-json\/wp\/v2\/posts\/2805","targetHints":{"allow":["GET"]}}],"collection":[{"href":"https:\/\/www.enorsai.com\/noticias\/wp-json\/wp\/v2\/posts"}],"about":[{"href":"https:\/\/www.enorsai.com\/noticias\/wp-json\/wp\/v2\/types\/post"}],"author":[{"embeddable":true,"href":"https:\/\/www.enorsai.com\/noticias\/wp-json\/wp\/v2\/users\/5"}],"replies":[{"embeddable":true,"href":"https:\/\/www.enorsai.com\/noticias\/wp-json\/wp\/v2\/comments?post=2805"}],"version-history":[{"count":1,"href":"https:\/\/www.enorsai.com\/noticias\/wp-json\/wp\/v2\/posts\/2805\/revisions"}],"predecessor-version":[{"id":2807,"href":"https:\/\/www.enorsai.com\/noticias\/wp-json\/wp\/v2\/posts\/2805\/revisions\/2807"}],"wp:featuredmedia":[{"embeddable":true,"href":"https:\/\/www.enorsai.com\/noticias\/wp-json\/wp\/v2\/media\/2806"}],"wp:attachment":[{"href":"https:\/\/www.enorsai.com\/noticias\/wp-json\/wp\/v2\/media?parent=2805"}],"wp:term":[{"taxonomy":"category","embeddable":true,"href":"https:\/\/www.enorsai.com\/noticias\/wp-json\/wp\/v2\/categories?post=2805"},{"taxonomy":"post_tag","embeddable":true,"href":"https:\/\/www.enorsai.com\/noticias\/wp-json\/wp\/v2\/tags?post=2805"}],"curies":[{"name":"wp","href":"https:\/\/api.w.org\/{rel}","templated":true}]}}