{"id":2801,"date":"2025-03-26T00:03:00","date_gmt":"2025-03-26T03:03:00","guid":{"rendered":"http:\/\/www.enorsai.com\/noticias\/?p=2801"},"modified":"2025-03-26T00:03:00","modified_gmt":"2025-03-26T03:03:00","slug":"el-despido-del-director-de-inteligencia-criminal-y-los-falsos-informes-del-ministerio-de-seguridad-dejan-en-evidencia-la-ineptitud-de-patricia-bullrich","status":"publish","type":"post","link":"https:\/\/www.enorsai.com\/noticias\/politica\/el-despido-del-director-de-inteligencia-criminal-y-los-falsos-informes-del-ministerio-de-seguridad-dejan-en-evidencia-la-ineptitud-de-patricia-bullrich\/","title":{"rendered":"El despido del Director de Inteligencia Criminal y los falsos informes del Ministerio de Seguridad dejan en evidencia la ineptitud de Patricia Bullrich"},"content":{"rendered":"\n<p><em>Patricia Bullrich, Ministra de Seguridad, se deshace de los responsables inmediatos mientras oculta la ra\u00edz del descalabro. En medio de mentiras, datos falsos y agresiones a los jubilados, el gobierno de Javier Milei muestra su verdadera cara: un aparato estatal desorganizado, violento y en manos de quienes no tienen la capacidad de gestionar la seguridad de los ciudadanos.<\/em><\/p>\n\n\n\n<p>La represi\u00f3n brutal a los jubilados el 12 de marzo de 2025 no fue un accidente ni un error aislado. Fue la culminaci\u00f3n de una serie de decisiones desacertadas, de una gesti\u00f3n incompetente y de una falta total de control sobre las fuerzas de seguridad por parte del gobierno de Javier Milei. La reciente salida del Director de Inteligencia Criminal del Ministerio de Seguridad, Ricardo Jos\u00e9 Ferrer, ha encendido a\u00fan m\u00e1s las alarmas sobre la crisis de seguridad que atraviesa Argentina. Un esc\u00e1ndalo de proporciones en el que la violencia estatal se disfraza de \u00aborden\u00bb y donde la verdad parece ser lo \u00faltimo en la lista de prioridades del oficialismo.<\/p>\n\n\n\n<p>El episodio del 12 de marzo fue desgarrador: jubilados, trabajadores y ciudadanos pac\u00edficos fueron brutalmente reprimidos por las fuerzas de seguridad, bajo la supervisi\u00f3n directa de la ministra Patricia Bullrich. En la confusi\u00f3n de esa jornada, Bullrich no dud\u00f3 en culpar a su Director de Inteligencia Criminal, Ferrer, por los errores cometidos durante la represi\u00f3n. Sin embargo, lejos de ser una soluci\u00f3n, este movimiento parece una t\u00e1ctica para desviar la atenci\u00f3n de lo que realmente ocurri\u00f3 esa tarde: la gesti\u00f3n fallida, los informes falsos y la responsabilidad directa de quienes deben garantizar la seguridad de los argentinos.<\/p>\n\n\n\n<p>Ferrer, seg\u00fan los informes internos de la Polic\u00eda Federal, Gendarmer\u00eda y Prefectura, era responsable de coordinar las operaciones de inteligencia en las marchas. Pero en lugar de proporcionar datos confiables, Ferrer gener\u00f3 una serie de informes falsos que r\u00e1pidamente se desmintieron. Desde la identificaci\u00f3n err\u00f3nea del fot\u00f3grafo Pablo Grillo, quien seg\u00fan Ferrer era un empleado de la Municipalidad de Lan\u00fas (mentira desmentida casi de inmediato), hasta la falacia de que los 114 detenidos de esa jornada ten\u00edan antecedentes penales (cuando solo 13 ten\u00edan alg\u00fan tipo de historial), todo fue un caos de desinformaci\u00f3n que no solo puso en evidencia la incompetencia del Ministerio, sino tambi\u00e9n la falta de profesionalismo de las fuerzas de seguridad bajo su mando.<\/p>\n\n\n\n<p>Es importante se\u00f1alar que el despido de Ferrer no fue una sorpresa para quienes est\u00e1n dentro del sistema de seguridad. Seg\u00fan fuentes cercanas, su gesti\u00f3n estaba marcada por la impuntualidad, la ausencia constante y el abuso de sus v\u00ednculos personales con Bullrich, lo que le permiti\u00f3 viajar al extranjero con el pretexto de \u00abasuntos laborales\u00bb. La raz\u00f3n de su despido, sin embargo, no fue su falta de presencia o su ineficiencia en las reuniones, sino que se convirti\u00f3 en un chivo expiatorio de la debacle de informaci\u00f3n que ocurri\u00f3 durante los operativos. Y aunque se lo acuse de ser responsable de la \u00abdesastrosa\u00bb represi\u00f3n, la realidad es que el operativo estuvo bajo el control total de la ministra Bullrich, quien, desde la sede del Ministerio, supervis\u00f3 las acciones de las fuerzas de seguridad.<\/p>\n\n\n\n<p>La represi\u00f3n fue, en su n\u00facleo, una muestra de violencia innecesaria. Las im\u00e1genes de los efectivos disparando gases lacrim\u00f3genos de manera horizontal y el golpe a Beatriz Blanco, una jubilada de 81 a\u00f1os que fue golpeada brutalmente en la cabeza, dejaron claro que la violencia no fue una respuesta proporcional ni justificada. En lugar de abordar la situaci\u00f3n con sensatez y un manejo adecuado de la protesta, el gobierno opt\u00f3 por usar la fuerza de manera excesiva y desproporcionada. Esto no solo provoc\u00f3 heridos y caos, sino que adem\u00e1s expuso la falacia de los informes oficiales: los detenidos no eran barrabravas, como se hab\u00eda dicho, y Beatriz Blanco no era una \u00abpatotera\u00bb, como se intent\u00f3 pintar en los informes de la polic\u00eda.<\/p>\n\n\n\n<p>Lo peor de todo es que la informaci\u00f3n oficial fue manipulada y tergiversada. El parte policial sobre el incidente de Blanco, confeccionado por el comisario Romualdo Coronel, era un claro ejemplo de c\u00f3mo se trat\u00f3 de ocultar la responsabilidad de los efectivos. El informe omiti\u00f3 detalles cruciales sobre la agresi\u00f3n y no mencion\u00f3 a los agresores, lo que demuestra la complicidad de las autoridades para encubrir los actos de violencia estatal. La jueza Karina Andrade, al revisar el caso, no dud\u00f3 en se\u00f1alar que el informe policial estaba incompleto, lo que dejaba claro que la polic\u00eda no solo fall\u00f3 en el manejo del operativo, sino que tambi\u00e9n intent\u00f3 cubrir los rastros de la brutalidad.<\/p>\n\n\n\n<p>La gesti\u00f3n de Patricia Bullrich en el Ministerio de Seguridad ha sido desastrosa desde el principio. No solo ha demostrado una incapacidad absoluta para manejar las crisis sociales, sino que tambi\u00e9n ha permitido que las fuerzas de seguridad act\u00faen con impunidad, sin ning\u00fan tipo de control o supervisi\u00f3n. La ministra ha sido incapaz de ofrecer pruebas consistentes de que los operativos fueron adecuados y, en su lugar, se ha limitado a culpar a otros, como Ricardo Ferrer, en un intento desesperado de desviar la atenci\u00f3n de su propia responsabilidad. La falta de transparencia, la desinformaci\u00f3n y la violencia institucional son la verdadera marca del gobierno de Javier Milei.<\/p>\n\n\n\n<p>Lo que est\u00e1 en juego es mucho m\u00e1s que un simple error de c\u00e1lculo en la represi\u00f3n a los jubilados. Lo que se est\u00e1 poniendo en evidencia es una estructura de poder que se maneja a base de mentiras, falsificaciones y la omisi\u00f3n de responsabilidades. En lugar de garantizar la seguridad de la ciudadan\u00eda, el gobierno de Milei se ha dedicado a ocultar la verdad, manipular los hechos y desviar la atenci\u00f3n hacia chivos expiatorios. El despido de Ferrer no resuelve el problema fundamental de la falta de capacidad y coordinaci\u00f3n dentro del Ministerio de Seguridad, ni la violaci\u00f3n sistem\u00e1tica de los derechos humanos por parte de las fuerzas de seguridad.<\/p>\n\n\n\n<p>En el fondo, lo que se busca con este tipo de maniobras es culpar a los dem\u00e1s, desentenderse de la responsabilidad directa y mantener una imagen de orden y control. Pero las im\u00e1genes de los jubilados golpeados, los reportes falsos y la falta de acci\u00f3n judicial ante los abusos son la verdadera cara del gobierno de Javier Milei: un gobierno que no sabe manejar las protestas sociales y que recurre a la violencia y la desinformaci\u00f3n para mantenerse en el poder.<\/p>\n\n\n\n<p>El gobierno de Javier Milei, encabezado por Patricia Bullrich, ha demostrado que la represi\u00f3n no es una soluci\u00f3n. La violencia institucional, la falta de transparencia y la manipulaci\u00f3n de la informaci\u00f3n son los pilares de una gesti\u00f3n que se aleja cada vez m\u00e1s de los valores democr\u00e1ticos. Mientras la sociedad exige respuestas, el gobierno sigue mintiendo, ocultando y culpando a otros. Pero la verdad siempre sale a la luz, y lo que se esconde tras el despido de Ferrer y las falsas acusaciones contra los manifestantes es la incapacidad de un gobierno para gestionar la seguridad de manera justa y efectiva.<\/p>\n\n\n\n<p>Fuentes:<\/p>\n\n\n\n<ul class=\"wp-block-list\">\n<li><a href=\"https:\/\/www.pagina12.com.ar\/813458-patricia-bullrich-echo-al-supuesto-culpable-de-sus-papelones\">https:\/\/www.pagina12.com.ar\/813458-patricia-bullrich-echo-al-supuesto-culpable-de-sus-papelones<\/a><\/li>\n\n\n\n<li><a href=\"https:\/\/www.pagina12.com.ar\/813410-el-insolito-informe-policial-sobre-la-represion-a-la-jubilad\">https:\/\/www.pagina12.com.ar\/813410-el-insolito-informe-policial-sobre-la-represion-a-la-jubilad<\/a><\/li>\n<\/ul>\n","protected":false},"excerpt":{"rendered":"<p>Patricia Bullrich, Ministra de Seguridad, se deshace de los responsables inmediatos mientras oculta la ra\u00edz del descalabro. En medio de mentiras, datos falsos y agresiones a los jubilados, el gobierno de Javier Milei muestra su verdadera cara: un aparato estatal desorganizado, violento y en manos de quienes no tienen la capacidad de gestionar la seguridad&#8230;<\/p>\n","protected":false},"author":1,"featured_media":2802,"comment_status":"open","ping_status":"open","sticky":false,"template":"","format":"standard","meta":{"_monsterinsights_skip_tracking":false,"_monsterinsights_sitenote_active":false,"_monsterinsights_sitenote_note":"","_monsterinsights_sitenote_category":0,"footnotes":"","jetpack_publicize_message":"","jetpack_publicize_feature_enabled":true,"jetpack_social_post_already_shared":true,"jetpack_social_options":{"image_generator_settings":{"template":"highway","default_image_id":0,"font":"","enabled":false},"version":2}},"categories":[2],"tags":[45,431,365],"class_list":["post-2801","post","type-post","status-publish","format-standard","has-post-thumbnail","hentry","category-politica","tag-milei","tag-patricia-bullrich","tag-represion"],"jetpack_publicize_connections":[],"_links":{"self":[{"href":"https:\/\/www.enorsai.com\/noticias\/wp-json\/wp\/v2\/posts\/2801","targetHints":{"allow":["GET"]}}],"collection":[{"href":"https:\/\/www.enorsai.com\/noticias\/wp-json\/wp\/v2\/posts"}],"about":[{"href":"https:\/\/www.enorsai.com\/noticias\/wp-json\/wp\/v2\/types\/post"}],"author":[{"embeddable":true,"href":"https:\/\/www.enorsai.com\/noticias\/wp-json\/wp\/v2\/users\/1"}],"replies":[{"embeddable":true,"href":"https:\/\/www.enorsai.com\/noticias\/wp-json\/wp\/v2\/comments?post=2801"}],"version-history":[{"count":1,"href":"https:\/\/www.enorsai.com\/noticias\/wp-json\/wp\/v2\/posts\/2801\/revisions"}],"predecessor-version":[{"id":2803,"href":"https:\/\/www.enorsai.com\/noticias\/wp-json\/wp\/v2\/posts\/2801\/revisions\/2803"}],"wp:featuredmedia":[{"embeddable":true,"href":"https:\/\/www.enorsai.com\/noticias\/wp-json\/wp\/v2\/media\/2802"}],"wp:attachment":[{"href":"https:\/\/www.enorsai.com\/noticias\/wp-json\/wp\/v2\/media?parent=2801"}],"wp:term":[{"taxonomy":"category","embeddable":true,"href":"https:\/\/www.enorsai.com\/noticias\/wp-json\/wp\/v2\/categories?post=2801"},{"taxonomy":"post_tag","embeddable":true,"href":"https:\/\/www.enorsai.com\/noticias\/wp-json\/wp\/v2\/tags?post=2801"}],"curies":[{"name":"wp","href":"https:\/\/api.w.org\/{rel}","templated":true}]}}