{"id":2784,"date":"2025-03-25T18:11:43","date_gmt":"2025-03-25T21:11:43","guid":{"rendered":"https:\/\/www.enorsai.com\/noticias\/?p=2784"},"modified":"2025-03-25T20:05:18","modified_gmt":"2025-03-25T23:05:18","slug":"milei-y-su-odio-a-la-memoria-demolieron-el-monumento-a-osvaldo-bayer-en-rio-gallegos","status":"publish","type":"post","link":"https:\/\/www.enorsai.com\/noticias\/politica\/milei-y-su-odio-a-la-memoria-demolieron-el-monumento-a-osvaldo-bayer-en-rio-gallegos\/","title":{"rendered":"Milei y su odio a la memoria: Demolieron el monumento a Osvaldo Bayer en R\u00edo Gallegos"},"content":{"rendered":"\n<p><strong><em>El gobierno ultraderechista avanza con su cruzada negacionista y destruye un s\u00edmbolo de lucha en la Patagonia<\/em><\/strong><br><br>El gobierno de Javier Milei sigue demostrando que su batalla cultural no tiene l\u00edmites: a solo un d\u00eda del 24 de marzo, D\u00eda de la Memoria por la Verdad y la Justicia, orden\u00f3 la demolici\u00f3n del monumento en homenaje a Osvaldo Bayer en R\u00edo Gallegos. La decisi\u00f3n, ejecutada por Vialidad Nacional, no responde a ninguna necesidad estructural ni de infraestructura vial, sino a una clara provocaci\u00f3n pol\u00edtica. Mientras las rutas argentinas se deterioran por la falta de inversi\u00f3n, el Estado pone su maquinaria al servicio del revisionismo hist\u00f3rico m\u00e1s rancio, atacando la memoria colectiva y borrando los rastros de quienes narraron las luchas del pueblo.<br><\/p>\n\n\n\n<p><br><strong>Un ataque deliberado contra la historia popular<\/strong><br><br>El monumento a Osvaldo Bayer hab\u00eda sido inaugurado en 2023, durante la gesti\u00f3n de Alicia Kirchner en Santa Cruz, en el Paseo de la Memoria dentro del Complejo Cultural de R\u00edo Gallegos. No se trataba de una simple estatua, sino de un recordatorio de las luchas sociales en la regi\u00f3n, especialmente de los trabajadores fusilados en las huelgas patag\u00f3nicas de 1921, episodio que Bayer inmortaliz\u00f3 en su obra La Patagonia Rebelde.<br><br>La demolici\u00f3n no fue casual. Ocurri\u00f3 en un contexto en el que el gobierno libertario ha demostrado un desprecio sistem\u00e1tico por la memoria hist\u00f3rica y los derechos humanos. La elecci\u00f3n de la fecha \u2013un d\u00eda despu\u00e9s del aniversario del golpe genocida de 1976\u2013 refuerza la intenci\u00f3n simb\u00f3lica de la medida: es un mensaje de reivindicaci\u00f3n de los sectores que siempre han intentado ocultar las masacres cometidas por el Estado.<br><\/p>\n\n\n\n<blockquote class=\"twitter-tweet\"><p lang=\"es\" dir=\"ltr\">As\u00ed despedaz\u00f3 Vialidad Nacional el monumento a Osvaldo Bayer. Fue inaugurado en 2023 en el D\u00eda Nacional de la Memoria en el ingreso a R\u00edo Gallegos, Santa Cruz, tierra de la Patagonia Rebelde.<br>Cambien nombres, tiren monumentos, nosotros no olvidamos. <a href=\"https:\/\/twitter.com\/hashtag\/NuncaMas?src=hash&amp;ref_src=twsrc%5Etfw\">#NuncaMas<\/a><a href=\"https:\/\/twitter.com\/hashtag\/HuelgasPatag%C3%B3nicas?src=hash&amp;ref_src=twsrc%5Etfw\">#HuelgasPatag\u00f3nicas<\/a> <a href=\"https:\/\/t.co\/4qRGBgcjf4\">pic.twitter.com\/4qRGBgcjf4<\/a><\/p>&mdash; Bel\u00e9n Manquepi G\u00f3mez (@MariaBelenMG) <a href=\"https:\/\/twitter.com\/MariaBelenMG\/status\/1904596106043945141?ref_src=twsrc%5Etfw\">March 25, 2025<\/a><\/blockquote> <script async src=\"https:\/\/platform.twitter.com\/widgets.js\" charset=\"utf-8\"><\/script>\n\n\n\n<p><br><strong>Vialidad Nacional, al servicio de la \u00abbatalla cultural\u00bb de Milei<\/strong><br><br>El rol de Vialidad Nacional en este hecho es sintom\u00e1tico. Mientras las rutas argentinas se caen a pedazos y la falta de mantenimiento provoca accidentes y muertes, el organismo se ocupa de borrar homenajes a figuras inc\u00f3modas para la derecha. No hay recursos para repavimentar caminos, pero s\u00ed para derribar un monumento que recordaba la lucha obrera.<br><br>El intendente de R\u00edo Gallegos, Pablo Grasso, no tard\u00f3 en responder y anunci\u00f3 que el monumento ser\u00e1 restituido. \u00abPorque somos rebeldes por naturaleza\u00bb, afirm\u00f3 en su cuenta de la red social X, denunciando el intento del gobierno nacional de borrar la historia de los santacruce\u00f1os.<br><\/p>\n\n\n\n<p><br><strong>Repudio generalizado y la reacci\u00f3n de los organismos de derechos humanos<\/strong><br><br>Distintos sectores de la sociedad expresaron su rechazo ante la demolici\u00f3n. La Comisi\u00f3n por la Memoria de las Huelgas de 1920-1921 de R\u00edo Gallegos repudi\u00f3 la acci\u00f3n y la vincul\u00f3 con el negacionismo que atraviesa las pol\u00edticas de Milei. \u00abNo es casual que el Gobierno decida derribar su figura justo en esta fecha\u00bb, remarcaron en un comunicado.<br><br>Por su parte, Nadia Astrada, exsecretaria de Derechos Humanos de Santa Cruz y una de las impulsoras de la obra, calific\u00f3 el hecho como \u00abun atropello a la historia de nuestra tierra\u00bb. Para Astrada, este ataque es parte de una avanzada general del gobierno contra los derechos humanos, la memoria y la identidad hist\u00f3rica de la Patagonia.<br><br>Mientras tanto, sectores libertarios en redes sociales celebraron la demolici\u00f3n. Su principal argumento no fue hist\u00f3rico ni patrimonial, sino una cuesti\u00f3n de lenguaje: se indignaron porque el cartel del monumento inclu\u00eda la palabra \u00abBienvenidx\u00bb, denunciando la supuesta imposici\u00f3n del lenguaje inclusivo. El desconocimiento de la historia de la regi\u00f3n queda en evidencia cuando la discusi\u00f3n se reduce a una batalla gramatical mientras se niega el exterminio de obreros fusilados por el Ej\u00e9rcito Argentino en 1921.<\/p>\n\n\n\n<p><br><br><strong>El negacionismo como pol\u00edtica de Estado<\/strong><br><br>Desde su llegada al poder, Javier Milei ha dejado en claro su intenci\u00f3n de revisar, minimizar e incluso reivindicar aspectos oscuros de la historia argentina. Su alineamiento con Victoria Villarruel, f\u00e9rrea defensora de la teor\u00eda de los dos demonios y apologista de la \u00faltima dictadura, marca el rumbo de un gobierno que desprecia las luchas populares y busca desmantelar los avances en memoria, verdad y justicia.<br><br>El caso del monumento a Osvaldo Bayer es un ejemplo m\u00e1s de este plan sistem\u00e1tico de borrado hist\u00f3rico. No es un hecho aislado, sino parte de una estrategia que incluye la persecuci\u00f3n a organismos de derechos humanos, el intento de vaciamiento del Archivo Nacional de la Memoria y la reivindicaci\u00f3n de figuras ligadas al terrorismo de Estado.<\/p>\n\n\n\n<p><br><br><strong>Resistencia en la Patagonia: la memoria no se borra con topadoras<\/strong><br><br>Pese a los intentos del gobierno por imponer su narrativa reaccionaria, la resistencia contin\u00faa. La promesa del intendente de R\u00edo Gallegos de reponer el monumento es una muestra de que la memoria no se doblega ante la imposici\u00f3n del poder.<br><br>Osvaldo Bayer escribi\u00f3 sobre las injusticias, dio voz a los olvidados y denunci\u00f3 las masacres perpetradas por el Estado. Su obra y su legado no se destruyen con una excavadora ni con decretos. La Patagonia Rebelde sigue viva en la memoria colectiva, y la historia de quienes lucharon por un pa\u00eds m\u00e1s justo seguir\u00e1 siendo contada, con o sin monumentos de piedra.<\/p>\n","protected":false},"excerpt":{"rendered":"<p>El gobierno ultraderechista avanza con su cruzada negacionista y destruye un s\u00edmbolo de lucha en la Patagonia El gobierno de Javier Milei sigue demostrando que su batalla cultural no tiene l\u00edmites: a solo un d\u00eda del 24 de marzo, D\u00eda de la Memoria por la Verdad y la Justicia, orden\u00f3 la demolici\u00f3n del monumento en&#8230;<\/p>\n","protected":false},"author":1,"featured_media":2786,"comment_status":"open","ping_status":"open","sticky":false,"template":"","format":"standard","meta":{"_monsterinsights_skip_tracking":false,"_monsterinsights_sitenote_active":false,"_monsterinsights_sitenote_note":"","_monsterinsights_sitenote_category":0,"footnotes":"","jetpack_publicize_message":"","jetpack_publicize_feature_enabled":true,"jetpack_social_post_already_shared":true,"jetpack_social_options":{"image_generator_settings":{"template":"highway","default_image_id":0,"font":"","enabled":false},"version":2}},"categories":[2],"tags":[97,45,1038],"class_list":["post-2784","post","type-post","status-publish","format-standard","has-post-thumbnail","hentry","category-politica","tag-memoria","tag-milei","tag-osvaldo-bayer"],"jetpack_publicize_connections":[],"_links":{"self":[{"href":"https:\/\/www.enorsai.com\/noticias\/wp-json\/wp\/v2\/posts\/2784","targetHints":{"allow":["GET"]}}],"collection":[{"href":"https:\/\/www.enorsai.com\/noticias\/wp-json\/wp\/v2\/posts"}],"about":[{"href":"https:\/\/www.enorsai.com\/noticias\/wp-json\/wp\/v2\/types\/post"}],"author":[{"embeddable":true,"href":"https:\/\/www.enorsai.com\/noticias\/wp-json\/wp\/v2\/users\/1"}],"replies":[{"embeddable":true,"href":"https:\/\/www.enorsai.com\/noticias\/wp-json\/wp\/v2\/comments?post=2784"}],"version-history":[{"count":1,"href":"https:\/\/www.enorsai.com\/noticias\/wp-json\/wp\/v2\/posts\/2784\/revisions"}],"predecessor-version":[{"id":2787,"href":"https:\/\/www.enorsai.com\/noticias\/wp-json\/wp\/v2\/posts\/2784\/revisions\/2787"}],"wp:featuredmedia":[{"embeddable":true,"href":"https:\/\/www.enorsai.com\/noticias\/wp-json\/wp\/v2\/media\/2786"}],"wp:attachment":[{"href":"https:\/\/www.enorsai.com\/noticias\/wp-json\/wp\/v2\/media?parent=2784"}],"wp:term":[{"taxonomy":"category","embeddable":true,"href":"https:\/\/www.enorsai.com\/noticias\/wp-json\/wp\/v2\/categories?post=2784"},{"taxonomy":"post_tag","embeddable":true,"href":"https:\/\/www.enorsai.com\/noticias\/wp-json\/wp\/v2\/tags?post=2784"}],"curies":[{"name":"wp","href":"https:\/\/api.w.org\/{rel}","templated":true}]}}