{"id":2778,"date":"2025-03-25T07:35:14","date_gmt":"2025-03-25T10:35:14","guid":{"rendered":"https:\/\/www.enorsai.com\/noticias\/?p=2778"},"modified":"2025-03-25T07:35:14","modified_gmt":"2025-03-25T10:35:14","slug":"derrumbe-crece-la-desaprobacion-al-desastre-de-la-gestion-de-javier-milei","status":"publish","type":"post","link":"https:\/\/www.enorsai.com\/noticias\/politica\/derrumbe-crece-la-desaprobacion-al-desastre-de-la-gestion-de-javier-milei\/","title":{"rendered":"Derrumbe: crece la desaprobaci\u00f3n al desastre de la gesti\u00f3n de Javier Milei"},"content":{"rendered":"\n<p><strong><em>La \u00faltima encuesta nacional realizada por la consultora Zuban- C\u00f3rdoba &amp; Asociados revel\u00f3 un crecimiento de la imagen negativa del gobierno nacional.<\/em><\/strong><\/p>\n\n\n\n<p>La \u00faltima encuesta nacional realizada por la consultora Zuban- C\u00f3rdoba &amp; Asociados -entre el 12 y el 14 de marzo de 2025- revela c\u00f3mo est\u00e1 hoy el panorama pol\u00edtico y social.<\/p>\n\n\n\n<p>Con una muestra de 1.600 casos representativos de la poblaci\u00f3n argentina mayor de 16 a\u00f1os, el estudio pone en evidencia las complejidades del escenario actual.<\/p>\n\n\n\n<p>\u00abEn este \u00faltimo estudio que realizamos en marzo, una primera conclusi\u00f3n aparece de forma ineludible: una nueva tendencia en la opini\u00f3n p\u00fablica argentina que comenz\u00f3 a aparecer en enero y se fue consolidando desde entonces y es la imagen negativa del gobierno que no hace m\u00e1s que crecer mes a mes. Un 58% desaprueba la gesti\u00f3n de Javier Milei\u00bb, dice el informe.<\/p>\n\n\n\n<p>\u00abUn 63% tiene una imagen negativa del FMI. Y tambi\u00e9n un 63% rechaza la posibilidad de un nuevo pr\u00e9stamo. El nuevo acuerdo con el fondo, aunque importante para el gobierno, genera rechazo en la opini\u00f3n p\u00fablica. Luz de alarma para los gobiernos que insisten en vender esos pactos como un triunfo pol\u00edtico. A la cuesti\u00f3n econ\u00f3mica y los esc\u00e1ndalos pol\u00edticos constantes se suma otra problem\u00e1tica que late con cada vez m\u00e1s fuerza: la inseguridad. Un 52% cree que los asaltos aumentaron desde la asunci\u00f3n del nuevo gobierno y en los grandes centros urbanos el porcentaje de gente que se siente insegura supera siempre el 50%. Un 50% cree que el gobierno de Milei no est\u00e1 haciendo nada para frenar la inseguridad a pesar de que habla de ella todo el tiempo\u00bb, agrega el informe.<\/p>\n\n\n\n<p>Intenci\u00f3n de voto<\/p>\n\n\n\n<p>En t\u00e9rminos electorales, La Libertad Avanza (LLA) se posiciona como la fuerza con mayor intenci\u00f3n de voto, alcanzando un 36,7% en uno de los escenarios planteados. Sin embargo, Uni\u00f3n por la Patria (UP), el espacio peronista, sigue siendo un competidor formidable con un 32,5% de las preferencias.<\/p>\n\n\n\n<p>El PRO apenas alcanza un 5,5%, mientras que otras fuerzas como el Frente de Izquierda y el Peronismo Federal no superan el 4%.<\/p>\n\n\n\n<figure class=\"wp-block-image size-full\"><img loading=\"lazy\" decoding=\"async\" width=\"656\" height=\"1024\" src=\"https:\/\/www.enorsai.com\/noticias\/wp-content\/uploads\/2025\/03\/20250325-encuesta-02.webp\" alt=\"\" class=\"wp-image-2779\" srcset=\"https:\/\/www.enorsai.com\/noticias\/wp-content\/uploads\/2025\/03\/20250325-encuesta-02.webp 656w, https:\/\/www.enorsai.com\/noticias\/wp-content\/uploads\/2025\/03\/20250325-encuesta-02-192x300.webp 192w\" sizes=\"auto, (max-width: 656px) 100vw, 656px\" \/><\/figure>\n\n\n\n<p>Desaprobaci\u00f3n a Milei y rechazo al FMI<\/p>\n\n\n\n<p>Seg\u00fan los datos, un 58% desaprueba su gesti\u00f3n, mientras que solo un 41,6% la aprueba. Este descenso en los niveles de aprobaci\u00f3n se ha intensificado desde enero, cuando comenz\u00f3 a consolidarse una tendencia negativa marcada por problemas econ\u00f3micos, inseguridad y esc\u00e1ndalos pol\u00edticos.<\/p>\n\n\n\n<p>Por otro lado, un 63% de los encuestados rechaza categ\u00f3ricamente la toma de nuevos cr\u00e9ditos con el FMI, reflejando un malestar generalizado hacia las pol\u00edticas econ\u00f3micas del gobierno. Adem\u00e1s, un 50% cree que habr\u00e1 una nueva devaluaci\u00f3n del peso argentino en el corto plazo, lo que alimenta a\u00fan m\u00e1s la incertidumbre econ\u00f3mica.<\/p>\n\n\n\n<figure class=\"wp-block-image size-full\"><img loading=\"lazy\" decoding=\"async\" width=\"656\" height=\"1024\" src=\"https:\/\/www.enorsai.com\/noticias\/wp-content\/uploads\/2025\/03\/20250325-encuesta-01.webp\" alt=\"\" class=\"wp-image-2780\" srcset=\"https:\/\/www.enorsai.com\/noticias\/wp-content\/uploads\/2025\/03\/20250325-encuesta-01.webp 656w, https:\/\/www.enorsai.com\/noticias\/wp-content\/uploads\/2025\/03\/20250325-encuesta-01-192x300.webp 192w\" sizes=\"auto, (max-width: 656px) 100vw, 656px\" \/><\/figure>\n\n\n\n<p>Por Soledad Castellano para Grupo La Provincia<\/p>\n","protected":false},"excerpt":{"rendered":"<p>La \u00faltima encuesta nacional realizada por la consultora Zuban- C\u00f3rdoba &amp; Asociados revel\u00f3 un crecimiento de la imagen negativa del gobierno nacional. La \u00faltima encuesta nacional realizada por la consultora Zuban- C\u00f3rdoba &amp; Asociados -entre el 12 y el 14 de marzo de 2025- revela c\u00f3mo est\u00e1 hoy el panorama pol\u00edtico y social. Con una&#8230;<\/p>\n","protected":false},"author":5,"featured_media":2252,"comment_status":"open","ping_status":"open","sticky":false,"template":"","format":"standard","meta":{"_monsterinsights_skip_tracking":false,"_monsterinsights_sitenote_active":false,"_monsterinsights_sitenote_note":"","_monsterinsights_sitenote_category":0,"footnotes":"","jetpack_publicize_message":"","jetpack_publicize_feature_enabled":true,"jetpack_social_post_already_shared":true,"jetpack_social_options":{"image_generator_settings":{"template":"highway","default_image_id":0,"font":"","enabled":false},"version":2}},"categories":[2],"tags":[58,43,90,45],"class_list":["post-2778","post","type-post","status-publish","format-standard","has-post-thumbnail","hentry","category-politica","tag-ajuste","tag-crisis","tag-fmi","tag-milei"],"jetpack_publicize_connections":[],"_links":{"self":[{"href":"https:\/\/www.enorsai.com\/noticias\/wp-json\/wp\/v2\/posts\/2778","targetHints":{"allow":["GET"]}}],"collection":[{"href":"https:\/\/www.enorsai.com\/noticias\/wp-json\/wp\/v2\/posts"}],"about":[{"href":"https:\/\/www.enorsai.com\/noticias\/wp-json\/wp\/v2\/types\/post"}],"author":[{"embeddable":true,"href":"https:\/\/www.enorsai.com\/noticias\/wp-json\/wp\/v2\/users\/5"}],"replies":[{"embeddable":true,"href":"https:\/\/www.enorsai.com\/noticias\/wp-json\/wp\/v2\/comments?post=2778"}],"version-history":[{"count":1,"href":"https:\/\/www.enorsai.com\/noticias\/wp-json\/wp\/v2\/posts\/2778\/revisions"}],"predecessor-version":[{"id":2781,"href":"https:\/\/www.enorsai.com\/noticias\/wp-json\/wp\/v2\/posts\/2778\/revisions\/2781"}],"wp:featuredmedia":[{"embeddable":true,"href":"https:\/\/www.enorsai.com\/noticias\/wp-json\/wp\/v2\/media\/2252"}],"wp:attachment":[{"href":"https:\/\/www.enorsai.com\/noticias\/wp-json\/wp\/v2\/media?parent=2778"}],"wp:term":[{"taxonomy":"category","embeddable":true,"href":"https:\/\/www.enorsai.com\/noticias\/wp-json\/wp\/v2\/categories?post=2778"},{"taxonomy":"post_tag","embeddable":true,"href":"https:\/\/www.enorsai.com\/noticias\/wp-json\/wp\/v2\/tags?post=2778"}],"curies":[{"name":"wp","href":"https:\/\/api.w.org\/{rel}","templated":true}]}}