{"id":2774,"date":"2025-03-25T05:50:23","date_gmt":"2025-03-25T08:50:23","guid":{"rendered":"https:\/\/www.enorsai.com\/noticias\/?p=2774"},"modified":"2025-03-25T05:50:23","modified_gmt":"2025-03-25T08:50:23","slug":"la-fuerza-imparable-de-la-memoria-una-jornada-donde-el-pueblo-argentino-le-dijo-no-al-negacionismo-de-milei","status":"publish","type":"post","link":"https:\/\/www.enorsai.com\/noticias\/sociedad\/la-fuerza-imparable-de-la-memoria-una-jornada-donde-el-pueblo-argentino-le-dijo-no-al-negacionismo-de-milei\/","title":{"rendered":"La fuerza imparable de la memoria: Una jornada donde el pueblo argentino le dijo no al negacionismo de Milei"},"content":{"rendered":"\n<p><em>A 49 a\u00f1os del golpe, una multitud hist\u00f3rica en Plaza de Mayo grit\u00f3 \u00abNunca M\u00e1s\u00bb frente a un Gobierno que banaliza el terrorismo de Estado y recorta derechos.<\/em><\/p>\n\n\n\n<p>Mientras el oficialismo difund\u00eda videos revisionistas y anuncios vac\u00edos, cientos de miles marcharon junto a Madres y Abuelas. El ajuste a los organismos de derechos humanos, el desmantelamiento de la Conadi y el ataque a la educaci\u00f3n p\u00fablica no pudieron silenciar el reclamo de Memoria, Verdad y Justicia.<\/p>\n\n\n\n<figure class=\"wp-block-embed is-type-wp-embed is-provider-incrustado wp-block-embed-incrustado\"><div class=\"wp-block-embed__wrapper\">\n<blockquote class=\"wp-embedded-content\" data-secret=\"FPrYuIOtLp\"><a href=\"https:\/\/www.enorsai.com\/noticias\/politica\/el-miedo-como-politica-de-estado-investigadora-hostigada-amenazada-y-atacada\/\">El miedo como pol\u00edtica de Estado: investigadora hostigada, amenazada y atacada<\/a><\/blockquote><iframe loading=\"lazy\" class=\"wp-embedded-content\" sandbox=\"allow-scripts\" security=\"restricted\" style=\"position: absolute; visibility: hidden;\" title=\"\u00abEl miedo como pol\u00edtica de Estado: investigadora hostigada, amenazada y atacada\u00bb \u2014 \" src=\"https:\/\/www.enorsai.com\/noticias\/politica\/el-miedo-como-politica-de-estado-investigadora-hostigada-amenazada-y-atacada\/embed\/#?secret=bxnHE14Wse#?secret=FPrYuIOtLp\" data-secret=\"FPrYuIOtLp\" width=\"600\" height=\"338\" frameborder=\"0\" marginwidth=\"0\" marginheight=\"0\" scrolling=\"no\"><\/iframe>\n<\/div><\/figure>\n\n\n\n<h3 class=\"wp-block-heading\"><strong>El pueblo no olvida: la Plaza como trinchera contra el negacionismo oficial<\/strong><\/h3>\n\n\n\n<p>La imagen es contundente: Taty Almeida, con sus 94 a\u00f1os, levanta el pu\u00f1o frente a una marea humana que corea&nbsp;<em>\u00ab\u00a130.000 desaparecidos, presentes!\u00bb<\/em>. A su lado, Estela de Carlotto celebra la restituci\u00f3n de dos nuevos nietos \u2014ya son 139\u2014 mientras denuncia el desguace de la Conadi y el Banco Nacional de Datos Gen\u00e9ticos. No es un acto m\u00e1s. Es la respuesta vibrante de un pueblo que rechaza el revisionismo hist\u00f3rico de Javier Milei y Victoria Villarruel, empe\u00f1ados en reducir el terrorismo de Estado a una \u00abguerra\u00bb y en desfinanciar cada pol\u00edtica de memoria.<\/p>\n\n\n\n<p>El Gobierno eligi\u00f3 el 24 de marzo para lanzar su provocaci\u00f3n: un video con Agust\u00edn Laje negando el genocidio y un anuncio tramposo sobre la \u00abdesclasificaci\u00f3n\u00bb de archivos \u2014ya iniciada en 2010 por Cristina Kirchner\u2014. Pero la estrategia fracas\u00f3. La Plaza de Mayo, colmada de j\u00f3venes, sindicatos y familias, dej\u00f3 en claro que&nbsp;<strong>la memoria no se negocia<\/strong>. \u00abMilei y Villarruel pretenden borrar la historia, pero tienen enfrente la fuerza de un pueblo que no claudica\u00bb, grit\u00f3 Almeida.<\/p>\n\n\n\n<p><\/p>\n\n\n\n<h3 class=\"wp-block-heading\"><strong>El ajuste a los derechos humanos: la motosierra llega a la memoria<\/strong><\/h3>\n\n\n\n<p>Detr\u00e1s de la \u00e9pica multitudinaria, hay una realidad oscura: el Gobierno desmantela sistem\u00e1ticamente los organismos que garantizan justicia. La Secretar\u00eda de Derechos Humanos fue vaciada, los sitios de memoria est\u00e1n en riesgo y ya no hay equipos para investigar archivos militares.&nbsp;<em>\u00abEste Gobierno desprecia a las v\u00edctimas\u00bb<\/em>, acus\u00f3 Adolfo P\u00e9rez Esquivel, mientras denunciaba el hambre y la entrega de recursos naturales.<\/p>\n\n\n\n<p>El caso m\u00e1s brutal es el de las Abuelas de Plaza de Mayo. Mientras Estela de Carlotto anunciaba nuevas restituciones, el Ejecutivo recortaba el 70% del presupuesto de la Conadi.&nbsp;<em>\u00abLa apropiaci\u00f3n es una desaparici\u00f3n forzada que contin\u00faa hasta que se restituya la identidad\u00bb<\/em>, record\u00f3 Carlotto, en un claro mensaje a Villarruel, quien hasta hoy cuestiona el n\u00famero de desaparecidos.<\/p>\n\n\n\n<figure class=\"wp-block-embed is-type-wp-embed is-provider-incrustado wp-block-embed-incrustado\"><div class=\"wp-block-embed__wrapper\">\n<blockquote class=\"wp-embedded-content\" data-secret=\"TJ4q9CVsWv\"><a href=\"https:\/\/www.enorsai.com\/noticias\/sociedad\/victoria-donda-ver-el-video-del-gobierno-es-una-forma-de-escupirnos-en-la-cara-a-los-que-sobrevivimos-al-horror\/\">Victoria Donda: \u00abVer el video del gobierno es una forma de escupirnos en la cara a los que sobrevivimos al horror\u00bb<\/a><\/blockquote><iframe loading=\"lazy\" class=\"wp-embedded-content\" sandbox=\"allow-scripts\" security=\"restricted\" style=\"position: absolute; visibility: hidden;\" title=\"\u00abVictoria Donda: \u00abVer el video del gobierno es una forma de escupirnos en la cara a los que sobrevivimos al horror\u00bb\u00bb \u2014 \" src=\"https:\/\/www.enorsai.com\/noticias\/sociedad\/victoria-donda-ver-el-video-del-gobierno-es-una-forma-de-escupirnos-en-la-cara-a-los-que-sobrevivimos-al-horror\/embed\/#?secret=JzALh5edgw#?secret=TJ4q9CVsWv\" data-secret=\"TJ4q9CVsWv\" width=\"600\" height=\"338\" frameborder=\"0\" marginwidth=\"0\" marginheight=\"0\" scrolling=\"no\"><\/iframe>\n<\/div><\/figure>\n\n\n\n<h3 class=\"wp-block-heading\"><strong>La provocaci\u00f3n oficial vs. la unidad popular<\/strong><\/h3>\n\n\n\n<p>Frente al escenario, una pancarta verde con la foto de Norita Corti\u00f1as \u2014fallecida en 2024\u2014 recordaba que&nbsp;<em>\u00abun pueblo unido jam\u00e1s ser\u00e1 vencido\u00bb<\/em>. La consigna no es casual: esta fue la primera marcha unificada desde 2006, con la CGT, movimientos sociales y partidos opositores marchando juntos.&nbsp;<em>\u00abEs la respuesta al ajuste y a la represi\u00f3n\u00bb<\/em>, dijo Eduardo Tavani, de la APDH.<\/p>\n\n\n\n<p>Mientras el Gobierno insiste en su relato de \u00abexcesos\u00bb \u2014como el spot de Laje o el intento de equiparar v\u00edctimas con verdugos\u2014, las calles demostraron que&nbsp;<strong>el negacionismo no pasa<\/strong>.&nbsp;<em>\u00abVi la misma luz en los ojos de los jubilados y los pibes secundarios: es la semilla que plantaron las Madres\u00bb<\/em>, reflexion\u00f3 Luis Bruschtein.<\/p>\n\n\n\n<p><\/p>\n\n\n\n<h3 class=\"wp-block-heading\"><strong>La memoria como resistencia<\/strong><\/h3>\n\n\n\n<p>A 49 a\u00f1os del golpe, el mensaje es claro: Milei puede desfinanciar organismos, ridiculizar a las v\u00edctimas y alinear su discurso con el de los genocidas, pero no podr\u00e1 borrar lo que las Madres construyeron.&nbsp;<em>\u00abNos quieren muertas, pero estamos m\u00e1s vivas que nunca\u00bb<\/em>, desafi\u00f3 Taty Almeida.<\/p>\n\n\n\n<p>La marcha del 24 no fue solo un ritual. Fue la prueba de que&nbsp;<strong>la memoria es el \u00faltimo basti\u00f3n contra el fascismo<\/strong>. Y mientras el Gobierno insiste en su revisionismo, el pueblo ya eligi\u00f3 su respuesta:&nbsp;<em>\u00abNunca M\u00e1s\u00bb no se negocia<\/em>.<\/p>\n","protected":false},"excerpt":{"rendered":"<p>A 49 a\u00f1os del golpe, una multitud hist\u00f3rica march\u00f3 contra el negacionismo de Milei. Madres y Abuelas lideraron el reclamo por Memoria, Verdad y Justicia, mientras el Gobierno recorta derechos y difunde revisionismo. La Plaza de Mayo fue el escenario de un pueblo que grit\u00f3: \u00ab\u00a130.000 presentes!\u00bb.<\/p>\n","protected":false},"author":12,"featured_media":2775,"comment_status":"open","ping_status":"open","sticky":false,"template":"","format":"standard","meta":{"_monsterinsights_skip_tracking":false,"_monsterinsights_sitenote_active":false,"_monsterinsights_sitenote_note":"","_monsterinsights_sitenote_category":0,"footnotes":"","jetpack_publicize_message":"\ud83d\udea8 #24M: EL PUEBLO LE RESPONDE A MILEI\n\nA 49 a\u00f1os del golpe, una marea humana grit\u00f3 \"\u00a130.000 presentes!\" en Plaza de Mayo.\n\n\ud83d\udd3b Milei recorta derechos humanos y difunde negacionismo.\n\ud83d\udd3b Las Abuelas denuncian el desguace de la Conadi.\n\ud83d\udd3b La memoria es resistencia.","jetpack_publicize_feature_enabled":true,"jetpack_social_post_already_shared":false,"jetpack_social_options":{"image_generator_settings":{"template":"highway","enabled":false},"version":2}},"categories":[4],"tags":[1036,58,78,207,1035,97,45,801,1037,137],"class_list":["post-2774","post","type-post","status-publish","format-standard","has-post-thumbnail","hentry","category-sociedad","tag-abuelas","tag-ajuste","tag-derechos-humanos","tag-dictadura","tag-madres","tag-memoria","tag-milei","tag-negacionismo","tag-plazademayo","tag-resistencia"],"jetpack_publicize_connections":[],"_links":{"self":[{"href":"https:\/\/www.enorsai.com\/noticias\/wp-json\/wp\/v2\/posts\/2774","targetHints":{"allow":["GET"]}}],"collection":[{"href":"https:\/\/www.enorsai.com\/noticias\/wp-json\/wp\/v2\/posts"}],"about":[{"href":"https:\/\/www.enorsai.com\/noticias\/wp-json\/wp\/v2\/types\/post"}],"author":[{"embeddable":true,"href":"https:\/\/www.enorsai.com\/noticias\/wp-json\/wp\/v2\/users\/12"}],"replies":[{"embeddable":true,"href":"https:\/\/www.enorsai.com\/noticias\/wp-json\/wp\/v2\/comments?post=2774"}],"version-history":[{"count":1,"href":"https:\/\/www.enorsai.com\/noticias\/wp-json\/wp\/v2\/posts\/2774\/revisions"}],"predecessor-version":[{"id":2776,"href":"https:\/\/www.enorsai.com\/noticias\/wp-json\/wp\/v2\/posts\/2774\/revisions\/2776"}],"wp:featuredmedia":[{"embeddable":true,"href":"https:\/\/www.enorsai.com\/noticias\/wp-json\/wp\/v2\/media\/2775"}],"wp:attachment":[{"href":"https:\/\/www.enorsai.com\/noticias\/wp-json\/wp\/v2\/media?parent=2774"}],"wp:term":[{"taxonomy":"category","embeddable":true,"href":"https:\/\/www.enorsai.com\/noticias\/wp-json\/wp\/v2\/categories?post=2774"},{"taxonomy":"post_tag","embeddable":true,"href":"https:\/\/www.enorsai.com\/noticias\/wp-json\/wp\/v2\/tags?post=2774"}],"curies":[{"name":"wp","href":"https:\/\/api.w.org\/{rel}","templated":true}]}}