{"id":2770,"date":"2025-03-25T05:36:13","date_gmt":"2025-03-25T08:36:13","guid":{"rendered":"https:\/\/www.enorsai.com\/noticias\/?p=2770"},"modified":"2025-03-25T05:36:13","modified_gmt":"2025-03-25T08:36:13","slug":"la-clase-media-cordobesa-en-crisis-el-desmoronamiento-de-sus-propios-votantes-bajo-el-ajuste-de-milei","status":"publish","type":"post","link":"https:\/\/www.enorsai.com\/noticias\/sociedad\/la-clase-media-cordobesa-en-crisis-el-desmoronamiento-de-sus-propios-votantes-bajo-el-ajuste-de-milei\/","title":{"rendered":"La clase media cordobesa en crisis: El desmoronamiento de sus propios votantes bajo el ajuste de Milei"},"content":{"rendered":"\n<p><em>El aumento del 12% en el Boleto Educativo Gratuito y el colapso del poder adquisitivo revelan el fracaso de las pol\u00edticas nacionales. Mientras el Gobierno recorta, C\u00f3rdoba intenta contener la hemorragia.<\/em> <\/p>\n\n\n\n<p>La demanda del subsidio al transporte estudiantil se dispara como term\u00f3metro de una clase media que ya no puede pagar lo b\u00e1sico. Con inflaci\u00f3n galopante y sin apoyo de la Naci\u00f3n, las familias migran de la educaci\u00f3n privada a la p\u00fablica. \u00bfHasta cu\u00e1ndo aguantar\u00e1 la provincia?<\/p>\n\n\n\n<h3 class=\"wp-block-heading\"><strong>El derrumbe silencioso: cuando el boleto educativo es la \u00fanica salida<\/strong><\/h3>\n\n\n\n<p>Los n\u00fameros no mienten, pero el Gobierno nacional parece no querer escucharlos. En C\u00f3rdoba, el Boleto Educativo Gratuito \u2014ese salvavidas para miles de familias\u2014 registr\u00f3 un aumento del 12% en su demanda durante 2024. Detr\u00e1s de esta cifra fr\u00eda hay un drama social palpable: la clase media ya no puede sostener los gastos que antes daba por sentados. Transporte privado, colegios pagos, actividades extracurriculares\u2026 todo se desvanece bajo el peso de una inflaci\u00f3n que devora salarios y subsidios.<\/p>\n\n\n\n<p>Marcelo Rodio, secretario de Transporte de la Provincia, lo dice sin eufemismos: <em>\u00abLa situaci\u00f3n econ\u00f3mica golpea a cada familia argentina, pero especialmente a la clase trabajadora\u00bb<\/em>. Lo que no dice \u2014pero se lee entre l\u00edneas\u2014 es que el ajuste brutal impulsado por Javier Milei ha acelerado este descalabro. Mientras el Estado nacional estrangula las transferencias a las provincias, C\u00f3rdoba se ve obligada a destinar 63.500 millones de pesos para cubrir un programa que, en teor\u00eda, deber\u00eda ser una red de contenci\u00f3n, no un s\u00edntoma de emergencia.<\/p>\n\n\n\n<h3 class=\"wp-block-heading\"><strong>Del colegio privado al p\u00fablico: la migraci\u00f3n forzada<\/strong><\/h3>\n\n\n\n<p>El dato m\u00e1s revelador \u2014y doloroso\u2014 est\u00e1 en las aulas. De los 346.700 alumnos secundarios en la provincia, m\u00e1s de 208.600 asisten a escuelas p\u00fablicas. Pero lo alarmante es que, de ese total, 115.000 j\u00f3venes dependen hoy del boleto subsidiado. Es decir: <strong>casi un tercio de los estudiantes de nivel medio no podr\u00eda llegar a clases sin ayuda estatal<\/strong>. Si el c\u00e1lculo se reduce solo a los que van a instituciones p\u00fablicas, la cifra supera el 50%.<\/p>\n\n\n\n<p>\u00bfQu\u00e9 significa esto? Simple: familias que antes pagaban transporte escolar o llevaban a sus hijos en auto ahora dependen de un subsidio. Padres que eligieron la educaci\u00f3n privada como s\u00edmbolo de ascenso social hoy no tienen m\u00e1s remedio que trasladarlos a la escuela p\u00fablica. El sue\u00f1o de la clase media se resquebraja, y el Gobierno nacional mira para otro lado.<\/p>\n\n\n\n<figure class=\"wp-block-embed is-type-wp-embed is-provider-incrustado wp-block-embed-incrustado\"><div class=\"wp-block-embed__wrapper\">\n<blockquote class=\"wp-embedded-content\" data-secret=\"8XlaBNXs8y\"><a href=\"https:\/\/www.enorsai.com\/noticias\/politica\/historiador-destruyo-a-agustin-laje-las-manipulaciones-del-gobierno-de-milei-sobre-el-24-de-marzo\/\">Historiador destruy\u00f3 a Agust\u00edn Laje: Las manipulaciones del gobierno de Milei sobre el 24 de marzo<\/a><\/blockquote><iframe loading=\"lazy\" class=\"wp-embedded-content\" sandbox=\"allow-scripts\" security=\"restricted\" style=\"position: absolute; visibility: hidden;\" title=\"\u00abHistoriador destruy\u00f3 a Agust\u00edn Laje: Las manipulaciones del gobierno de Milei sobre el 24 de marzo\u00bb \u2014 \" src=\"https:\/\/www.enorsai.com\/noticias\/politica\/historiador-destruyo-a-agustin-laje-las-manipulaciones-del-gobierno-de-milei-sobre-el-24-de-marzo\/embed\/#?secret=nTV8V8CW01#?secret=8XlaBNXs8y\" data-secret=\"8XlaBNXs8y\" width=\"600\" height=\"338\" frameborder=\"0\" marginwidth=\"0\" marginheight=\"0\" scrolling=\"no\"><\/iframe>\n<\/div><\/figure>\n\n\n\n<h3 class=\"wp-block-heading\"><strong>El doble est\u00e1ndar de Milei: subsidios para el AMBA, migajas para el interior<\/strong><\/h3>\n\n\n\n<p>Rodio no disimula su enojo: <em>\u00abMientras el Gobierno nacional env\u00eda 74.000 millones mensuales para subsidiar el transporte en el AMBA, a C\u00f3rdoba no llega ni un peso\u00bb<\/em>. La denuncia no es menor. Expone la hipocres\u00eda de un discurso que pregona el \u00abajuste responsable\u00bb pero mantiene privilegios para unos pocos. El conurbano bonaerense sigue siendo el gran beneficiario de la pauta fiscal, mientras las provincias del interior \u2014gobernadas muchas por aliados del oficialismo\u2014 son abandonadas a su suerte.<\/p>\n\n\n\n<p>El gobernador Mart\u00edn Llaryora, lejos del relato confrontativo de otros peronistas, ha cumplido con cada exigencia de ajuste que le impusieron desde Naci\u00f3n. Sin embargo, la esperada \u00abreciprocidad\u00bb nunca lleg\u00f3. Ahora, la pulseada por los fondos de la Caja de Jubilaciones provincial promete escalar, pero mientras tanto, las cuentas no cierran: el Paicor, el programa de asistencia alimentaria escolar, proyecta un aumento del <strong>325% en su presupuesto para 2025<\/strong>. Es decir, donde Milei recorta, la pobreza se expande.<\/p>\n\n\n\n<figure class=\"wp-block-image size-full\"><img loading=\"lazy\" decoding=\"async\" width=\"700\" height=\"467\" src=\"https:\/\/www.enorsai.com\/noticias\/wp-content\/uploads\/2025\/03\/ballotaje-2023.png\" alt=\"\" class=\"wp-image-2771\" srcset=\"https:\/\/www.enorsai.com\/noticias\/wp-content\/uploads\/2025\/03\/ballotaje-2023.png 700w, https:\/\/www.enorsai.com\/noticias\/wp-content\/uploads\/2025\/03\/ballotaje-2023-300x200.png 300w\" sizes=\"auto, (max-width: 700px) 100vw, 700px\" \/><\/figure>\n\n\n\n<h3 class=\"wp-block-heading\"><strong>\u00bfQui\u00e9n paga los platos rotos?<\/strong><\/h3>\n\n\n\n<p>La crisis de la clase media cordobesa no es un accidente, sino la consecuencia directa de un modelo econ\u00f3mico que sacrifica derechos en nombre de un d\u00e9ficit cero ficticio. El boleto educativo es solo la punta del iceberg: detr\u00e1s vienen el desempleo, la ca\u00edda del consumo y una generaci\u00f3n entera condenada a perder lo que sus padres conquistaron.<\/p>\n\n\n\n<p>Milei puede seguir negando la realidad con frases hechas y ataques a la \u00abcasta\u00bb, pero en C\u00f3rdoba \u2014como en el resto del pa\u00eds\u2014 los n\u00fameros gritan lo que el Presidente se niega a o\u00edr: <strong>su ajuste no est\u00e1 matando el d\u00e9ficit, est\u00e1 matando el futuro<\/strong>. Y mientras tanto, Llaryora se queda solo, intentando poner parches a una herida que ya es estructural.<\/p>\n\n\n\n<p>La pregunta que queda flotando es inc\u00f3moda pero necesaria: \u00bfCu\u00e1nto m\u00e1s podr\u00e1 aguantar la provincia antes de que el colapso sea irreversible?<\/p>\n\n\n\n<p>Fuente:<\/p>\n\n\n\n<ul class=\"wp-block-list\">\n<li><a href=\"https:\/\/www.lapoliticaonline.com\/cordoba\/se-derrumbo-la-clase-media-cordobesa-crecio-12-el-boleto-educativo-gratuito\/\">https:\/\/www.lapoliticaonline.com\/cordoba\/se-derrumbo-la-clase-media-cordobesa-crecio-12-el-boleto-educativo-gratuito\/<\/a><\/li>\n<\/ul>\n\n\n\n<p><\/p>\n","protected":false},"excerpt":{"rendered":"<p>La clase media cordobesa se derrumba: el Boleto Educativo Gratuito aument\u00f3 un 12% en 2024. Familias que antes pagaban transporte escolar ahora dependen del Estado. Mientras Milei recorta subsidios al interior, C\u00f3rdoba lucha por sostener derechos b\u00e1sicos. El ajuste nacional profundiza la crisis social.<\/p>\n","protected":false},"author":1,"featured_media":2772,"comment_status":"open","ping_status":"open","sticky":false,"template":"","format":"standard","meta":{"_monsterinsights_skip_tracking":false,"_monsterinsights_sitenote_active":false,"_monsterinsights_sitenote_note":"","_monsterinsights_sitenote_category":0,"footnotes":"","jetpack_publicize_message":"\ud83d\udea8 \u00a1Alerta crisis en C\u00f3rdoba! \ud83d\udea8\n\nLa clase media se desploma: el Boleto Educativo Gratuito aument\u00f3 12% en 2024. Familias que antes pagaban colegios privados ahora dependen del Estado. \ud83d\udd25 Mientras Milei recorta subsidios al interior, la provincia intenta frenar el desastre.","jetpack_publicize_feature_enabled":true,"jetpack_social_post_already_shared":false,"jetpack_social_options":{"image_generator_settings":{"template":"highway","enabled":false},"version":2}},"categories":[4],"tags":[58,1034,204,43,276,227,45,475,915,914],"class_list":["post-2770","post","type-post","status-publish","format-standard","has-post-thumbnail","hentry","category-sociedad","tag-ajuste","tag-clase-media","tag-cordoba","tag-crisis","tag-educacion","tag-inflacion","tag-milei","tag-pobreza","tag-subsidios","tag-transporte"],"jetpack_publicize_connections":[],"_links":{"self":[{"href":"https:\/\/www.enorsai.com\/noticias\/wp-json\/wp\/v2\/posts\/2770","targetHints":{"allow":["GET"]}}],"collection":[{"href":"https:\/\/www.enorsai.com\/noticias\/wp-json\/wp\/v2\/posts"}],"about":[{"href":"https:\/\/www.enorsai.com\/noticias\/wp-json\/wp\/v2\/types\/post"}],"author":[{"embeddable":true,"href":"https:\/\/www.enorsai.com\/noticias\/wp-json\/wp\/v2\/users\/1"}],"replies":[{"embeddable":true,"href":"https:\/\/www.enorsai.com\/noticias\/wp-json\/wp\/v2\/comments?post=2770"}],"version-history":[{"count":1,"href":"https:\/\/www.enorsai.com\/noticias\/wp-json\/wp\/v2\/posts\/2770\/revisions"}],"predecessor-version":[{"id":2773,"href":"https:\/\/www.enorsai.com\/noticias\/wp-json\/wp\/v2\/posts\/2770\/revisions\/2773"}],"wp:featuredmedia":[{"embeddable":true,"href":"https:\/\/www.enorsai.com\/noticias\/wp-json\/wp\/v2\/media\/2772"}],"wp:attachment":[{"href":"https:\/\/www.enorsai.com\/noticias\/wp-json\/wp\/v2\/media?parent=2770"}],"wp:term":[{"taxonomy":"category","embeddable":true,"href":"https:\/\/www.enorsai.com\/noticias\/wp-json\/wp\/v2\/categories?post=2770"},{"taxonomy":"post_tag","embeddable":true,"href":"https:\/\/www.enorsai.com\/noticias\/wp-json\/wp\/v2\/tags?post=2770"}],"curies":[{"name":"wp","href":"https:\/\/api.w.org\/{rel}","templated":true}]}}